{"id":146493,"date":"2025-10-13T08:30:49","date_gmt":"2025-10-13T13:30:49","guid":{"rendered":"https:\/\/elcuartopoder.com.mx\/nw\/?p=146493"},"modified":"2025-10-13T08:30:51","modified_gmt":"2025-10-13T13:30:51","slug":"zidane-quiere-entrenar-a-la-seleccion-francesa-en-el-futuro","status":"publish","type":"post","link":"http:\/\/elcuartopoder.com.mx\/nw\/entretenimiento\/deportes\/zidane-quiere-entrenar-a-la-seleccion-francesa-en-el-futuro\/","title":{"rendered":"Zidane quiere entrenar a la selecci\u00f3n francesa \u00aben el futuro\u00bb"},"content":{"rendered":"\n<p>La leyenda del f\u00fatbol franc\u00e9s Zinedine Zidane insisti\u00f3 este domingo en que tiene ganas de entrenar a su selecci\u00f3n \u00aben el futuro\u00bb, aunque subray\u00f3 que no tiene ninguna certeza al respecto.<\/p>\n\n\n\n<p>\u00abEstoy seguro de que volver\u00e9 a entrenar\u00bb, declar\u00f3 Zidane en Roma durante el Festival del Deporte, organizado por el diario deportivo italiano La Gazzetta dello Sport.<\/p>\n\n\n\n<p>\u00abEn el futuro, y no estoy diciendo que vaya a suceder ahora, lo que quiero alg\u00fan d\u00eda es entrenar a la selecci\u00f3n nacional (francesa). Ya veremos\u00bb, a\u00f1adi\u00f3 el campe\u00f3n del mundo en 1998 y campe\u00f3n de Europa en 2000 (108 apariciones, 31 goles).<\/p>\n\n\n\n<p>Zidane, de 53 a\u00f1os, es el gran favorito para suceder a Didier Deschamps, quien dejar\u00e1 su puesto como seleccionador del equipo de Francia, que ocupa desde mediados de 2012, despu\u00e9s del Mundial 2026, si los Bleus se clasifican.<\/p>\n\n\n\n<p>Zidane puso su carrera de entrenador en pausa tras su salida del Real Madrid, donde fue entrenador de 2016 a 2018 y de 2019 a 2021, con quien gan\u00f3 dos t\u00edtulos de campe\u00f3n de Espa\u00f1a (2017, 2020) y tres Ligas de Campeones consecutivas (2016, 2017, 2018).<\/p>\n\n\n\n<p>Para ser un buen entrenador, explic\u00f3 Zidane, \u00ablo m\u00e1s importante es tener la pasi\u00f3n por el f\u00fatbol y tener las ganas de transmitir algo a tus jugadores, lo que llevas dentro de ti, en lo m\u00e1s profundo de ti\u00bb.<\/p>\n\n\n\n<p>\u00abUn entrenador tiene un papel importante en los \u00e9xitos de su equipo, es el 80%&#8230; Transmite su energ\u00eda, su deseo de hacer las cosas bien\u00bb, continu\u00f3 el antiguo jugador de Cannes (1988-92), Burdeos (1992-96), Juventus (1996-2001) y Real Madrid (2001-06).<\/p>\n\n\n\n<p>Fuente: el econ\u00f3mica<\/p>\n","protected":false},"excerpt":{"rendered":"<p>La leyenda del f\u00fatbol franc\u00e9s Zinedine Zidane insisti\u00f3 este domingo en que tiene ganas de entrenar a su selecci\u00f3n \u00aben el futuro\u00bb, aunque subray\u00f3 que no tiene ninguna certeza al respecto. \u00abEstoy seguro de que volver\u00e9 a entrenar\u00bb, declar\u00f3 Zidane en Roma durante el Festival del Deporte, organizado por el diario deportivo italiano La Gazzetta [&hellip;]<\/p>\n","protected":false},"author":2,"featured_media":146494,"comment_status":"open","ping_status":"open","sticky":false,"template":"","format":"standard","meta":{"footnotes":""},"categories":[7],"tags":[],"class_list":["post-146493","post","type-post","status-publish","format-standard","has-post-thumbnail","hentry","category-deportes"],"_links":{"self":[{"href":"http:\/\/elcuartopoder.com.mx\/nw\/wp-json\/wp\/v2\/posts\/146493","targetHints":{"allow":["GET"]}}],"collection":[{"href":"http:\/\/elcuartopoder.com.mx\/nw\/wp-json\/wp\/v2\/posts"}],"about":[{"href":"http:\/\/elcuartopoder.com.mx\/nw\/wp-json\/wp\/v2\/types\/post"}],"author":[{"embeddable":true,"href":"http:\/\/elcuartopoder.com.mx\/nw\/wp-json\/wp\/v2\/users\/2"}],"replies":[{"embeddable":true,"href":"http:\/\/elcuartopoder.com.mx\/nw\/wp-json\/wp\/v2\/comments?post=146493"}],"version-history":[{"count":1,"href":"http:\/\/elcuartopoder.com.mx\/nw\/wp-json\/wp\/v2\/posts\/146493\/revisions"}],"predecessor-version":[{"id":146495,"href":"http:\/\/elcuartopoder.com.mx\/nw\/wp-json\/wp\/v2\/posts\/146493\/revisions\/146495"}],"wp:featuredmedia":[{"embeddable":true,"href":"http:\/\/elcuartopoder.com.mx\/nw\/wp-json\/wp\/v2\/media\/146494"}],"wp:attachment":[{"href":"http:\/\/elcuartopoder.com.mx\/nw\/wp-json\/wp\/v2\/media?parent=146493"}],"wp:term":[{"taxonomy":"category","embeddable":true,"href":"http:\/\/elcuartopoder.com.mx\/nw\/wp-json\/wp\/v2\/categories?post=146493"},{"taxonomy":"post_tag","embeddable":true,"href":"http:\/\/elcuartopoder.com.mx\/nw\/wp-json\/wp\/v2\/tags?post=146493"}],"curies":[{"name":"wp","href":"https:\/\/api.w.org\/{rel}","templated":true}]}}