{"id":146496,"date":"2025-10-13T08:34:17","date_gmt":"2025-10-13T13:34:17","guid":{"rendered":"https:\/\/elcuartopoder.com.mx\/nw\/?p=146496"},"modified":"2025-10-13T08:34:18","modified_gmt":"2025-10-13T13:34:18","slug":"la-fortuna-de-jose-ramiro-lopez-obrador-tiene-13-ranchos-y-8-los-compro-cuando-amlo-fue-presidente","status":"publish","type":"post","link":"http:\/\/elcuartopoder.com.mx\/nw\/editorial\/la-fortuna-de-jose-ramiro-lopez-obrador-tiene-13-ranchos-y-8-los-compro-cuando-amlo-fue-presidente\/","title":{"rendered":"La fortuna de Jos\u00e9 Ramiro L\u00f3pez Obrador: Tiene 13 ranchos y 8 los compr\u00f3 cuando AMLO fue presidente"},"content":{"rendered":"\n<p>De acuerdo con su declaraci\u00f3n patrimonial, las propiedades de Jos\u00e9 Ramiro L\u00f3pez Obrador est\u00e1n valuadas en conjunto en m\u00e1s de 8.6 millones de pesos.<\/p>\n\n\n\n<p>De los 13 ranchos que posee el actual secretario de\u00a0<strong>Gobierno de Tabasco<\/strong>,\u00a0Jos\u00e9 Ramiro \u201cPep\u00edn\u201d L\u00f3pez Obrador, ocho fueron adquiridos entre<strong>\u00a02018 y 2024<\/strong>, periodo en el que su\u00a0hermano Andr\u00e9s Manuel L\u00f3pez Obrador\u00a0ocup\u00f3 la\u00a0<strong>Presidencia de la Rep\u00fablica.<\/strong><\/p>\n\n\n\n<p>De acuerdo con su\u00a0<strong>declaraci\u00f3n patrimonial<\/strong>\u00a0disponible en el portal de la\u00a0Secretar\u00eda Anticorrupci\u00f3n y Buen Gobierno\u00a0de Tabasco, estas propiedades est\u00e1n valuadas en conjunto en m\u00e1s de 8.6 millones de pesos, de acuerdo con documentos patrimoniales consultados.<\/p>\n\n\n\n<p>Sin embargo, fue en el sexenio pasado cuando compr\u00f3 ocho propiedades rurales, por las que pag\u00f3 alrededor de 6 millones 258 mil pesos, la mayor\u00eda en efectivo y de contado.<\/p>\n\n\n\n<p>Durante ese mismo lapso,\u00a0\u201cPep\u00edn\u201d L\u00f3pez Obrador\u00a0solo tuvo un empleo formal: se desempe\u00f1\u00f3 como\u00a0<strong>subsecretario de Asuntos Fronterizos y Derechos Humanos<\/strong>, en la\u00a0administraci\u00f3n de Ad\u00e1n Augusto L\u00f3pez Hern\u00e1ndez, cargo que ocup\u00f3 por 22 meses.<\/p>\n\n\n\n<h2 class=\"wp-block-heading\">\u00bfQu\u00e9 se sabe de los ranchos de \u2018Pep\u00edn\u2019 L\u00f3pez Obrador?<\/h2>\n\n\n\n<p>Entre sus compras m\u00e1s recientes destaca un rancho adquirido en 2023, de 390 mil metros cuadrados, por el que pag\u00f3 3 millones de pesos; otro, del mismo a\u00f1o, con una extensi\u00f3n de 290 mil metros, le cost\u00f3 465 mil pesos; y uno m\u00e1s, comprado en 2022, de 165 mil metros cuadrados, por 350 mil pesos.<\/p>\n\n\n\n<p>En el a\u00f1o 2020,\u00a0\u201cPep\u00edn\u201d L\u00f3pez Obrador realiz\u00f3 al menos tres adquisiciones: un terreno de 150 mil metros cuadrados por 1.2 millones de pesos, otro de 212 mil 500 metros cuadrados por 543 mil pesos, y un predio de 580 mil metros cuadrados por 462 mil pesos.<\/p>\n\n\n\n<h2 class=\"wp-block-heading\">\u00bfQu\u00e9 cargos p\u00fablicos ha ocupado el hermano de AMLO?<\/h2>\n\n\n\n<p>El periodista&nbsp;<strong>Audelino Macario<\/strong>, comparti\u00f3 en la red social X un recuento de los datos contenidos en la declaraci\u00f3n del funcionario estatal y llam\u00f3 la atenci\u00f3n en que las otras cinco propiedades las compr\u00f3 entre 2010 y 2016, a\u00f1os despu\u00e9s de ser presidente municipal de Macuspana (per\u00edodo 2004-2006), el otro \u00fanico cargo p\u00fablico que ha ocupado en toda su carrera pol\u00edtica.<\/p>\n\n\n\n<p>Con esas adquisiciones sum\u00f3 m\u00e1s de dos millones de pesos adicionales en operaciones de compraventa. De hecho, su primer terreno \u201cr\u00fastico\u201d lo adquiri\u00f3 en 1992, con una extensi\u00f3n de apenas 360 metros cuadrados, por el que pag\u00f3 200 mil pesos.<\/p>\n\n\n\n<p>\u201cY es que con todo y que \u2018Pep\u00edn\u2019 ha pasado la mayor parte de su vida \u2018en la banca\u2019, el dinero en efectivo, contante y sonante, parece que no es un problema para \u00e9l\u201d, resalt\u00f3 Macario.<\/p>\n\n\n\n<p>Adem\u00e1s, mientras\u00a0Jos\u00e9 Ramiro coordinaba la campa\u00f1a a la gubernatura del propio Javier May Rodr\u00edguez, el 10 de marzo de 2024, acudi\u00f3 a una agencia Massey Ferguson para adquirir un tractor modelo 285 del a\u00f1o, con un valor de 1.2 millones de pesos, pagado igualmente en efectivo.<\/p>\n\n\n\n<p>La declaraci\u00f3n patrimonial inicial presentada el 30 de noviembre de 2024, indica que este no report\u00f3 otros ingresos ni empresas, y reconoci\u00f3 que en 2023 no tuvo empleo alguno.<\/p>\n\n\n\n<p>Para mayo de 2025, en que se actualiz\u00f3 el documento, tampoco se suma ning\u00fan otro ingreso, a excepci\u00f3n de su salario mensual de 89 mil pesos como secretario de Gobierno, equivalente a poco m\u00e1s de un mill\u00f3n 68 mil pesos al a\u00f1o, lo que no alcanzar\u00eda cubrir el costo del tractor.<\/p>\n\n\n\n<h2 class=\"wp-block-heading\">Hermano de AMLO tambi\u00e9n es ganadero como Ad\u00e1n Augusto<\/h2>\n\n\n\n<p>Adem\u00e1s, al igual que el senador Ad\u00e1n Augusto L\u00f3pez Hern\u00e1ndez, tambi\u00e9n reporta tener\u00a0<strong>ganado<\/strong>, pero las ganancias que obtiene por la actividad pecuaria son inciertas.<\/p>\n\n\n\n<p>Lo \u00fanico que se sabe, con base en lo declarado, es que en 2004, justamente en su primer a\u00f1o como alcalde, el macuspanense compr\u00f3&nbsp;<strong>694 cabezas de ganado<\/strong>, por un valor de 10.4 millones de pesos.<\/p>\n\n\n\n<p>Audelino Macario cuestion\u00f3 esto en su mensaje en redes sociales al se\u00f1alar que el segundo a bordo del gobierno estatal tambi\u00e9n funge como proveedor en uno de los programas estrella de la actual administraci\u00f3n.<\/p>\n\n\n\n<p>\u201cHay otras cosas extra\u00f1as en la evoluci\u00f3n patrimonial de este ranchero morenista. Como sus compras de ganado y las ventas de reses que realiza (y que no declara) como proveedor de un programa gubernamental, el de \u201dcr\u00e9dito ganadero a la palabra\u201d, afirm\u00f3.<\/p>\n\n\n\n<p>Finalmente, se se\u00f1ala en la<strong>\u00a0declaraci\u00f3n patrimonial que Jos\u00e9 Ramiro L\u00f3pez\u00a0<\/strong>posee tres cuentas bancarias de ahorro, incluida una en el Banco del Bienestar, aunque los montos se mantienen como informaci\u00f3n clasificada.<\/p>\n\n\n\n<p>Fuente: el financiero<\/p>\n","protected":false},"excerpt":{"rendered":"<p>De acuerdo con su declaraci\u00f3n patrimonial, las propiedades de Jos\u00e9 Ramiro L\u00f3pez Obrador est\u00e1n valuadas en conjunto en m\u00e1s de 8.6 millones de pesos. De los 13 ranchos que posee el actual secretario de\u00a0Gobierno de Tabasco,\u00a0Jos\u00e9 Ramiro \u201cPep\u00edn\u201d L\u00f3pez Obrador, ocho fueron adquiridos entre\u00a02018 y 2024, periodo en el que su\u00a0hermano Andr\u00e9s Manuel L\u00f3pez Obrador\u00a0ocup\u00f3 [&hellip;]<\/p>\n","protected":false},"author":2,"featured_media":146497,"comment_status":"open","ping_status":"open","sticky":false,"template":"","format":"standard","meta":{"footnotes":""},"categories":[63],"tags":[],"class_list":["post-146496","post","type-post","status-publish","format-standard","has-post-thumbnail","hentry","category-editorial"],"_links":{"self":[{"href":"http:\/\/elcuartopoder.com.mx\/nw\/wp-json\/wp\/v2\/posts\/146496","targetHints":{"allow":["GET"]}}],"collection":[{"href":"http:\/\/elcuartopoder.com.mx\/nw\/wp-json\/wp\/v2\/posts"}],"about":[{"href":"http:\/\/elcuartopoder.com.mx\/nw\/wp-json\/wp\/v2\/types\/post"}],"author":[{"embeddable":true,"href":"http:\/\/elcuartopoder.com.mx\/nw\/wp-json\/wp\/v2\/users\/2"}],"replies":[{"embeddable":true,"href":"http:\/\/elcuartopoder.com.mx\/nw\/wp-json\/wp\/v2\/comments?post=146496"}],"version-history":[{"count":1,"href":"http:\/\/elcuartopoder.com.mx\/nw\/wp-json\/wp\/v2\/posts\/146496\/revisions"}],"predecessor-version":[{"id":146498,"href":"http:\/\/elcuartopoder.com.mx\/nw\/wp-json\/wp\/v2\/posts\/146496\/revisions\/146498"}],"wp:featuredmedia":[{"embeddable":true,"href":"http:\/\/elcuartopoder.com.mx\/nw\/wp-json\/wp\/v2\/media\/146497"}],"wp:attachment":[{"href":"http:\/\/elcuartopoder.com.mx\/nw\/wp-json\/wp\/v2\/media?parent=146496"}],"wp:term":[{"taxonomy":"category","embeddable":true,"href":"http:\/\/elcuartopoder.com.mx\/nw\/wp-json\/wp\/v2\/categories?post=146496"},{"taxonomy":"post_tag","embeddable":true,"href":"http:\/\/elcuartopoder.com.mx\/nw\/wp-json\/wp\/v2\/tags?post=146496"}],"curies":[{"name":"wp","href":"https:\/\/api.w.org\/{rel}","templated":true}]}}