{"id":146504,"date":"2025-10-13T08:48:27","date_gmt":"2025-10-13T13:48:27","guid":{"rendered":"https:\/\/elcuartopoder.com.mx\/nw\/?p=146504"},"modified":"2025-10-13T08:48:30","modified_gmt":"2025-10-13T13:48:30","slug":"cumpleanos-90-de-luciano-pavarotti-asi-es-la-casa-donde-murio-el-tenor-en-modena-fotos","status":"publish","type":"post","link":"http:\/\/elcuartopoder.com.mx\/nw\/entretenimiento\/espectaculos\/cumpleanos-90-de-luciano-pavarotti-asi-es-la-casa-donde-murio-el-tenor-en-modena-fotos\/","title":{"rendered":"Cumplea\u00f1os 90 de Luciano Pavarotti: As\u00ed es la casa donde muri\u00f3 el tenor en M\u00f3dena (Fotos)"},"content":{"rendered":"\n<p>Luciano Pavarotti fue un hist\u00f3rico tenor que populariz\u00f3 la \u00f3pera y que dej\u00f3 un legado cultural y musical que puedes apreciar si visitas su Museo Casa.<\/p>\n\n\n\n<p>Luciano Pavarotti\u00a0no solo fue un c\u00e9lebre tenor italiano, nacido hace 90 a\u00f1os en la bella ciudad de M\u00f3dena, en la regi\u00f3n de la Emilia-Romagna. Su voz, su carisma y su talento le permitieron ser un \u00edcono de la cultura mundial que\u00a0<strong>populariz\u00f3 la \u00f3pera y abog\u00f3 por causas humanitarias<\/strong>.<\/p>\n\n\n\n<p>Pavarotti naci\u00f3 el 12 de octubre de 1935 en las afueras de M\u00f3dena, en\u00a0la regi\u00f3n de Emilia-Romagna, Italia. Su camino hacia la \u00f3pera fue en gran parte por su padre, Fernando Pavarotti, un panadero y tenor amateur, quien abandon\u00f3 la idea de ser cantante, pero le hered\u00f3 el amor musical a su hijo.<\/p>\n\n\n\n<p>Su familia fue humilde y\u00a0<strong>en la Segunda Guerra Mundial fueron expulsados de la ciudad<\/strong>, y pasaron un tiempo en la zona rural. Esa experiencia marc\u00f3 su infancia, junto con el amor por la naturaleza y los animales, que m\u00e1s tarde se reflejar\u00eda en su pasi\u00f3n por los caballos.<\/p>\n\n\n\n<figure class=\"wp-block-image size-large\"><img loading=\"lazy\" decoding=\"async\" width=\"768\" height=\"1024\" src=\"https:\/\/elcuartopoder.com.mx\/nw\/wp-content\/uploads\/2025\/10\/5FVHID7U6ZFKNHMDCE2UODYD3U-768x1024.png\" alt=\"\" class=\"wp-image-146505\" srcset=\"http:\/\/elcuartopoder.com.mx\/nw\/wp-content\/uploads\/2025\/10\/5FVHID7U6ZFKNHMDCE2UODYD3U-768x1023.png 768w, http:\/\/elcuartopoder.com.mx\/nw\/wp-content\/uploads\/2025\/10\/5FVHID7U6ZFKNHMDCE2UODYD3U-225x300.png 225w, http:\/\/elcuartopoder.com.mx\/nw\/wp-content\/uploads\/2025\/10\/5FVHID7U6ZFKNHMDCE2UODYD3U-1153x1536.png 1153w, http:\/\/elcuartopoder.com.mx\/nw\/wp-content\/uploads\/2025\/10\/5FVHID7U6ZFKNHMDCE2UODYD3U-696x927.png 696w, http:\/\/elcuartopoder.com.mx\/nw\/wp-content\/uploads\/2025\/10\/5FVHID7U6ZFKNHMDCE2UODYD3U.png 1200w\" sizes=\"auto, (max-width: 768px) 100vw, 768px\" \/><\/figure>\n\n\n\n<h2 class=\"wp-block-heading\">\u00bfC\u00f3mo inici\u00f3 Luciano Pavarotti en la \u00f3pera?<\/h2>\n\n\n\n<p>Luego de haberse graduado como docente y haber sido maestro de primaria, Pavarotti inici\u00f3 su formaci\u00f3n vocal con profesores locales, cant\u00f3 en el coro de&nbsp;<strong>la catedral de M\u00f3dena<\/strong>&nbsp;de ni\u00f1o y despu\u00e9s estudi\u00f3 con Arrigo Pola.<\/p>\n\n\n\n<p><strong>Debut\u00f3 profesionalmente en la \u00f3pera en 1961<\/strong>, interpretando\u00a0<em>Rodolfo en La Boh\u00e8me<\/em>\u00a0en Reggio Emilia, como se puede observar en un recorte period\u00edstico exhibido en su casa-museo.<\/p>\n\n\n\n<figure class=\"wp-block-image is-resized\"><img decoding=\"async\" src=\"https:\/\/www.elfinanciero.com.mx\/resizer\/v2\/A3742OTCRJHGBPSFCMAZJ2JBYM.jpg?auth=5f76bb9405d78656ca4cc765ea7ae131a8dfb90ab2f7891a06f08b0b607d30de&amp;width=400&amp;height=533&amp;quality=85\" alt=\"alt default\" style=\"width:726px;height:auto\"\/><figcaption class=\"wp-element-caption\">La nota period\u00edstica del descubrimiento del tenor italiano se exhibe en su museo. (Foto: Manuel Sebreros)<\/figcaption><\/figure>\n\n\n\n<p>A lo largo de los a\u00f1os, sus actuaciones lo llevaron por los grandes teatros de Europa, Estados Unidos y el mundo entero, consagr\u00e1ndose como uno de los\u00a0<strong>mejores tenores del Siglo XX<\/strong>. Fue tambi\u00e9n muy conocido por formar parte de los Tres Tenores, junto a\u00a0Pl\u00e1cido Domingo\u00a0y Jos\u00e9 Carreras, un tr\u00edo que ayud\u00f3 a que la \u00f3pera llegara a m\u00e1s sectores del mundo, popularizando un g\u00e9nero musical que se reservaba para clases altas e intelectuales.<\/p>\n\n\n\n<p>Adem\u00e1s de su vida en el escenario, Pavarotti se distingui\u00f3 por su labor humanitaria, participando activamente como\u00a0Mensajero de Paz de la ONU, apoyando causas sociales, y utilizando su enorme popularidad para recaudar fondos y atenci\u00f3n para los m\u00e1s necesitados.<\/p>\n\n\n\n<p>Precursor de lo que hoy es Andrea Bocelli, Luciano Pavarotti llev\u00f3 su gran voz fuera de la \u00f3pera al realizar duetos con estrellas pop como U2, Dolores O\u2019Riordan, Bryan Adams,\u00a0Celine Dion, James Brown, entre otros, en una serie de conciertos llamada \u2018Pavarotti y sus amigos\u2019, que ten\u00eda fines ben\u00e9ficos.<\/p>\n\n\n\n<p>Luciano Pavarotti muri\u00f3 en M\u00f3dena el 6 de septiembre de 2007, a los 71 a\u00f1os, luego de haber enfrentado el\u00a0c\u00e1ncer de p\u00e1ncreas.<\/p>\n\n\n\n<figure class=\"wp-block-image is-resized\"><img decoding=\"async\" src=\"https:\/\/www.elfinanciero.com.mx\/resizer\/v2\/NWXC74HKFJBT3ORUJMM6DXLJ4E.jpg?auth=651e9bd5ed6d4990d1cb030b01e482120f1018543a5f9c5612d1ea08d45fe8fc&amp;width=400&amp;height=533&amp;quality=85\" alt=\"alt default\" style=\"width:726px;height:auto\"\/><figcaption class=\"wp-element-caption\">La cama en que muri\u00f3 Pavarotti. (Foto: Manuel Sebreros)<\/figcaption><\/figure>\n\n\n\n<h2 class=\"wp-block-heading\">Su legado: el Museo Casa Luciano Pavarotti<\/h2>\n\n\n\n<p>M\u00f3dena huele a Ferrari\u00a0y a Luciano Pavarotti. Desde que uno cruza las calles del centro de esta bella y pintoresca ciudad se encuentra con la estatua del tenor dando la bienvenida a la tierra que am\u00f3.<\/p>\n\n\n\n<p>A unos ocho kil\u00f3metros a las afueras del \u00e1rea urbana de M\u00f3dena se encuentra la casa que hoy es museo, que&nbsp;<strong>fue inaugurada como tal en 2015<\/strong>&nbsp;para que los admiradores del tenor, y de la cultura en general, pudieran admirar el legado y saber c\u00f3mo era la vida diaria de Luciano.<\/p>\n\n\n\n<p>Para llegar es necesario tomar un taxi desde la terminal del tren, lo mismo que para regresar, ya que no hay autobuses ni trenes que vayan hacia la campi\u00f1a de M\u00f3dena. El viaje redondo cuesta unos 60 euros aproximadamente (alrededor de 1,200 pesos al tipo de cambio del 9 de octubre de 2025) y bien vale la pena invertirlos.<\/p>\n\n\n\n<figure class=\"wp-block-image is-resized\"><img decoding=\"async\" src=\"https:\/\/www.elfinanciero.com.mx\/resizer\/v2\/P3EDJD36XVEK5PR6BQ7WIDZQKE.jpg?auth=e20d6c316e58cece3c254be1359ac35b7a96355b89c1396a817c229d32eb7a91&amp;width=400&amp;height=300&amp;quality=85\" alt=\"alt default\" style=\"width:726px;height:auto\"\/><figcaption class=\"wp-element-caption\">Pavarotti sol\u00eda tocar el piano en su casa. (Foto: Manuel Sebreros)<\/figcaption><\/figure>\n\n\n\n<h2 class=\"wp-block-heading\">\u00bfQu\u00e9 se puede conocer en el Museo Casa de Pavarotti?<\/h2>\n\n\n\n<p>M\u00e1s que una simple casa, el lugar fue dise\u00f1ado por Pavarotti junto a arquitectos y artesanos, quienes siguieron sus indicaciones para que cada detalle reflejase sus gustos y personalidad. Carpinteros, herreros, talladores, decoradores de toda Italia colaboraron en los trabajos.<\/p>\n\n\n\n<p>Luego de su muerte,&nbsp;<strong>su viuda, Nicoletta Mantovani,<\/strong>&nbsp;impuls\u00f3 la transformaci\u00f3n de la residencia en museo, con el objetivo de preservar no solo los objetos personales del tenor, sino tambi\u00e9n su forma de vida, sus amistades, sus h\u00e1bitos cotidianos, su arte privado. El Museo Casa Luciano Pavarotti se inaugur\u00f3 formalmente como museo en 2015.<\/p>\n\n\n\n<figure class=\"wp-block-image is-resized\"><img decoding=\"async\" src=\"https:\/\/www.elfinanciero.com.mx\/resizer\/v2\/N4DJ3LHGUND3ZEGMRLMB4HZDNI.jpg?auth=a99ccf3d45dbc0131583c9f6681376b0288fb0767c109794a582843e4a87e383&amp;width=400&amp;height=300&amp;quality=85\" alt=\"alt default\" style=\"width:726px;height:auto\"\/><figcaption class=\"wp-element-caption\">Luciano particip\u00f3 en las obras de \u00f3pera m\u00e1s importantes de su tiempo. (Foto: Manuel Sebreros)<\/figcaption><\/figure>\n\n\n\n<h2 class=\"wp-block-heading\">\u2018Ridi Pagliaccio\u2019: Las 12 salas del museo Pavarotti<\/h2>\n\n\n\n<p>Ir al museo es un pase para conocer lo m\u00e1s \u00edntimo de Pavarotti. El olor a campo es lo primero que se nota al llegar. Ya dentro, hay 12 salas en las que se muestran desde la cama donde muri\u00f3 el tenor, su cocina con sus trastes que \u00e9l mismo usaba para preparar de comer.<\/p>\n\n\n\n<p>En la parte de su vida como tenor, en algunas salas se escuchan sus \u00f3peras como \u2018Rigoletto\u2019, \u2018Ridi Pagliaccio\u2019, o&nbsp;<strong>sus duetos como \u2018Miss Sarajevo\u2019 con Bono y U2.<\/strong><\/p>\n\n\n\n<p>Es posible apreciar sus discos, sus premios, las vestimentas que empleaba en las obras de \u00f3pera, as\u00ed como cuadros y otras obras de arte. Una de las colecciones m\u00e1s nost\u00e1lgicas que se exhiben son las cartas que recibi\u00f3 de personajes como&nbsp;<strong>Frank Sinatra, Lady Di<\/strong>, entre otras figuras mundiales.<\/p>\n\n\n\n<figure class=\"wp-block-image is-resized\"><img decoding=\"async\" src=\"https:\/\/www.elfinanciero.com.mx\/resizer\/v2\/PK7Y26SYZFC6PFTHT5I333TKDE.jpg?auth=489bea9575adb2adc591da0419d25e28ed7567ee989fa2b7689d9f7b51d081f5&amp;width=400&amp;height=533&amp;quality=85\" alt=\"alt default\" style=\"width:726px;height:auto\"\/><figcaption class=\"wp-element-caption\">Pavarotti populariz\u00f3 la \u00f3pera con su carisma y talento. (Foto: Manuel Sebreros)<\/figcaption><\/figure>\n\n\n\n<p>Tambi\u00e9n se realizan visitas autoguiadas con audiogu\u00eda en varios idiomas, lo que permite recorrer el lugar con calma, descubriendo detalles personales que ayudan a humanizar al artista.<\/p>\n\n\n\n<p>El museo se ubica en Stradello Nava 6, M\u00f3dena, Italia, con un horario diario de 10:00 a 18:00 horas, con \u00faltimo ingreso recomendado a las 17:15.<\/p>\n\n\n\n<p>El costo de la entrada es de&nbsp;<strong>13 euros<\/strong>.<\/p>\n\n\n\n<p>En M\u00f3dena, la\u00a0<strong>memoria de Luciano Pavarotti<\/strong>\u00a0permanece viva: en los aplausos eternos, en las arias que a\u00fan se escuchan, en la casa que se visita, en los recuerdos que se comparten. Porque el canto de Pavarotti no termin\u00f3 en su \u00faltima presentaci\u00f3n; sigue resonando en las paredes de su casa, en la voz de quienes lo escuchan, en la historia que no se olvida.<\/p>\n\n\n\n<p>Fuente: EF<\/p>\n","protected":false},"excerpt":{"rendered":"<p>Luciano Pavarotti fue un hist\u00f3rico tenor que populariz\u00f3 la \u00f3pera y que dej\u00f3 un legado cultural y musical que puedes apreciar si visitas su Museo Casa. Luciano Pavarotti\u00a0no solo fue un c\u00e9lebre tenor italiano, nacido hace 90 a\u00f1os en la bella ciudad de M\u00f3dena, en la regi\u00f3n de la Emilia-Romagna. Su voz, su carisma y [&hellip;]<\/p>\n","protected":false},"author":2,"featured_media":146506,"comment_status":"open","ping_status":"open","sticky":false,"template":"","format":"standard","meta":{"footnotes":""},"categories":[11],"tags":[],"class_list":["post-146504","post","type-post","status-publish","format-standard","has-post-thumbnail","hentry","category-espectaculos"],"_links":{"self":[{"href":"http:\/\/elcuartopoder.com.mx\/nw\/wp-json\/wp\/v2\/posts\/146504","targetHints":{"allow":["GET"]}}],"collection":[{"href":"http:\/\/elcuartopoder.com.mx\/nw\/wp-json\/wp\/v2\/posts"}],"about":[{"href":"http:\/\/elcuartopoder.com.mx\/nw\/wp-json\/wp\/v2\/types\/post"}],"author":[{"embeddable":true,"href":"http:\/\/elcuartopoder.com.mx\/nw\/wp-json\/wp\/v2\/users\/2"}],"replies":[{"embeddable":true,"href":"http:\/\/elcuartopoder.com.mx\/nw\/wp-json\/wp\/v2\/comments?post=146504"}],"version-history":[{"count":1,"href":"http:\/\/elcuartopoder.com.mx\/nw\/wp-json\/wp\/v2\/posts\/146504\/revisions"}],"predecessor-version":[{"id":146507,"href":"http:\/\/elcuartopoder.com.mx\/nw\/wp-json\/wp\/v2\/posts\/146504\/revisions\/146507"}],"wp:featuredmedia":[{"embeddable":true,"href":"http:\/\/elcuartopoder.com.mx\/nw\/wp-json\/wp\/v2\/media\/146506"}],"wp:attachment":[{"href":"http:\/\/elcuartopoder.com.mx\/nw\/wp-json\/wp\/v2\/media?parent=146504"}],"wp:term":[{"taxonomy":"category","embeddable":true,"href":"http:\/\/elcuartopoder.com.mx\/nw\/wp-json\/wp\/v2\/categories?post=146504"},{"taxonomy":"post_tag","embeddable":true,"href":"http:\/\/elcuartopoder.com.mx\/nw\/wp-json\/wp\/v2\/tags?post=146504"}],"curies":[{"name":"wp","href":"https:\/\/api.w.org\/{rel}","templated":true}]}}