{"id":146595,"date":"2025-10-14T06:15:21","date_gmt":"2025-10-14T11:15:21","guid":{"rendered":"https:\/\/elcuartopoder.com.mx\/nw\/?p=146595"},"modified":"2025-10-14T06:15:23","modified_gmt":"2025-10-14T11:15:23","slug":"lula-pide-impuesto-global-del-2-a-multimillonarios-para-combatir-el-hambre","status":"publish","type":"post","link":"http:\/\/elcuartopoder.com.mx\/nw\/destacadas\/lula-pide-impuesto-global-del-2-a-multimillonarios-para-combatir-el-hambre\/","title":{"rendered":"Lula pide impuesto global del 2 % a multimillonarios para combatir el hambre"},"content":{"rendered":"\n<p><em>R\u00edo de Janeiro.&nbsp;<\/em>El presidente brasile\u00f1o Luiz In\u00e1cio Lula da Silva defendi\u00f3 este lunes en la apertura del Foro Mundial de la Alimentaci\u00f3n, en Roma, la creaci\u00f3n de un impuesto global del dos por ciento sobre las grandes fortunas para erradicar el hambre en el mundo.<\/p>\n\n\n\n<p>Lula inici\u00f3 su discurso recordando que 673 millones de personas en todo el mundo se encuentran en situaci\u00f3n de inseguridad alimentaria y que para que comieran tres veces al d\u00eda har\u00edan falta 315\u200b\u200b\u200b mil millones de d\u00f3lares: \u00abEso representa el 12 por ciento de los 2.7 trillones de d\u00f3lares consumidos anualmente con gastos en armas; estableciendo un impuesto global del dos por ciento sobre los activos de los superricos obtendr\u00edamos esa cantidad\u00bb.<\/p>\n\n\n\n<p>El l\u00edder brasile\u00f1o remarc\u00f3 que el hambre es hermana de la guerra, \u00abya se haga con armas y bombas o con aranceles y subsidios\u00bb, dijo, en velada alusi\u00f3n a la guerra comercial iniciada por el presidente estadunidense Donald Trump con buena parte del planeta.<\/p>\n\n\n\n<p>\u00abLos conflictos armados, adem\u00e1s de sufrimiento humano y destrucci\u00f3n de infraestructura, desorganizan las cadenas de insumos y alimentos, y las barreras proteccionistas de pa\u00edses ricos desestructuran la producci\u00f3n agr\u00edcola en el mundo en desarrollo\u00bb, subray\u00f3.<\/p>\n\n\n\n<p>Lula cit\u00f3 \u00abla tragedia\u00bb en Gaza y la par\u00e1lisis de la Organizaci\u00f3n Mundial del Comercio para argumentar que el hambre se ha convertido en un \u00abs\u00edntoma del abandono\u00bb de las reglas e instituciones multilaterales.<\/p>\n\n\n\n<p>En el plano nacional, el presidente se enorgulleci\u00f3 de haber sacado al pa\u00eds del Mapa del Hambre de la FAO por segunda vez y por haber impulsado la Alianza Global contra el Hambre y la Pobreza, lanzada durante la presidencia brasile\u00f1a del G2O y a la que ya se sumaron 103 naciones.<\/p>\n\n\n\n<p>Adem\u00e1s, se refiri\u00f3 al cambio clim\u00e1tico alertando de que un planeta m\u00e1s caliente ser\u00e1 un planeta con m\u00e1s hambre, y pidi\u00f3 que la revoluci\u00f3n verde que vivi\u00f3 la agricultura en las \u00faltimas d\u00e9cadas gracias a la tecnolog\u00eda sea inclusiva y justa para todos.<\/p>\n\n\n\n<p>En este sentido, avanz\u00f3 que durante la COP30 del clima que se celebrar\u00e1 en noviembre en Bel\u00e9m do Par\u00e1 (norte de Brasil), su Gobierno impulsar\u00e1 una declaraci\u00f3n para entrelazar la lucha contra el calentamiento global y la lucha contra el hambre.<\/p>\n\n\n\n<p>Fuente: la jornada<\/p>\n","protected":false},"excerpt":{"rendered":"<p>R\u00edo de Janeiro.&nbsp;El presidente brasile\u00f1o Luiz In\u00e1cio Lula da Silva defendi\u00f3 este lunes en la apertura del Foro Mundial de la Alimentaci\u00f3n, en Roma, la creaci\u00f3n de un impuesto global del dos por ciento sobre las grandes fortunas para erradicar el hambre en el mundo. Lula inici\u00f3 su discurso recordando que 673 millones de personas [&hellip;]<\/p>\n","protected":false},"author":2,"featured_media":146596,"comment_status":"open","ping_status":"open","sticky":false,"template":"","format":"standard","meta":{"footnotes":""},"categories":[59],"tags":[],"class_list":["post-146595","post","type-post","status-publish","format-standard","has-post-thumbnail","hentry","category-destacadas"],"_links":{"self":[{"href":"http:\/\/elcuartopoder.com.mx\/nw\/wp-json\/wp\/v2\/posts\/146595","targetHints":{"allow":["GET"]}}],"collection":[{"href":"http:\/\/elcuartopoder.com.mx\/nw\/wp-json\/wp\/v2\/posts"}],"about":[{"href":"http:\/\/elcuartopoder.com.mx\/nw\/wp-json\/wp\/v2\/types\/post"}],"author":[{"embeddable":true,"href":"http:\/\/elcuartopoder.com.mx\/nw\/wp-json\/wp\/v2\/users\/2"}],"replies":[{"embeddable":true,"href":"http:\/\/elcuartopoder.com.mx\/nw\/wp-json\/wp\/v2\/comments?post=146595"}],"version-history":[{"count":1,"href":"http:\/\/elcuartopoder.com.mx\/nw\/wp-json\/wp\/v2\/posts\/146595\/revisions"}],"predecessor-version":[{"id":146597,"href":"http:\/\/elcuartopoder.com.mx\/nw\/wp-json\/wp\/v2\/posts\/146595\/revisions\/146597"}],"wp:featuredmedia":[{"embeddable":true,"href":"http:\/\/elcuartopoder.com.mx\/nw\/wp-json\/wp\/v2\/media\/146596"}],"wp:attachment":[{"href":"http:\/\/elcuartopoder.com.mx\/nw\/wp-json\/wp\/v2\/media?parent=146595"}],"wp:term":[{"taxonomy":"category","embeddable":true,"href":"http:\/\/elcuartopoder.com.mx\/nw\/wp-json\/wp\/v2\/categories?post=146595"},{"taxonomy":"post_tag","embeddable":true,"href":"http:\/\/elcuartopoder.com.mx\/nw\/wp-json\/wp\/v2\/tags?post=146595"}],"curies":[{"name":"wp","href":"https:\/\/api.w.org\/{rel}","templated":true}]}}