{"id":146661,"date":"2025-10-15T08:33:10","date_gmt":"2025-10-15T13:33:10","guid":{"rendered":"https:\/\/elcuartopoder.com.mx\/nw\/?p=146661"},"modified":"2025-10-15T08:33:12","modified_gmt":"2025-10-15T13:33:12","slug":"me-pueden-descontar-del-aguinaldo-por-incapacidad-de-maternidad-esto-dice-la-profedet","status":"publish","type":"post","link":"http:\/\/elcuartopoder.com.mx\/nw\/qtp\/me-pueden-descontar-del-aguinaldo-por-incapacidad-de-maternidad-esto-dice-la-profedet\/","title":{"rendered":"\u00bfMe pueden descontar del aguinaldo por incapacidad de maternidad? Esto dice la Profedet"},"content":{"rendered":"\n<p>El aguinaldo debe\u00a0pagarse antes del 20 de diciembre a todos los trabajadores que presten sus servicios de manera subordinada a un patr\u00f3n.<\/p>\n\n\n\n<p><strong>Diciembre<\/strong>&nbsp;se acerca y con las fiestas de fin de a\u00f1o tambi\u00e9n llega el pago del aguinaldo, una de las&nbsp;<strong>prestaciones&nbsp;<\/strong>m\u00e1s esperadas por los mexicanos. Recuerda que debe&nbsp;pagarse antes del&nbsp;<strong>20 de diciembre<\/strong>&nbsp;y que&nbsp;aplica para todos los trabajadores que presten sus servicios de manera subordinada a un patr\u00f3n, cuya relaci\u00f3n de trabajo se rija por la&nbsp;<strong>Ley Federal del Trabajo<\/strong>&nbsp;(<strong>LFT<\/strong>).<\/p>\n\n\n\n<p>Cuando se acerca la fecha de recibir este&nbsp;<strong>ingreso extra<\/strong>&nbsp;surgen algunas dudas en torno a \u00e9l; una de esas dudas es si se les descuenta del aguinaldo a las madres trabajadoras por haber solicitado incapacidad por maternidad<strong>&nbsp;pre y post natal<\/strong>. Aqu\u00ed te explicamos si ese descuento es aplicable.&nbsp;<\/p>\n\n\n\n<p>La\u00a0<strong>Procuradur\u00eda Federal de la Defensa del Trabajo<\/strong>\u00a0(<strong>Profedet<\/strong>) explica que el\u00a0<strong>aguinaldo\u00a0<\/strong>es independiente de los per\u00edodos antes y despu\u00e9s del nacimiento, estos deben ser considerados como d\u00edas trabajados para el\u00a0<strong>c\u00e1lculo del aguinaldo\u00a0<\/strong>por lo que si solicitaste una\u00a0<strong>incapacidad de maternidad\u00a0<\/strong>puedes estar tranquila, ya que no te descontar\u00e1n parte del\u00a0<strong>aguinaldo<\/strong>. Si tu patr\u00f3n no considera estos d\u00edas para el pago de tu aguinaldo, estar\u00e1 incurriendo en una falta que\u00a0puedes denunciar.<\/p>\n\n\n\n<h2 class=\"wp-block-heading\">\u00bfQu\u00e9 trabajadores tienen derecho a recibir&nbsp;<strong>aguinaldo<\/strong>?<\/h2>\n\n\n\n<p>La&nbsp;<strong>LFT<\/strong>&nbsp;indica&nbsp;que quienes no hayan cumplido&nbsp;<strong>un a\u00f1o de servicio<\/strong>, se encuentran laborando o no en la fecha de<strong>&nbsp;liquidaci\u00f3n<\/strong>&nbsp;del&nbsp;<strong>aguinaldo<\/strong>, tienen derecho a percibir la parte proporcional del mismo, en funci\u00f3n del tiempo que trabajaron.<\/p>\n\n\n\n<p>La<strong>&nbsp;Profedet&nbsp;<\/strong>se\u00f1ala que el pago de aguinaldo les corresponde a las siguientes personas<strong>&nbsp;trabajadoras<\/strong>:<\/p>\n\n\n\n<ul class=\"wp-block-list\">\n<li>De base<\/li>\n\n\n\n<li>Confianza<\/li>\n\n\n\n<li>De planta<\/li>\n\n\n\n<li>Sindicalizados<\/li>\n\n\n\n<li>Por obra o tiempo determinado<\/li>\n\n\n\n<li>Temporada<\/li>\n\n\n\n<li>Por tiempo indeterminado sujeto a prueba o sujeto a capacitaci\u00f3n inicial<\/li>\n\n\n\n<li>Eventuales<\/li>\n\n\n\n<li>Comisionistas<\/li>\n\n\n\n<li>Agentes de comercio<\/li>\n\n\n\n<li>Agentes de seguro<\/li>\n\n\n\n<li>Vendedores<\/li>\n\n\n\n<li>Otros que se rijan por la LFT<\/li>\n<\/ul>\n\n\n\n<h2 class=\"wp-block-heading\">\u00bfC\u00f3mo puedo ponerme en contacto con la<strong>&nbsp;Profedet<\/strong>?<\/h2>\n\n\n\n<p>En las&nbsp;<strong>oficinas centrales<\/strong>,&nbsp;ubicadas en Dr. Jos\u00e9 Mar\u00eda V\u00e9rtiz, n\u00famero 211, colonia Doctores, alcald\u00eda Cuauht\u00e9moc, Ciudad de M\u00e9xico.<\/p>\n\n\n\n<p>En la&nbsp;<strong>Rep\u00fablica Mexicana<\/strong>&nbsp;brindamos nuestros servicios gratuitos al interior de<\/p>\n\n\n\n<p>Enlas oficinas del&nbsp;<strong>Centro Federal de Conciliaci\u00f3n y Registro Laboral,<\/strong>&nbsp;ubicadas en los estados. Puedes consultar su ubicaci\u00f3n aqu\u00ed:&nbsp;<a href=\"https:\/\/www.profedet.gob.mx\/micrositio\/sedes\/sedes.html\">https:\/\/www.profedet.gob.mx\/micrositio\/sedes\/sedes.html<\/a><\/p>\n\n\n\n<p>Atenci\u00f3n v\u00eda telef\u00f3nica: 8009117877 y 8007172942.<\/p>\n\n\n\n<p>Correo electr\u00f3nico: orientacionprofedet@stps.gob.mx<\/p>\n\n\n\n<p>Fuente: Heraldo de M\u00e9xico<\/p>\n","protected":false},"excerpt":{"rendered":"<p>El aguinaldo debe\u00a0pagarse antes del 20 de diciembre a todos los trabajadores que presten sus servicios de manera subordinada a un patr\u00f3n. Diciembre&nbsp;se acerca y con las fiestas de fin de a\u00f1o tambi\u00e9n llega el pago del aguinaldo, una de las&nbsp;prestaciones&nbsp;m\u00e1s esperadas por los mexicanos. Recuerda que debe&nbsp;pagarse antes del&nbsp;20 de diciembre&nbsp;y que&nbsp;aplica para todos [&hellip;]<\/p>\n","protected":false},"author":2,"featured_media":146662,"comment_status":"open","ping_status":"open","sticky":false,"template":"","format":"standard","meta":{"footnotes":""},"categories":[58],"tags":[],"class_list":["post-146661","post","type-post","status-publish","format-standard","has-post-thumbnail","hentry","category-qtp"],"_links":{"self":[{"href":"http:\/\/elcuartopoder.com.mx\/nw\/wp-json\/wp\/v2\/posts\/146661","targetHints":{"allow":["GET"]}}],"collection":[{"href":"http:\/\/elcuartopoder.com.mx\/nw\/wp-json\/wp\/v2\/posts"}],"about":[{"href":"http:\/\/elcuartopoder.com.mx\/nw\/wp-json\/wp\/v2\/types\/post"}],"author":[{"embeddable":true,"href":"http:\/\/elcuartopoder.com.mx\/nw\/wp-json\/wp\/v2\/users\/2"}],"replies":[{"embeddable":true,"href":"http:\/\/elcuartopoder.com.mx\/nw\/wp-json\/wp\/v2\/comments?post=146661"}],"version-history":[{"count":1,"href":"http:\/\/elcuartopoder.com.mx\/nw\/wp-json\/wp\/v2\/posts\/146661\/revisions"}],"predecessor-version":[{"id":146663,"href":"http:\/\/elcuartopoder.com.mx\/nw\/wp-json\/wp\/v2\/posts\/146661\/revisions\/146663"}],"wp:featuredmedia":[{"embeddable":true,"href":"http:\/\/elcuartopoder.com.mx\/nw\/wp-json\/wp\/v2\/media\/146662"}],"wp:attachment":[{"href":"http:\/\/elcuartopoder.com.mx\/nw\/wp-json\/wp\/v2\/media?parent=146661"}],"wp:term":[{"taxonomy":"category","embeddable":true,"href":"http:\/\/elcuartopoder.com.mx\/nw\/wp-json\/wp\/v2\/categories?post=146661"},{"taxonomy":"post_tag","embeddable":true,"href":"http:\/\/elcuartopoder.com.mx\/nw\/wp-json\/wp\/v2\/tags?post=146661"}],"curies":[{"name":"wp","href":"https:\/\/api.w.org\/{rel}","templated":true}]}}