{"id":146752,"date":"2025-10-16T09:10:55","date_gmt":"2025-10-16T14:10:55","guid":{"rendered":"https:\/\/elcuartopoder.com.mx\/nw\/?p=146752"},"modified":"2025-10-16T09:10:56","modified_gmt":"2025-10-16T14:10:56","slug":"trabajo-decente-el-menos-comun-de-los-empleos-en-mexico","status":"publish","type":"post","link":"http:\/\/elcuartopoder.com.mx\/nw\/editorial\/trabajo-decente-el-menos-comun-de-los-empleos-en-mexico\/","title":{"rendered":"Trabajo decente, el menos com\u00fan de los empleos en M\u00e9xico"},"content":{"rendered":"\n<p>En nuestro pa\u00eds, m\u00e1s de la mitad de la poblaci\u00f3n ocupada trabaja o en la informalidad o sin seguridad social, reflejo de que el trabajo digno sigue siendo una excepci\u00f3n en lugar de una norma.<\/p>\n\n\n\n<p>Hace unos d\u00edas se conmemor\u00f3 el&nbsp;<em>D\u00eda Mundial por el Trabajo Decente<\/em>. La fecha no forma parte de los discursos pol\u00edticos ni mucho menos de la agenda p\u00fablica, aunque deber\u00eda, porque de una u otra manera esto tiene impacto en al menos&nbsp;<strong>tres de cada cinco personas que participan en el mercado laboral<\/strong>.<\/p>\n\n\n\n<p>En 2008, la Confederaci\u00f3n Sindical Internacional (CSI) defini\u00f3 el&nbsp;<strong>7 de octubre de cada a\u00f1o<\/strong>&nbsp;como una fecha para realizar una jornada global de movilizaci\u00f3n y conciencia sobre la necesidad de que el trabajo digno sea una prioridad para todos los gobiernos y sus pol\u00edticas econ\u00f3micas y sociales.<\/p>\n\n\n\n<p>La\u00a0Organizaci\u00f3n Internacional del Trabajo\u00a0(OIT) define el trabajo decente o digno como \u201cla oportunidad de acceder a un empleo productivo que genere un ingreso justo, la seguridad en el lugar de trabajo y la protecci\u00f3n social para todos, mejores perspectivas de desarrollo personal e integraci\u00f3n social, libertad para que los individuos expresen sus opiniones, se organicen y participen en las decisiones que afectan sus vidas, y la igualdad de oportunidades y trato para todos, mujeres y hombres\u201d.<\/p>\n\n\n\n<p>Si bien la explicaci\u00f3n es amplia, se traduce en tener un&nbsp;<strong>ingreso justo, seguridad laboral, protecci\u00f3n social<\/strong>, estabilidad en el empleo, oportunidades de desarrollo, libertad sindical y promoci\u00f3n de la igualdad de g\u00e9nero.<\/p>\n\n\n\n<p>Algunas cifras sirven para poner en perspectiva los desaf\u00edos del&nbsp;<strong>trabajo decente en M\u00e9xico<\/strong>.<\/p>\n\n\n\n<p>La ENOE, que elabora mensualmente el Inegi, tiene un acercamiento a este tema con lo que se denomina la \u201ctasa de condiciones cr\u00edticas de ocupaci\u00f3n\u201d, la cual abarca a&nbsp;<strong>33.5% del mercado laboral<\/strong>&nbsp;en M\u00e9xico, seg\u00fan el \u00faltimo reporte. Esto se traduce en 19.9 millones de personas en esta condici\u00f3n. La limitante de esta medici\u00f3n es que considera solamente horas trabajadas y salario.<\/p>\n\n\n\n<p>La realidad es mucho m\u00e1s alarmante y, para muestra, algunos datos puntuales.<\/p>\n\n\n\n<p>Una de las cifras m\u00e1s relevantes a tomar en cuenta para hablar de trabajo decente es la de\u00a0la informalidad laboral, porque esta forma de empleo no garantiza ni protecci\u00f3n legal, ni acceso a la seguridad social, ni estabilidad. Y es el formato m\u00e1s habitual en la actualidad.<\/p>\n\n\n\n<p>En el pa\u00eds, el 54.8% de las personas tienen una ocupaci\u00f3n en la econom\u00eda informal, lo que equivale a&nbsp;<strong>32.6 millones de mujeres y hombres<\/strong>&nbsp;que laboran sin una red de protecci\u00f3n legal. De dicho universo, 15 millones son informales trabajando en empresas e instituciones formales.<\/p>\n\n\n\n<p>Una dimensi\u00f3n relacionada con la informalidad tiene que ver con\u00a0el acceso a instituciones de salud\u00a0como parte de los beneficios laborales. En este caso, el 59.9% de la poblaci\u00f3n ocupada en M\u00e9xico no cuenta con dichos servicios, lo que equivale a 35.6 millones de personas.<\/p>\n\n\n\n<p>En tanto, y pensando en las personas que tienen un empleo subordinado, hay tambi\u00e9n algunas cifras a considerar. De este universo, el&nbsp;<strong>40.5% trabaja sin un contrato<\/strong>&nbsp;(16.5 millones de personas) y&nbsp;<strong>30.4% no cuenta con prestaciones laborales<\/strong>&nbsp;(12.4 millones de personas).<\/p>\n\n\n\n<p>Las cifras dejan claro que&nbsp;<strong>el trabajo decente<\/strong>&nbsp;no deber\u00eda ser una aspiraci\u00f3n, sino una norma m\u00ednima de justicia laboral. Sin embargo, los datos muestran que en M\u00e9xico sigue siendo un privilegio. La informalidad, la falta de contratos y de acceso a la seguridad social son s\u00edntomas de un modelo econ\u00f3mico que prioriza el empleo a cualquier costo, incluso a costa de los derechos.<\/p>\n\n\n\n<p>Mientras dos terceras partes de la poblaci\u00f3n ocupada sigan al margen de la protecci\u00f3n integral que debiera ofrecer el mercado laboral, el pa\u00eds no podr\u00e1 hablar de un verdadero progreso social.&nbsp;<strong>Garantizar trabajo decente<\/strong>&nbsp;no es s\u00f3lo cumplir con la OIT, es construir un piso de dignidad desde donde millones de personas puedan sostener su vida y su futuro.<\/p>\n\n\n\n<p>Fuente: el economista<\/p>\n","protected":false},"excerpt":{"rendered":"<p>En nuestro pa\u00eds, m\u00e1s de la mitad de la poblaci\u00f3n ocupada trabaja o en la informalidad o sin seguridad social, reflejo de que el trabajo digno sigue siendo una excepci\u00f3n en lugar de una norma. Hace unos d\u00edas se conmemor\u00f3 el&nbsp;D\u00eda Mundial por el Trabajo Decente. La fecha no forma parte de los discursos pol\u00edticos [&hellip;]<\/p>\n","protected":false},"author":2,"featured_media":146753,"comment_status":"open","ping_status":"open","sticky":false,"template":"","format":"standard","meta":{"footnotes":""},"categories":[63],"tags":[],"class_list":["post-146752","post","type-post","status-publish","format-standard","has-post-thumbnail","hentry","category-editorial"],"_links":{"self":[{"href":"http:\/\/elcuartopoder.com.mx\/nw\/wp-json\/wp\/v2\/posts\/146752","targetHints":{"allow":["GET"]}}],"collection":[{"href":"http:\/\/elcuartopoder.com.mx\/nw\/wp-json\/wp\/v2\/posts"}],"about":[{"href":"http:\/\/elcuartopoder.com.mx\/nw\/wp-json\/wp\/v2\/types\/post"}],"author":[{"embeddable":true,"href":"http:\/\/elcuartopoder.com.mx\/nw\/wp-json\/wp\/v2\/users\/2"}],"replies":[{"embeddable":true,"href":"http:\/\/elcuartopoder.com.mx\/nw\/wp-json\/wp\/v2\/comments?post=146752"}],"version-history":[{"count":1,"href":"http:\/\/elcuartopoder.com.mx\/nw\/wp-json\/wp\/v2\/posts\/146752\/revisions"}],"predecessor-version":[{"id":146754,"href":"http:\/\/elcuartopoder.com.mx\/nw\/wp-json\/wp\/v2\/posts\/146752\/revisions\/146754"}],"wp:featuredmedia":[{"embeddable":true,"href":"http:\/\/elcuartopoder.com.mx\/nw\/wp-json\/wp\/v2\/media\/146753"}],"wp:attachment":[{"href":"http:\/\/elcuartopoder.com.mx\/nw\/wp-json\/wp\/v2\/media?parent=146752"}],"wp:term":[{"taxonomy":"category","embeddable":true,"href":"http:\/\/elcuartopoder.com.mx\/nw\/wp-json\/wp\/v2\/categories?post=146752"},{"taxonomy":"post_tag","embeddable":true,"href":"http:\/\/elcuartopoder.com.mx\/nw\/wp-json\/wp\/v2\/tags?post=146752"}],"curies":[{"name":"wp","href":"https:\/\/api.w.org\/{rel}","templated":true}]}}