{"id":146818,"date":"2025-10-17T14:27:45","date_gmt":"2025-10-17T19:27:45","guid":{"rendered":"https:\/\/elcuartopoder.com.mx\/nw\/?p=146818"},"modified":"2025-10-17T14:27:46","modified_gmt":"2025-10-17T19:27:46","slug":"admite-el-vaticano-descuido-y-sufrimiento-de-victimas-de-abusos-sexuales","status":"publish","type":"post","link":"http:\/\/elcuartopoder.com.mx\/nw\/varios\/admite-el-vaticano-descuido-y-sufrimiento-de-victimas-de-abusos-sexuales\/","title":{"rendered":"Admite el Vaticano descuido y sufrimiento de v\u00edctimas de abusos sexuales"},"content":{"rendered":"\n<p><em>Ciudad del Vaticano.<\/em>&nbsp;Las v\u00edctimas de abusos sexuales por parte del clero siguen sufriendo represalias \u00abperturbadoras\u00bb de los l\u00edderes de la Iglesia cat\u00f3lica por denunciar estos hechos, revel\u00f3 el jueves una comisi\u00f3n del Vaticano.<\/p>\n\n\n\n<p>En su segundo informe anual, la Comisi\u00f3n Pontificia para la Protecci\u00f3n de Menores tambi\u00e9n denuncia que la \u00abresistencia cultural\u00bb frena la lucha contra la violencia en muchas di\u00f3cesis y se\u00f1ala las \u00abgrandes disparidades\u00bb entre regiones.<\/p>\n\n\n\n<p>Por primera vez, 40 v\u00edctimas contribuyeron a la elaboraci\u00f3n del documento, algunas de las cuales denunciaron presiones por parte de responsables de la instituci\u00f3n, m\u00e1s de 20 a\u00f1os despu\u00e9s de las primeras revelaciones a gran escala en Estados Unidos.<\/p>\n\n\n\n<p>El obispo le dijo a mi familia que mi denuncia podr\u00eda comprometer su ordenaci\u00f3n\u00bb, cont\u00f3 una de ellas. Otra relat\u00f3 que su familia fue excomulgada p\u00fablicamente tras presentar su denuncia.<\/p>\n\n\n\n<p>\u00abEs un verdadero grito por parte de las v\u00edctimas: no se sienten escuchadas, no se sienten acompa\u00f1adas, a veces no hay una relaci\u00f3n emp\u00e1tica, ni siquiera de respeto\u00bb, se\u00f1al\u00f3 el colombiano Luis Manuel Al\u00ed Herrera, secretario de la comisi\u00f3n, en una rueda de prensa este jueves.<\/p>\n\n\n\n<p>Fuente: la jornada<\/p>\n","protected":false},"excerpt":{"rendered":"<p>Ciudad del Vaticano.&nbsp;Las v\u00edctimas de abusos sexuales por parte del clero siguen sufriendo represalias \u00abperturbadoras\u00bb de los l\u00edderes de la Iglesia cat\u00f3lica por denunciar estos hechos, revel\u00f3 el jueves una comisi\u00f3n del Vaticano. En su segundo informe anual, la Comisi\u00f3n Pontificia para la Protecci\u00f3n de Menores tambi\u00e9n denuncia que la \u00abresistencia cultural\u00bb frena la lucha [&hellip;]<\/p>\n","protected":false},"author":2,"featured_media":146819,"comment_status":"open","ping_status":"open","sticky":false,"template":"","format":"standard","meta":{"footnotes":""},"categories":[64],"tags":[],"class_list":["post-146818","post","type-post","status-publish","format-standard","has-post-thumbnail","hentry","category-varios"],"_links":{"self":[{"href":"http:\/\/elcuartopoder.com.mx\/nw\/wp-json\/wp\/v2\/posts\/146818","targetHints":{"allow":["GET"]}}],"collection":[{"href":"http:\/\/elcuartopoder.com.mx\/nw\/wp-json\/wp\/v2\/posts"}],"about":[{"href":"http:\/\/elcuartopoder.com.mx\/nw\/wp-json\/wp\/v2\/types\/post"}],"author":[{"embeddable":true,"href":"http:\/\/elcuartopoder.com.mx\/nw\/wp-json\/wp\/v2\/users\/2"}],"replies":[{"embeddable":true,"href":"http:\/\/elcuartopoder.com.mx\/nw\/wp-json\/wp\/v2\/comments?post=146818"}],"version-history":[{"count":1,"href":"http:\/\/elcuartopoder.com.mx\/nw\/wp-json\/wp\/v2\/posts\/146818\/revisions"}],"predecessor-version":[{"id":146820,"href":"http:\/\/elcuartopoder.com.mx\/nw\/wp-json\/wp\/v2\/posts\/146818\/revisions\/146820"}],"wp:featuredmedia":[{"embeddable":true,"href":"http:\/\/elcuartopoder.com.mx\/nw\/wp-json\/wp\/v2\/media\/146819"}],"wp:attachment":[{"href":"http:\/\/elcuartopoder.com.mx\/nw\/wp-json\/wp\/v2\/media?parent=146818"}],"wp:term":[{"taxonomy":"category","embeddable":true,"href":"http:\/\/elcuartopoder.com.mx\/nw\/wp-json\/wp\/v2\/categories?post=146818"},{"taxonomy":"post_tag","embeddable":true,"href":"http:\/\/elcuartopoder.com.mx\/nw\/wp-json\/wp\/v2\/tags?post=146818"}],"curies":[{"name":"wp","href":"https:\/\/api.w.org\/{rel}","templated":true}]}}