{"id":146834,"date":"2025-10-17T14:51:59","date_gmt":"2025-10-17T19:51:59","guid":{"rendered":"https:\/\/elcuartopoder.com.mx\/nw\/?p=146834"},"modified":"2025-10-17T14:52:01","modified_gmt":"2025-10-17T19:52:01","slug":"desamparados-y-sometidos","status":"publish","type":"post","link":"http:\/\/elcuartopoder.com.mx\/nw\/destacadas\/desamparados-y-sometidos\/","title":{"rendered":"Desamparados y sometidos"},"content":{"rendered":"\n<p>Contrario a su origen, hoy el amparo no protege al ciudadano, sino a los servidores p\u00fablicos.<\/p>\n\n\n\n<p>La reforma a la Ley de Amparo lesiona los derechos humanos, su progresividad y su protecci\u00f3n a la poblaci\u00f3n, bajo el supuesto de evitar evasi\u00f3n y elusi\u00f3n fiscal, delincuencia organizada, frenar obras o pol\u00edticas p\u00fablicas en perjuicio del inter\u00e9s social, alegan los morenistas. Disfrazaron la retroactividad para aplicarla en los procesos en curso y de nuevo faltaron a su palabra de que la retroactividad no se aplicar\u00eda por ser inconstitucional.<\/p>\n\n\n\n<p>Contrario a su origen, hoy el amparo no protege al ciudadano, sino a los servidores p\u00fablicos. Al quitarse la suspensi\u00f3n, provisional o definitiva, al dejar que el juez valore de antemano su procedencia, se viola el inter\u00e9s leg\u00edtimo y se aplica el inter\u00e9s jur\u00eddico err\u00f3neamente, con el llamado \u201cinter\u00e9s social\u201d que define la propia autoridad, y se deja de proteger a los gobernados de los abusos de autoridad, sin que esta tenga responsabilidad alguna.<\/p>\n\n\n\n<p>Una consecuencia en la protecci\u00f3n de los Derechos Humanos de personas y comunidades es que se restringe el inter\u00e9s leg\u00edtimo para promover un amparo, lo cual limita el acceso de las comunidades ind\u00edgenas, LGBTTQ+, afrodescendientes, ecologistas, defensores de derechos humanos, grupos de periodistas, defensoras de derechos de mujeres y ni\u00f1ez, al amparo. Estas modificaciones destruyen la democracia y nos dejan desamparados. Pues lograr el amparo ahora implica que se pruebe la afectaci\u00f3n real, o un beneficio, mismos que quedan a interpretaci\u00f3n del juez.<\/p>\n\n\n\n<p>O sea que para ejercer mis derechos pol\u00edticos, mis derechos humanos, primero debo demostrar que est\u00e1n siendo vulnerados y se causa un da\u00f1o real o que su defensa puede tener un beneficio real, para que se otorgue a las comunidades el acceso a un amparo. Esto simplemente es matar el amparo y vulnerar el cap\u00edtulo I de la Constituci\u00f3n.<\/p>\n\n\n\n<p>Pero el sometimiento al que nos quiere inducir la 4T a\u00fan no termina. Ya se anuncia la Reforma Electoral para disminuir o desaparecer plurinominales, acabar con el financiamiento a los partidos pol\u00edticos, crear nuevas mayor\u00edas en el Congreso, acabar con las autoridades electorales como el INE y los OPLES, con los tribunales electorales estatales, las salas regionales y especializadas del TEPJF. Nuestros derechos pol\u00edticos se reducir\u00e1n a su m\u00ednima expresi\u00f3n para evitar se frene el retroceso del autoritarismo en marcha.<\/p>\n\n\n\n<p>La oposici\u00f3n no logra articularse por tratar de establecer la interlocuci\u00f3n con el gobierno, que es in\u00fatil a todas luces, y los fondos para las ONG\u00b4s y sus causas ya no existen. No hay gobernanza, ni siquiera gobernabilidad, hay autoritarismo. Y cada d\u00eda estamos m\u00e1s sometidos, paso a paso, con marcos legales contrarios a la libertad y la democracia.<\/p>\n\n\n\n<p>No acaba aqu\u00ed el problema. El gobierno adem\u00e1s de demag\u00f3gico es altamente ineficiente. Lo vimos con las lluvias e inundaciones que devastaron cuatro estados. Fue bueno que la Presidente acudiera a ver a los damnificados, pero no fue grato que los callara, que no quisiera o\u00edrlos y solo hablarles desde su perspectiva. Al menos asisti\u00f3, y no se ocult\u00f3 como AMLO. Dice que hay recursos para atender necesidades por 19 mil millones de pesos y critic\u00f3 al Fonden, que cuando desapareci\u00f3, en 2020, contaba con 51 mil millones de pesos.<\/p>\n\n\n\n<p>Es incre\u00edble que en un pa\u00eds propenso a desastres naturales no se cuente con un sistema adecuado de prevenci\u00f3n y de auxilio. Desde luego el cambio clim\u00e1tico nos afecta, pero en un mundo donde los desastres naturales son inevitables, la forma de responder est\u00e1 ligada a decisiones pol\u00edticas, invertir en las zonas de riesgo, garantizar ayudas, no estar sujetos al t\u00e9rmino del gasto fiscal, por eso funcion\u00f3 tan bien el FONDEN. Estaba constituido por dos instrumentos: el Programa para la Reconstrucci\u00f3n y el Fondo para la Prevenci\u00f3n de Desastres Naturales. Ambos permit\u00edan el uso inmediato del dinero para atender y prevenir cat\u00e1strofes. Hoy deben hacerse transferencias presupuestales y deben terminar apoyos con el a\u00f1o fiscal.<\/p>\n\n\n\n<p>El actual fondo de emergencias no opera como un instrumento para trabajar en la prevenci\u00f3n de riesgos, es solo un rengl\u00f3n del PEF para, tras las desgracias, aportar recursos para atender la emergencia. No hay pues un sistema real de protecci\u00f3n civil.<\/p>\n\n\n\n<p>Como no se quiere gobernar con la ciudadan\u00eda, adem\u00e1s de limitar partidos y ONG\u00b4s, ahora toda ayuda a damnificados debe hacerse a trav\u00e9s del gobierno. Esta decisi\u00f3n lamentable es un fracaso, pues los centros de acopio lucen vac\u00edos. No hay confianza tras lo ocurrido en el terremoto de Turqu\u00eda y hoy el gobierno pide a las grandes cadenas y tiendas de autoservicio hacer las donaciones que ya la sociedad se niega a realizar. Si uniendo esfuerzos era dif\u00edcil superar necesidades, ahora se afecta el sentido de solidaridad social.<\/p>\n\n\n\n<p>As\u00ed pues, estamos desamparados y sometidos a pol\u00edticas absurdas que en lugar de propiciar la participaci\u00f3n ciudadana, la solidaridad social, la compasi\u00f3n; buscan el control y mantienen una pol\u00edtica de fragmentaci\u00f3n, de divisi\u00f3n y de ingobernabilidad creciente.<\/p>\n\n\n\n<p>Fuente: EF<\/p>\n","protected":false},"excerpt":{"rendered":"<p>Contrario a su origen, hoy el amparo no protege al ciudadano, sino a los servidores p\u00fablicos. La reforma a la Ley de Amparo lesiona los derechos humanos, su progresividad y su protecci\u00f3n a la poblaci\u00f3n, bajo el supuesto de evitar evasi\u00f3n y elusi\u00f3n fiscal, delincuencia organizada, frenar obras o pol\u00edticas p\u00fablicas en perjuicio del inter\u00e9s [&hellip;]<\/p>\n","protected":false},"author":2,"featured_media":146835,"comment_status":"open","ping_status":"open","sticky":false,"template":"","format":"standard","meta":{"footnotes":""},"categories":[59],"tags":[],"class_list":["post-146834","post","type-post","status-publish","format-standard","has-post-thumbnail","hentry","category-destacadas"],"_links":{"self":[{"href":"http:\/\/elcuartopoder.com.mx\/nw\/wp-json\/wp\/v2\/posts\/146834","targetHints":{"allow":["GET"]}}],"collection":[{"href":"http:\/\/elcuartopoder.com.mx\/nw\/wp-json\/wp\/v2\/posts"}],"about":[{"href":"http:\/\/elcuartopoder.com.mx\/nw\/wp-json\/wp\/v2\/types\/post"}],"author":[{"embeddable":true,"href":"http:\/\/elcuartopoder.com.mx\/nw\/wp-json\/wp\/v2\/users\/2"}],"replies":[{"embeddable":true,"href":"http:\/\/elcuartopoder.com.mx\/nw\/wp-json\/wp\/v2\/comments?post=146834"}],"version-history":[{"count":1,"href":"http:\/\/elcuartopoder.com.mx\/nw\/wp-json\/wp\/v2\/posts\/146834\/revisions"}],"predecessor-version":[{"id":146836,"href":"http:\/\/elcuartopoder.com.mx\/nw\/wp-json\/wp\/v2\/posts\/146834\/revisions\/146836"}],"wp:featuredmedia":[{"embeddable":true,"href":"http:\/\/elcuartopoder.com.mx\/nw\/wp-json\/wp\/v2\/media\/146835"}],"wp:attachment":[{"href":"http:\/\/elcuartopoder.com.mx\/nw\/wp-json\/wp\/v2\/media?parent=146834"}],"wp:term":[{"taxonomy":"category","embeddable":true,"href":"http:\/\/elcuartopoder.com.mx\/nw\/wp-json\/wp\/v2\/categories?post=146834"},{"taxonomy":"post_tag","embeddable":true,"href":"http:\/\/elcuartopoder.com.mx\/nw\/wp-json\/wp\/v2\/tags?post=146834"}],"curies":[{"name":"wp","href":"https:\/\/api.w.org\/{rel}","templated":true}]}}