{"id":146837,"date":"2025-10-17T14:53:33","date_gmt":"2025-10-17T19:53:33","guid":{"rendered":"https:\/\/elcuartopoder.com.mx\/nw\/?p=146837"},"modified":"2025-10-17T14:53:34","modified_gmt":"2025-10-17T19:53:34","slug":"la-oms-pide-medidas-urgentes-para-abordar-los-trastornos-neurologicos","status":"publish","type":"post","link":"http:\/\/elcuartopoder.com.mx\/nw\/varios\/la-oms-pide-medidas-urgentes-para-abordar-los-trastornos-neurologicos\/","title":{"rendered":"La OMS pide medidas urgentes para abordar los trastornos neurol\u00f3gicos"},"content":{"rendered":"\n<p><em>Madrid.<\/em>&nbsp;La Organizaci\u00f3n Mundial de la Salud (OMS) advierte que menos de uno de cada tres pa\u00edses en el mundo cuenta con una pol\u00edtica nacional para abordar la creciente carga de los trastornos neurol\u00f3gicos, responsables de m\u00e1s de 11 millones de muertes al a\u00f1o.<\/p>\n\n\n\n<p>As\u00ed lo muestra el nuevo informe de la OMS sobre la situaci\u00f3n mundial de la neurolog\u00eda, publicado ayer, que refleja que las enfermedades neurol\u00f3gicas afectan actualmente a m\u00e1s de 40 por ciento de la poblaci\u00f3n mundial, es decir, a m\u00e1s de 3 mil millones de personas.<\/p>\n\n\n\n<p>Las 10 principales afecciones neurol\u00f3gicas que contribuyeron a la muerte y la discapacidad en 2021 fueron los accidentes cerebrovasculares, la encefalopat\u00eda neonatal, la migra\u00f1a, la enfermedad de Alzheimer y otras demencias, la neuropat\u00eda diab\u00e9tica, la meningitis, la epilepsia idiop\u00e1tica, las complicaciones neurol\u00f3gicas relacionadas con el parto prematuro, los trastornos del espectro autista y los c\u00e1nceres del sistema nervioso.<\/p>\n\n\n\n<p>Seg\u00fan la OMS, los pa\u00edses de bajos ingresos cuentan con 80 veces menos neur\u00f3logos que los pa\u00edses de altos ingresos, a pesar de la alta carga de estas enfermedades. Muchos pa\u00edses de ingresos bajos y medios carecen de planes nacionales, presupuestos y personal, a\u00f1ade. Por ello, insta a una acci\u00f3n mundial urgente, basada en la evidencia y coordinada para priorizar la salud cerebral y ampliar la atenci\u00f3n neurol\u00f3gica.<\/p>\n\n\n\n<p>\u201cCon m\u00e1s de una de cada tres personas en el mundo viviendo con afecciones que afectan el cerebro, debemos hacer todo lo posible para mejorar la atenci\u00f3n m\u00e9dica que necesitan\u201d, declar\u00f3 Jeremy Farrar, subdirector general de la OMS, Divisi\u00f3n de Promoci\u00f3n de la Salud, Prevenci\u00f3n y Control de Enfermedades.<\/p>\n\n\n\n<p>\u201cMuchas de estas afecciones neurol\u00f3gicas pueden prevenirse o tratarse eficazmente; sin embargo, los servicios siguen estando fuera del alcance de la mayor\u00eda, especialmente en zonas rurales y marginadas, donde con demasiada frecuencia las personas se enfrentan al estigma, la exclusi\u00f3n social y las dificultades econ\u00f3micas. Debemos colaborar para garantizar que los pacientes y sus familias sean la prioridad, y que la salud cerebral se priorice y se invierta adecuadamente en ella\u201d, detall\u00f3.<\/p>\n\n\n\n<p><strong>Marcos de pol\u00edticas s\u00f3lidos<\/strong><\/p>\n\n\n\n<p>Este informe, pionero en su tipo, destaca que s\u00f3lo 53 por ciento de los estados miembros de la OMS (102 de 194 pa\u00edses) contribuyeron a la elaboraci\u00f3n de esta referencia, lo que indica la \u201cescasa\u201d atenci\u00f3n prestada a la neurolog\u00eda.<\/p>\n\n\n\n<p>Adem\u00e1s, la OMS lamenta que s\u00f3lo 32 por ciento de los estados miembros (63 pa\u00edses) cuenta con una pol\u00edtica nacional que aborda los trastornos neurol\u00f3gicos, y \u00fanicamente 18 por ciento (34 pa\u00edses) informa haber asignado fondos para abordarlos.<\/p>\n\n\n\n<p>\u201cSin marcos de pol\u00edticas s\u00f3lidos, los sistemas de salud siguen fragmentados, con recursos insuficientes y mal equipados para satisfacer las necesidades de los pacientes y sus familias. Si bien las campa\u00f1as de concienciaci\u00f3n p\u00fablica y las iniciativas de promoci\u00f3n est\u00e1n avanzando, a\u00fan hay mucho margen para fortalecerlas\u201d, apunta la OMS, que considera necesario reducir el estigma, acelerar las reformas y garantizar que millones de personas reciban la atenci\u00f3n y el reconocimiento que merecen.<\/p>\n\n\n\n<p>Asimismo, los servicios esenciales est\u00e1n fuera del alcance de la mayor\u00eda de las personas. S\u00f3lo 25 por ciento de los estados miembros (49 pa\u00edses) incluyen los trastornos neurol\u00f3gicos en sus paquetes de prestaciones de cobertura sanitaria universal. \u201cServicios cr\u00edticos como unidades de ictus, neurolog\u00eda pedi\u00e1trica, rehabilitaci\u00f3n y cuidados paliativos suelen ser escasos o estar concentrados en zonas urbanas, lo que deja a las poblaciones rurales y marginadas sin acceso a cuidados vitales\u201d, resalta.<\/p>\n\n\n\n<p>El informe revela una \u201cgrave escasez\u201dde profesionales sanitarios cualificados, ya que los pa\u00edses de bajos ingresos tienen hasta 82 veces menos neur\u00f3logos por cada 100 mil habitantes que las naciones de altos ingresos. Esta escasez, apunta, implica que, para muchos pacientes, el diagn\u00f3stico, el tratamiento y la atenci\u00f3n continua oportunos est\u00e1n simplemente fuera de su alcance.<\/p>\n\n\n\n<p>Las enfermedades neurol\u00f3gicas suelen requerir cuidados de por vida. Sin embargo, s\u00f3lo 46 estados miembros ofrecen servicios de cuidado y 44 cuentan con protecci\u00f3n legal para los cuidadores. Como resultado, los cuidadores informales \u2013en su mayor\u00eda mujeres\u2013 se ven privados de reconocimiento y apoyo, lo que refuerza las desigualdades sociales y supone una importante carga financiera para las familias.<\/p>\n\n\n\n<p>\u201cLos sistemas de informaci\u00f3n sanitaria deficientes y la falta cr\u00f3nica de financiaci\u00f3n de la investigaci\u00f3n \u2013en particular en los pa\u00edses de ingresos bajos y medios\u2013 limitan la toma de decisiones basada en la evidencia e impiden el dise\u00f1o de pol\u00edticas eficaces sobre los trastornos neurol\u00f3gicos\u201d, denuncia la OMS.<\/p>\n\n\n\n<p><strong>Fortalecer el sistema de salud<\/strong><\/p>\n\n\n\n<p>La OMS advierte que, si no se toman medidas, la carga de los trastornos neurol\u00f3gicos seguir\u00e1 aumentando y profundizando las desigualdades sanitarias mundiales. Por ello, insta a los gobiernos a hacer de los trastornos neurol\u00f3gicos una prioridad pol\u00edtica mediante un liderazgo audaz y una inversi\u00f3n sostenida.<\/p>\n\n\n\n<p>Tambi\u00e9n propone ampliar el acceso a la atenci\u00f3n neurol\u00f3gica mediante la cobertura sanitaria universal y el fortalecimiento del sistema de salud, as\u00ed como promover la salud cerebral a lo largo de la vida con acciones intersectoriales coordinadas dirigidas a los factores clave de riesgo y protecci\u00f3n.<\/p>\n\n\n\n<p>Por \u00faltimo, considera fundamental fortalecer los sistemas de datos y el seguimiento para la toma de decisiones basada en evidencia y la rendici\u00f3n de cuentas.<\/p>\n\n\n\n<p>Fuente: la jornada<\/p>\n","protected":false},"excerpt":{"rendered":"<p>Madrid.&nbsp;La Organizaci\u00f3n Mundial de la Salud (OMS) advierte que menos de uno de cada tres pa\u00edses en el mundo cuenta con una pol\u00edtica nacional para abordar la creciente carga de los trastornos neurol\u00f3gicos, responsables de m\u00e1s de 11 millones de muertes al a\u00f1o. As\u00ed lo muestra el nuevo informe de la OMS sobre la situaci\u00f3n [&hellip;]<\/p>\n","protected":false},"author":2,"featured_media":146838,"comment_status":"open","ping_status":"open","sticky":false,"template":"","format":"standard","meta":{"footnotes":""},"categories":[64],"tags":[],"class_list":["post-146837","post","type-post","status-publish","format-standard","has-post-thumbnail","hentry","category-varios"],"_links":{"self":[{"href":"http:\/\/elcuartopoder.com.mx\/nw\/wp-json\/wp\/v2\/posts\/146837","targetHints":{"allow":["GET"]}}],"collection":[{"href":"http:\/\/elcuartopoder.com.mx\/nw\/wp-json\/wp\/v2\/posts"}],"about":[{"href":"http:\/\/elcuartopoder.com.mx\/nw\/wp-json\/wp\/v2\/types\/post"}],"author":[{"embeddable":true,"href":"http:\/\/elcuartopoder.com.mx\/nw\/wp-json\/wp\/v2\/users\/2"}],"replies":[{"embeddable":true,"href":"http:\/\/elcuartopoder.com.mx\/nw\/wp-json\/wp\/v2\/comments?post=146837"}],"version-history":[{"count":1,"href":"http:\/\/elcuartopoder.com.mx\/nw\/wp-json\/wp\/v2\/posts\/146837\/revisions"}],"predecessor-version":[{"id":146839,"href":"http:\/\/elcuartopoder.com.mx\/nw\/wp-json\/wp\/v2\/posts\/146837\/revisions\/146839"}],"wp:featuredmedia":[{"embeddable":true,"href":"http:\/\/elcuartopoder.com.mx\/nw\/wp-json\/wp\/v2\/media\/146838"}],"wp:attachment":[{"href":"http:\/\/elcuartopoder.com.mx\/nw\/wp-json\/wp\/v2\/media?parent=146837"}],"wp:term":[{"taxonomy":"category","embeddable":true,"href":"http:\/\/elcuartopoder.com.mx\/nw\/wp-json\/wp\/v2\/categories?post=146837"},{"taxonomy":"post_tag","embeddable":true,"href":"http:\/\/elcuartopoder.com.mx\/nw\/wp-json\/wp\/v2\/tags?post=146837"}],"curies":[{"name":"wp","href":"https:\/\/api.w.org\/{rel}","templated":true}]}}