{"id":146883,"date":"2025-10-20T09:05:59","date_gmt":"2025-10-20T14:05:59","guid":{"rendered":"https:\/\/elcuartopoder.com.mx\/nw\/?p=146883"},"modified":"2025-10-20T09:06:00","modified_gmt":"2025-10-20T14:06:00","slug":"cuando-me-dijeron-no-hay-latido-mi-vida-se-apago-mi-hija-estaba-muerta-dentro-de-mi","status":"publish","type":"post","link":"http:\/\/elcuartopoder.com.mx\/nw\/opinion\/cuando-me-dijeron-no-hay-latido-mi-vida-se-apago-mi-hija-estaba-muerta-dentro-de-mi\/","title":{"rendered":"\u00abCuando me dijeron: &#8216;No hay latido&#8217;, mi vida se apag\u00f3. Mi hija estaba muerta dentro de m\u00ed\u00bb"},"content":{"rendered":"\n<p>Una de cada 4 mujeres se enfrentan a la muerte de sus beb\u00e9s durante el embarazo o poco despu\u00e9s de \u00e9l.<\/p>\n\n\n\n<p>\u00abEmbarazada, pensaba que pod\u00eda haber complicaciones durante el parto, pero no pod\u00eda ni imaginar, que en el \u00faltimo momento, con 40 semanas de gestaci\u00f3n, me dir\u00edan que mi hija\u00a0estaba muerta dentro de m\u00ed\u00bb. El relato de Nereida Vecino es uno como el\u00a0de muchas madres que deben dar a luz a su hijos\/as sin vida. La\u00a0realidad silenciosa\u00a0del<strong>\u00a0duelo Gestacional, Perinatal y Neonatal<\/strong>, al que hoy 15 de octubre se da voz.<\/p>\n\n\n\n<p>\u00abEs un tema que tiene que conocerse porque es m\u00e1s habitual de lo que pensamos\u00bb insiste esta madre, que todav\u00eda se duele por lo vivido. \u00abYo no hice fotos a mi hija Eyra. No la cog\u00ed, no la abrac\u00e9, no pas\u00e9 tiempo con ella, no cree esos recuerdos en ese momento tan doloroso, que ahora me hubiesen ayudado a ver n\u00edtidamente el borr\u00f3n que tengo de su rostro\u00bb.<\/p>\n\n\n\n<p>\u00abMe bloque\u00e9, ped\u00ed que me realizaran una ces\u00e1rea para que fuese todo r\u00e1pido, y psicol\u00f3gicamente me afect\u00f3, me despertaba muchas noches busc\u00e1ndome la barriga. Con un parto hubiese sido consciente de haber tenido un beb\u00e9\u00bb, alega.<\/p>\n\n\n\n<p>Para Montse Robles, presidenta de la\u00a0<strong>Federaci\u00f3n Espa\u00f1ola de Duelo Gestacional, Perinatal y Neonatal<\/strong>\u00a0(FEDUP), la rapidez con la que se gestiona todo es una circunstancia en la que caen muchas familias y profesionales en estas situaciones traum\u00e1ticas, pero que no ayudan en absoluto a\u00a0transitar el duelo. \u00abSi t\u00fa est\u00e1s con mucho trauma, y encima te duermen para hacerte una ces\u00e1rea de urgencia, te est\u00e1s quitando la posibilidad de que seas esa mam\u00e1 que ha parido en un parto lleno de amor a su criatura sin vida\u00bb. Recalca que en este tipo de duelos desautorizados, todo lo simb\u00f3lico tiene especial importancia para los padres, \u00abporque es lo poco que pueden llevarse a casa.\u00bb<\/p>\n\n\n\n<p>\u00abPasar tiempo con tu hijo, crear fotos para el recuerdo, guardar un mech\u00f3n de pelo o sus huellas, son peque\u00f1os tesoros -sugiere esta experta- que se deben crear `en ese momento o nunca\u00b4, porque ayudar\u00e1n a cambiar el curso del duelo\u00bb. As\u00ed lo corroboran a d\u00eda de hoy Nereida y su pareja, para quien el \u00fanico recuerdo que tienen junto a su hija es la sesi\u00f3n fotogr\u00e1fica que ilustra esta informaci\u00f3n. El shock del momento les hizo rechazar la posibilidad de tener esos recuerdos, y al querer recuperar la imagen del rostro de la ni\u00f1a de su autopsia, no se pudo porque no es obligatorio registrar este tipo de im\u00e1genes. Para esta madre, es \u00abalgo que deber\u00eda hacerse por protocolo, por si al final luego la familia decide verlas\u00bb.<\/p>\n\n\n\n<h3 class=\"wp-block-heading\">Actualizaci\u00f3n de los profesionales sanitarios<\/h3>\n\n\n\n<p>De ah\u00ed la importancia, insiste la presidenta de FEDUP, en la formaci\u00f3n y actualizaci\u00f3n de los profesionales sanitarios que acompa\u00f1an a las familias que pasan por algo as\u00ed para acabar con la idea de que estas pr\u00e1cticas son `freaks\u00b4 o `macabras\u00b4 por tratarse de beb\u00e9s fallecidos. Tal y como indica Robles, \u00abestos comentarios tienen que ver con la inexperiencia y la incapacidad de las personas que acompa\u00f1an, que en realidad no est\u00e1n protegiendo del dolor a estos padres, a los que s\u00ed puede ayudar en cambio hacerse una foto con su beb\u00e9. Porque lo que se va a captar es la imagen de una familia abrazando a su hijo, un hijo que tiene nombre, aunque no exista f\u00edsicamente en sociedad\u00bb.<\/p>\n\n\n\n<p>Por ello, desde la Federaci\u00f3n abogan por que las familias reciban asistencia psicol\u00f3gica y emocional en un espacio donde poder integrar el duelo y, con el paso del tiempo, aclarar dudas, \u00abque pueden ir desde &#8216;c\u00f3mo voy a estar f\u00edsicamente&#8217;, a &#8216;qu\u00e9 me va a pasar cuando salga a la calle&#8217;; &#8216;qu\u00e9 va a ocurrir cuando llegue a casa y vea la habitaci\u00f3n&#8217; o &#8216;qu\u00e9 pasa si quiero incinerar su cuerpo\u2026&#8217;. De ah\u00ed la importancia de no tener prisa y ser atendido por un personal emp\u00e1tico y humano\u00bb, apunta esta experta.<\/p>\n\n\n\n<p>Como sanitaria, Montse Robles reconoce que hay padres que, cuando les ponen estos temas encima de la mesa, \u00abse cabrean\u00bb, y entiende que hay que dar espacio a ese enfado. \u00abTodas las emociones que pasan en el duelo: la tristeza, la rabia, la culpa\u2026 son totalmente esperables, necesarias y tienen su funci\u00f3n, porque nos ayudan a comprender. No puedes de repente aceptar lo que te ha pasado y las emociones nos permiten ir adaptando esa p\u00e9rdida, nos ayudan a comprenderla\u00bb. Y en esa labor, las asociaciones que forman parten de la Federaci\u00f3n, se ponen a disposici\u00f3n del sistema hospitalario para colaborar conjuntamente como en cualquier otra atenci\u00f3n.<\/p>\n\n\n\n<p>En el caso de Nereida, ella dio a conocer su historia en redes sociales y en una\u00a0petici\u00f3n en Osoigo\u00a0reivindicando el\u00a0<strong>registro de su hija en el libro de familia<\/strong>, no en el legajo de abortos por haber nacido sin vida. Fue cuando se dio cuenta de que no estaba sola, que este duelo exist\u00eda, y que es una experiencia que te cambia y te convierte en otra persona.<\/p>\n\n\n\n<p>Eyra, a d\u00eda de hoy, tendr\u00eda tres a\u00f1os y tres meses. Su hermano Kay acaba de cumplir su primer a\u00f1o de vida.\u00a0Un beb\u00e9 &#8216;arcoir\u00eds&#8217;,\u00a0nombre que reciben los hijos que nacen despu\u00e9s del fallecido porque como dice su madre \u00abtraen color, luz y felicidad a una vida que se hab\u00eda apagado\u00bb, sin que el recuerdo de Eyra se apague. Ella tambi\u00e9n tiene su propio aniversario, cada 12 de julio, una vela se sopla mirando al cielo, y aunque Nereida tenga que seguir escuchando frases del tipo \u00abya tienes a t\u00fa beb\u00e9\u00bb, \u00abdel otro ya ha pasado tiempo\u00bb, o \u00aberes joven para tener m\u00e1s\u00bb\u2026 Sabe que un hijo no sustituye a otro, \u00abporque el rubito que cuido entre mis brazos, es el regalo de su hermana\u00bb.<\/p>\n\n\n\n<p>Fuente: ABC<\/p>\n","protected":false},"excerpt":{"rendered":"<p>Una de cada 4 mujeres se enfrentan a la muerte de sus beb\u00e9s durante el embarazo o poco despu\u00e9s de \u00e9l. \u00abEmbarazada, pensaba que pod\u00eda haber complicaciones durante el parto, pero no pod\u00eda ni imaginar, que en el \u00faltimo momento, con 40 semanas de gestaci\u00f3n, me dir\u00edan que mi hija\u00a0estaba muerta dentro de m\u00ed\u00bb. El [&hellip;]<\/p>\n","protected":false},"author":2,"featured_media":146885,"comment_status":"open","ping_status":"open","sticky":false,"template":"","format":"standard","meta":{"footnotes":""},"categories":[62],"tags":[],"class_list":["post-146883","post","type-post","status-publish","format-standard","has-post-thumbnail","hentry","category-opinion"],"_links":{"self":[{"href":"http:\/\/elcuartopoder.com.mx\/nw\/wp-json\/wp\/v2\/posts\/146883","targetHints":{"allow":["GET"]}}],"collection":[{"href":"http:\/\/elcuartopoder.com.mx\/nw\/wp-json\/wp\/v2\/posts"}],"about":[{"href":"http:\/\/elcuartopoder.com.mx\/nw\/wp-json\/wp\/v2\/types\/post"}],"author":[{"embeddable":true,"href":"http:\/\/elcuartopoder.com.mx\/nw\/wp-json\/wp\/v2\/users\/2"}],"replies":[{"embeddable":true,"href":"http:\/\/elcuartopoder.com.mx\/nw\/wp-json\/wp\/v2\/comments?post=146883"}],"version-history":[{"count":1,"href":"http:\/\/elcuartopoder.com.mx\/nw\/wp-json\/wp\/v2\/posts\/146883\/revisions"}],"predecessor-version":[{"id":146886,"href":"http:\/\/elcuartopoder.com.mx\/nw\/wp-json\/wp\/v2\/posts\/146883\/revisions\/146886"}],"wp:featuredmedia":[{"embeddable":true,"href":"http:\/\/elcuartopoder.com.mx\/nw\/wp-json\/wp\/v2\/media\/146885"}],"wp:attachment":[{"href":"http:\/\/elcuartopoder.com.mx\/nw\/wp-json\/wp\/v2\/media?parent=146883"}],"wp:term":[{"taxonomy":"category","embeddable":true,"href":"http:\/\/elcuartopoder.com.mx\/nw\/wp-json\/wp\/v2\/categories?post=146883"},{"taxonomy":"post_tag","embeddable":true,"href":"http:\/\/elcuartopoder.com.mx\/nw\/wp-json\/wp\/v2\/tags?post=146883"}],"curies":[{"name":"wp","href":"https:\/\/api.w.org\/{rel}","templated":true}]}}