{"id":146887,"date":"2025-10-20T09:07:12","date_gmt":"2025-10-20T14:07:12","guid":{"rendered":"https:\/\/elcuartopoder.com.mx\/nw\/?p=146887"},"modified":"2025-10-20T09:07:13","modified_gmt":"2025-10-20T14:07:13","slug":"ciego-tetraplejico-y-temido-asi-aplasto-israel-al-jeque-radical-que-fundo-hamas","status":"publish","type":"post","link":"http:\/\/elcuartopoder.com.mx\/nw\/internacionales\/ciego-tetraplejico-y-temido-asi-aplasto-israel-al-jeque-radical-que-fundo-hamas\/","title":{"rendered":"Ciego, tetrapl\u00e9jico y temido: as\u00ed aplast\u00f3 Israel al jeque radical que fund\u00f3 Ham\u00e1s"},"content":{"rendered":"\n<p>El 22 de marzo de 2004, las bombas semitas acabaron con Ahmed Yasin, uno de los creadores del grupo terrorista.<\/p>\n\n\n\n<p>Ocurri\u00f3 el 22 de marzo de 2004, hace m\u00e1s de dos d\u00e9cadas. Aquel d\u00eda, varios helic\u00f3pteros se internaron en el espacio a\u00e9reo de Gaza y dejaron caer su fuego letal contra un anciano de 67 a\u00f1os ciego que, adem\u00e1s, se desplazaba en silla de ruedas.<\/p>\n\n\n\n<p>Fuente: abc<\/p>\n","protected":false},"excerpt":{"rendered":"<p>El 22 de marzo de 2004, las bombas semitas acabaron con Ahmed Yasin, uno de los creadores del grupo terrorista. Ocurri\u00f3 el 22 de marzo de 2004, hace m\u00e1s de dos d\u00e9cadas. Aquel d\u00eda, varios helic\u00f3pteros se internaron en el espacio a\u00e9reo de Gaza y dejaron caer su fuego letal contra un anciano de 67 [&hellip;]<\/p>\n","protected":false},"author":2,"featured_media":146888,"comment_status":"open","ping_status":"open","sticky":false,"template":"","format":"standard","meta":{"footnotes":""},"categories":[8],"tags":[],"class_list":["post-146887","post","type-post","status-publish","format-standard","has-post-thumbnail","hentry","category-internacionales"],"_links":{"self":[{"href":"http:\/\/elcuartopoder.com.mx\/nw\/wp-json\/wp\/v2\/posts\/146887","targetHints":{"allow":["GET"]}}],"collection":[{"href":"http:\/\/elcuartopoder.com.mx\/nw\/wp-json\/wp\/v2\/posts"}],"about":[{"href":"http:\/\/elcuartopoder.com.mx\/nw\/wp-json\/wp\/v2\/types\/post"}],"author":[{"embeddable":true,"href":"http:\/\/elcuartopoder.com.mx\/nw\/wp-json\/wp\/v2\/users\/2"}],"replies":[{"embeddable":true,"href":"http:\/\/elcuartopoder.com.mx\/nw\/wp-json\/wp\/v2\/comments?post=146887"}],"version-history":[{"count":1,"href":"http:\/\/elcuartopoder.com.mx\/nw\/wp-json\/wp\/v2\/posts\/146887\/revisions"}],"predecessor-version":[{"id":146889,"href":"http:\/\/elcuartopoder.com.mx\/nw\/wp-json\/wp\/v2\/posts\/146887\/revisions\/146889"}],"wp:featuredmedia":[{"embeddable":true,"href":"http:\/\/elcuartopoder.com.mx\/nw\/wp-json\/wp\/v2\/media\/146888"}],"wp:attachment":[{"href":"http:\/\/elcuartopoder.com.mx\/nw\/wp-json\/wp\/v2\/media?parent=146887"}],"wp:term":[{"taxonomy":"category","embeddable":true,"href":"http:\/\/elcuartopoder.com.mx\/nw\/wp-json\/wp\/v2\/categories?post=146887"},{"taxonomy":"post_tag","embeddable":true,"href":"http:\/\/elcuartopoder.com.mx\/nw\/wp-json\/wp\/v2\/tags?post=146887"}],"curies":[{"name":"wp","href":"https:\/\/api.w.org\/{rel}","templated":true}]}}