{"id":146890,"date":"2025-10-20T09:13:00","date_gmt":"2025-10-20T14:13:00","guid":{"rendered":"https:\/\/elcuartopoder.com.mx\/nw\/?p=146890"},"modified":"2025-10-20T09:13:02","modified_gmt":"2025-10-20T14:13:02","slug":"curly-undercut-el-corte-de-pelo-de-lamine-yamal-que-arrasa-entre-los-hombres-mas-jovenes","status":"publish","type":"post","link":"http:\/\/elcuartopoder.com.mx\/nw\/entretenimiento\/deportes\/curly-undercut-el-corte-de-pelo-de-lamine-yamal-que-arrasa-entre-los-hombres-mas-jovenes\/","title":{"rendered":"&#8216;Curly undercut&#8217;, el corte de pelo de Lamine Yamal que arrasa entre los hombres m\u00e1s j\u00f3venes"},"content":{"rendered":"\n<p>Se le conoce en redes como pelo br\u00f3coli, y aunque es perfecto para el cabello rizado y ondulado, todos quieren lucirlo.<\/p>\n\n\n\n<p>Lamine Yamal\u00a0o el actor Lucien Laviscount son algunos de los famosos que lucen actualmente el\u00a0<strong>&#8216;curly undercut&#8217;,<\/strong>\u00a0pero solo hay que darse una vuelta por cualquier instituto o gimnasio para comprobar que la mayor\u00eda de adolescentes tambi\u00e9n han elegido este corte\u00a0de pelo. De manera informal se le conoce como\u00a0<strong>pelo br\u00f3coli o nido de p\u00e1jaro<\/strong>\u00a0y en TikTok es tendencia, adem\u00e1s, por los memes que ha provocado este singular estilo. El\u00a0<strong>degradado<\/strong>, caracterizado por una gran desconexi\u00f3n entre la parte superior de la cabeza, y los laterales y la nuca, lleva a\u00f1os formando parte de la est\u00e9tica masculina. Se trata de un corte de pelo que admite un mont\u00f3n de variantes y una de ellas es el &#8216;curly undercut&#8217;, que se traducir\u00eda como degradado rizado.<\/p>\n\n\n\n<p>Este corte de pelo es la opci\u00f3n m\u00e1s moderna y estilosa para los hombres con cabello rizado y ondulado. Desde los salones de peluquer\u00eda&nbsp;<strong>David K\u00fcnzle<\/strong>&nbsp;explican c\u00f3mo se hace: \u00abEn los laterales va muy corto, desde abajo hasta casi las sienes. La t\u00e9cnica no es nada complicada, vamos afeitando la parte inferior de la cabeza y llegamos arriba donde dejamos el contraste con los rizos\u00bb.&nbsp;<strong>Quique S\u00e1nchez<\/strong>, director creativo de Espacio Q, a\u00f1ade que \u00abal dejar la parte superior con volumen, se resalta la forma natural del rizo\u00bb.<\/p>\n\n\n\n<p>Aunque es un corte de pelo ideal para\u00a0cabellos ondulados y rizados, se puede lucir tambi\u00e9n en los lisos, que deber\u00e1n someterse a una\u00a0<strong>permanente<\/strong>. El tratamiento que triunf\u00f3 en los 80 y los 90, como otras tendencias de aquellos a\u00f1os, ha vuelto, y una de las razones es el &#8216;curly undercut&#8217;, adem\u00e1s de esa apuesta por la belleza natural que hace a\u00f1os ya trajo de vuelta los rizos, despu\u00e9s de a\u00f1os de ocultarlos.<\/p>\n\n\n\n<figure class=\"wp-block-image size-full\"><img loading=\"lazy\" decoding=\"async\" width=\"760\" height=\"427\" src=\"https:\/\/elcuartopoder.com.mx\/nw\/wp-content\/uploads\/2025\/10\/image-21.png\" alt=\"\" class=\"wp-image-146891\" srcset=\"http:\/\/elcuartopoder.com.mx\/nw\/wp-content\/uploads\/2025\/10\/image-21.png 760w, http:\/\/elcuartopoder.com.mx\/nw\/wp-content\/uploads\/2025\/10\/image-21-300x169.png 300w, http:\/\/elcuartopoder.com.mx\/nw\/wp-content\/uploads\/2025\/10\/image-21-696x391.png 696w\" sizes=\"auto, (max-width: 760px) 100vw, 760px\" \/><\/figure>\n\n\n\n<p><strong>Paul Tudor<\/strong>, director y estilista del sal\u00f3n David K\u00fcnzle Fuencarral, explica que \u00abel &#8216;curly undercyut&#8217; es un corte compatible con cualquier tipo de cabello. Pero para que haya un buen volumen en la parte de arriba,\u00a0<strong>debe haber un largo previo<\/strong>\u00a0que en el caso del curly, debe incluso ser m\u00e1s largo, ya que luego reducir\u00e1 con los rizos. Si adem\u00e1s el pelo es grueso, conviene hacer capas en la zona superior\u00bb.<\/p>\n\n\n\n<p>\u00bfQui\u00e9n debe evitar este corte de pelo que ha conquistado, principalmente, a la generaci\u00f3n Z? Seg\u00fan los estilistas de David K\u00fcnzle, \u00ablos hombres con el pelo m\u00e1s bien fino o con problemas de\u00a0calvicie, ya que tener volumen en la parte de la coronilla es primordial en un undercut. Adem\u00e1s, no es exclusivo de los chicos j\u00f3venes, queda ideal a cualquier edad\u00bb.<\/p>\n\n\n\n<p>En cuanto al mantenimiento, Quique S\u00e1nchez recomienda \u00abrecortar los laterales y la parte posterior cada 3-4 semanas para mantener el contraste. En casa hay que&nbsp;<strong>hidratar el cabello con mascarilla o cremas espec\u00edficas para los rizos<\/strong>, y evitar el exceso de calor, si se usa secador, mejor con difusor\u00bb.<\/p>\n\n\n\n<p>Para peinarlo desde la marca capilar masculina\u00a0<strong>BYRD Hairpro<\/strong>\u00a0recomiendan un\u00a0gel de peinado\u00a0o aceite hidratante: \u00abEl objetivo es definir, dar volumen y forma para que los rizos duren todo el d\u00eda y el resultado sea lo m\u00e1s natural posible. Por supuesto, nos podemos ayudar de los dedos para darles cuerpo. A la hora de elegir un buen gel de styling, hay que ver que entre sus ingredientes haya aceites naturales (de karit\u00e9, coco, arg\u00e1n o jojoba), adem\u00e1s de aloe vera y prote\u00edna vegetal de soja, trigo o arroz\u00bb.<\/p>\n\n\n\n<p>Fuente: ABC<\/p>\n","protected":false},"excerpt":{"rendered":"<p>Se le conoce en redes como pelo br\u00f3coli, y aunque es perfecto para el cabello rizado y ondulado, todos quieren lucirlo. Lamine Yamal\u00a0o el actor Lucien Laviscount son algunos de los famosos que lucen actualmente el\u00a0&#8216;curly undercut&#8217;,\u00a0pero solo hay que darse una vuelta por cualquier instituto o gimnasio para comprobar que la mayor\u00eda de adolescentes [&hellip;]<\/p>\n","protected":false},"author":2,"featured_media":146892,"comment_status":"open","ping_status":"open","sticky":false,"template":"","format":"standard","meta":{"footnotes":""},"categories":[7],"tags":[],"class_list":["post-146890","post","type-post","status-publish","format-standard","has-post-thumbnail","hentry","category-deportes"],"_links":{"self":[{"href":"http:\/\/elcuartopoder.com.mx\/nw\/wp-json\/wp\/v2\/posts\/146890","targetHints":{"allow":["GET"]}}],"collection":[{"href":"http:\/\/elcuartopoder.com.mx\/nw\/wp-json\/wp\/v2\/posts"}],"about":[{"href":"http:\/\/elcuartopoder.com.mx\/nw\/wp-json\/wp\/v2\/types\/post"}],"author":[{"embeddable":true,"href":"http:\/\/elcuartopoder.com.mx\/nw\/wp-json\/wp\/v2\/users\/2"}],"replies":[{"embeddable":true,"href":"http:\/\/elcuartopoder.com.mx\/nw\/wp-json\/wp\/v2\/comments?post=146890"}],"version-history":[{"count":1,"href":"http:\/\/elcuartopoder.com.mx\/nw\/wp-json\/wp\/v2\/posts\/146890\/revisions"}],"predecessor-version":[{"id":146893,"href":"http:\/\/elcuartopoder.com.mx\/nw\/wp-json\/wp\/v2\/posts\/146890\/revisions\/146893"}],"wp:featuredmedia":[{"embeddable":true,"href":"http:\/\/elcuartopoder.com.mx\/nw\/wp-json\/wp\/v2\/media\/146892"}],"wp:attachment":[{"href":"http:\/\/elcuartopoder.com.mx\/nw\/wp-json\/wp\/v2\/media?parent=146890"}],"wp:term":[{"taxonomy":"category","embeddable":true,"href":"http:\/\/elcuartopoder.com.mx\/nw\/wp-json\/wp\/v2\/categories?post=146890"},{"taxonomy":"post_tag","embeddable":true,"href":"http:\/\/elcuartopoder.com.mx\/nw\/wp-json\/wp\/v2\/tags?post=146890"}],"curies":[{"name":"wp","href":"https:\/\/api.w.org\/{rel}","templated":true}]}}