{"id":146923,"date":"2025-10-21T09:36:16","date_gmt":"2025-10-21T14:36:16","guid":{"rendered":"https:\/\/elcuartopoder.com.mx\/nw\/?p=146923"},"modified":"2025-10-21T09:36:17","modified_gmt":"2025-10-21T14:36:17","slug":"la-mano-tortillera","status":"publish","type":"post","link":"http:\/\/elcuartopoder.com.mx\/nw\/politica\/la-mano-tortillera\/","title":{"rendered":"La mano \u201ctortillera\u201d"},"content":{"rendered":"\n<p>El gobierno que le vendi\u00f3 Camiones Dina a Raymundo G\u00f3mez, luego le vendi\u00f3\u00a0Banca Cremi\u00a0en 1991 (que quebr\u00f3 en 2001) y, casi al finalizar el sexenio de Carlos Salinas de Gortari les vendi\u00f3 la joya de la corona: la f\u00e1brica del alimento predilecto de las familias mexicanas:\u00a0Minsa, s\u00ed, la de las tortillas.<\/p>\n\n\n\n<p><strong>El Fobaproa.<\/strong>&nbsp;Esa joya de la creatividad pol\u00edtica mexicana, es&nbsp;<strong>muy del PRI, muy \u201cpre-guinda\u201d.<\/strong>&nbsp;En este caso, no deja \u201cmu\u00f1eca\u201d con cabeza. Es m\u00e1s, la protagonista de esta columna, perder\u00e1 hasta \u201cla gracia\u201d con lo que van a leer.<\/p>\n\n\n\n<p>Precuela.<\/p>\n\n\n\n<p>Siempre hay un cap\u00edtulo previo al Fobaproa, particularmente en el salinismo, que hizo multimillonarios a varios apellidos conocidos, como los Slim con Telmex, quienes jugaban a los m\u00e1s altos niveles; nivel presidente. Pero hubo otros neoempresarios que tambi\u00e9n se beneficiaron de enormes privatizaciones, simplemente a nivel de secretario particular:&nbsp;<strong>C\u00f3rdoba Montoya, anote usted.<\/strong>&nbsp;Y ah\u00ed empieza todo para esta flamante \u201ccabildera del T-MEC 2026\u201d. Arranca con su padre y \u201csu padrino\u201d.<\/p>\n\n\n\n<p><strong>Raymundo G\u00f3mez compr\u00f3 Dina en 1989\u00a0<\/strong>y, casualmente, se convirti\u00f3 en la principal fabricante de autobuses y camiones de carga en M\u00e9xico a finales del siglo XX. Menciono los camiones porque aqu\u00ed se cruzan los destinos, con otra familia priista de superaltos vuelos:\u00a0<strong>los Hank<\/strong>. Tengan paciencia, que este cruce es doble. Ahorita les explico.<\/p>\n\n\n\n<p>El gobierno le vende Camiones Dina a G\u00f3mez. Luego le vende&nbsp;<strong>Banca Cremi&nbsp;<\/strong>en 1991 (que quebr\u00f3 en 2001) y, casi al finalizar el sexenio de CSG, les vende la joya de la corona: la f\u00e1brica del alimento predilecto de las familias mexicanas:&nbsp;<strong>Minsa, s\u00ed, la de las tortillas.<\/strong><\/p>\n\n\n\n<h2 class=\"wp-block-heading\">\u00bfC\u00f3mo se pudo lograr tal cosa?<\/h2>\n\n\n\n<p>Pues por la s\u00f3lida amistad entre Raymundo G\u00f3mez y Jos\u00e9 C\u00f3rdoba Montoya. Una amistad que se convirti\u00f3 en una sociedad empresarial\u2026&nbsp;<strong>en las sombras<\/strong>. \u00bfA qu\u00e9 viene tanta historia? \u00bfQu\u00e9 tiene que ver esto con Morena,&nbsp;<strong>AMLO, Sheinbaum&nbsp;<\/strong>y\u2026 nada m\u00e1s y nada menos que&nbsp;<strong>Beatriz Guti\u00e9rrez M\u00fcller<\/strong>? Todo.<\/p>\n\n\n\n<h2 class=\"wp-block-heading\">Inhale y exhale<\/h2>\n\n\n\n<p>Pues&nbsp;<strong>\u201cel padrino\u201d, C\u00f3rdoba Montoya, est\u00e1 metid\u00edsimo en la \u20184T\u2019.&nbsp;<\/strong>Pero no vayan a pensar que frontalmente. Digamos que&nbsp;<strong>se disfraza de juventud, de coronas y vestidos de princesa,<\/strong>&nbsp;de grandes dise\u00f1adores europeos, de discursos pro-Claudia y proempresariales. S\u00ed, se disfraza de&nbsp;<strong>Altagracia G\u00f3mez.<\/strong><\/p>\n\n\n\n<p>Es la visi\u00f3n de C\u00f3rdoba Montoya, \u201cel padrino\u201d, la que teje la incursi\u00f3n de Altagracia en la vida de Claudia Sheinbaum, la candidata. Es una oportunidad que el poderoso priista y aprendiz-maestro de CSG vio y que no quiso desaprovechar.<\/p>\n\n\n\n<p>Altagracia se col\u00f3 a los c\u00edrculos m\u00e1s cercanos de Claudia. La tra\u00eda en el WhatsApp, capitalizando esa necesidad de proyectar una imagen proempresarios y promujer. Qu\u00e9 mejor que la heredera de uno de los imperios m\u00e1s grandes de M\u00e9xico: el de la tortilla. Qu\u00e9 mejor emblema que el alimento por excelencia de los mexicanos, y \u00a1se logr\u00f3!<\/p>\n\n\n\n<p><strong>Todo se \u201ctransform\u00f3\u201d de manera \u201corg\u00e1nica\u201d en la transici\u00f3n.<\/strong><\/p>\n\n\n\n<p>Altagracia encabez\u00f3 la visi\u00f3n empresarial de la administraci\u00f3n claudista, incluso incomodando a personajes \u201ca modo\u201d como Francisco Cervantes, presidente eterno del CCE.<\/p>\n\n\n\n<h2 class=\"wp-block-heading\">Par de momentos que debemos revivir<\/h2>\n\n\n\n<p>En mayo pasado, el recordatorio del (maldito) Fobaproa (como maldicen la deuda de Pemex de los neoliberales) provoc\u00f3 el exilio p\u00fablico de Altagracia.<\/p>\n\n\n\n<p>La presidenta Sheinbaum se sinti\u00f3 inc\u00f3moda cuando le recordaron que el pap\u00e1 de Altagracia se benefici\u00f3 del Fobaproa (seguro ni lo sab\u00eda). Tuvo una intervenci\u00f3n bastante forzada en la convenci\u00f3n de la ABM por esa acusaci\u00f3n. De hecho, tuvieron que pasar algunos meses para que resurgiera y retomara sus responsabilidades p\u00fablicas en el Plan M\u00e9xico (pura letra y nada de presupuesto p\u00fablico). Y hoy est\u00e1 en la mesa del T-MEC, que se negociar\u00e1 en enero de 2026. Aunque qui\u00e9n sabe si llegue hasta all\u00e1.<\/p>\n\n\n\n<p><strong>\u00bfPor qu\u00e9?&nbsp;<\/strong>Porque hay una casualidad y un abuso, que junto con el Fobaproa (de su pap\u00e1 Raymundo, que s\u00ed es cierto), podr\u00edan descarrilarla por completo y expulsarla para siempre del \u201cOlimpo guinda\u201d.<\/p>\n\n\n\n<p>La casualidad es que&nbsp;<strong>su familia es due\u00f1a del edificio donde se ubica la oficina de la Embajada espa\u00f1ola<\/strong>&nbsp;(en Masaryk y Moli\u00e8re) donde se document\u00f3 que Beatriz Guti\u00e9rrez M\u00fcller acudi\u00f3 a reclamar su nacionalidad espa\u00f1ola, para irse a vivir a La Moraleja, en Madrid.<\/p>\n\n\n\n<p>El abuso es de confianza y de autoridad. Y tiene componentes hist\u00f3ricos. Coment\u00e9 al principio que el apellido G\u00f3mez y el apellido Hank se cruzaron con la compra de Camiones Dina del pap\u00e1 de Altagracia. Porque los Hank son socios de&nbsp;<strong>Mercedes Benz&nbsp;<\/strong>en la planta de camiones de&nbsp;<strong>Freightliner<\/strong>&nbsp;en el Edomex. Son competidores desde entonces, pues. Pero el futuro y los matrimonios los volver\u00edan a poner frente a frente: Maseca.<\/p>\n\n\n\n<p>El 7 de octubre de 2024, la&nbsp;<strong>Cofece<\/strong>&nbsp;concluy\u00f3 que Maseca (<strong>Gruma<\/strong>) \u201cdebe vender cinco de sus plantas, para reactivar la competencia en el mercado de harina en M\u00e9xico\u201d<strong>. \u00bfY a qui\u00e9n creen que se las tiene que vender?&nbsp;<\/strong>Nada m\u00e1s y nada menos que a Minsa.&nbsp;<strong>S\u00ed, a Altagracia.<\/strong><\/p>\n\n\n\n<p>\u00bfC\u00f3mo es que la Cofece actu\u00f3 tan r\u00e1pido y tan espec\u00edfico? \u00bfPor qu\u00e9 actuar\u00eda con tal velocidad, si desaparecer\u00e1n ese organismo aut\u00f3nomo antimonopolio, para pasar sus funciones a la Secretar\u00eda de Econom\u00eda?<\/p>\n\n\n\n<h2 class=\"wp-block-heading\">Fuerte a pico de botella<\/h2>\n\n\n\n<p>Altagracia tuvo la cobertura medi\u00e1tica para confirmar que era ella, y nadie m\u00e1s que ella, la empresaria mujer de mayor confianza de Claudia Sheinbaum, la primera presidenta en la historia de M\u00e9xico. Si C\u00f3rdoba Montoya tuvo la visi\u00f3n para insertar a Altagracia en el primer c\u00edrculo de la ahora presidenta, entonces tambi\u00e9n tuvo la visi\u00f3n para que \u201csu ahijada\u201d pudiera influir para&nbsp;<strong>\u201caplicarle la ley\u201d&nbsp;<\/strong>a Maseca y que Minsa convierta a su CEO en \u201cLa reina de la tortilla\u201d.&nbsp;<strong>Los G\u00f3mez y los C\u00f3rdoba Montoya tendr\u00edan un imperio, al amparo de la \u20184T\u2019, con \u201cel hambre del pueblo\u201d.<\/strong><\/p>\n\n\n\n<h2 class=\"wp-block-heading\">Ag\u00e1rrese<\/h2>\n\n\n\n<p>Asumiendo, como lo gritaba AMLO a los cuatro vientos, que&nbsp;<strong>\u201cel presidente lo sabe todo\u201d<\/strong>, entonces es muy f\u00e1cil concluir que la venta direccionada de Minsa al pap\u00e1 de Altagracia fue un acuerdo entre el presidente con su secretario particular, C\u00f3rdoba Montoya.&nbsp;<strong>El pago a su lealtad<\/strong>. La privatizaci\u00f3n que representar\u00eda el negocio de su vida y su blindaje financiero.&nbsp;<strong>\u00bfQui\u00e9n iba a pensar que \u201cla mano tortillera\u201d mecer\u00eda la cuna del segundo piso de la \u20184T\u2019?<\/strong>&nbsp;Ni en las peores pesadillas de Claudia Sheinbaum.<\/p>\n\n\n\n<p>Fuente: EF<\/p>\n","protected":false},"excerpt":{"rendered":"<p>El gobierno que le vendi\u00f3 Camiones Dina a Raymundo G\u00f3mez, luego le vendi\u00f3\u00a0Banca Cremi\u00a0en 1991 (que quebr\u00f3 en 2001) y, casi al finalizar el sexenio de Carlos Salinas de Gortari les vendi\u00f3 la joya de la corona: la f\u00e1brica del alimento predilecto de las familias mexicanas:\u00a0Minsa, s\u00ed, la de las tortillas. El Fobaproa.&nbsp;Esa joya de [&hellip;]<\/p>\n","protected":false},"author":2,"featured_media":146924,"comment_status":"open","ping_status":"open","sticky":false,"template":"","format":"standard","meta":{"footnotes":""},"categories":[61],"tags":[],"class_list":["post-146923","post","type-post","status-publish","format-standard","has-post-thumbnail","hentry","category-politica"],"_links":{"self":[{"href":"http:\/\/elcuartopoder.com.mx\/nw\/wp-json\/wp\/v2\/posts\/146923","targetHints":{"allow":["GET"]}}],"collection":[{"href":"http:\/\/elcuartopoder.com.mx\/nw\/wp-json\/wp\/v2\/posts"}],"about":[{"href":"http:\/\/elcuartopoder.com.mx\/nw\/wp-json\/wp\/v2\/types\/post"}],"author":[{"embeddable":true,"href":"http:\/\/elcuartopoder.com.mx\/nw\/wp-json\/wp\/v2\/users\/2"}],"replies":[{"embeddable":true,"href":"http:\/\/elcuartopoder.com.mx\/nw\/wp-json\/wp\/v2\/comments?post=146923"}],"version-history":[{"count":1,"href":"http:\/\/elcuartopoder.com.mx\/nw\/wp-json\/wp\/v2\/posts\/146923\/revisions"}],"predecessor-version":[{"id":146925,"href":"http:\/\/elcuartopoder.com.mx\/nw\/wp-json\/wp\/v2\/posts\/146923\/revisions\/146925"}],"wp:featuredmedia":[{"embeddable":true,"href":"http:\/\/elcuartopoder.com.mx\/nw\/wp-json\/wp\/v2\/media\/146924"}],"wp:attachment":[{"href":"http:\/\/elcuartopoder.com.mx\/nw\/wp-json\/wp\/v2\/media?parent=146923"}],"wp:term":[{"taxonomy":"category","embeddable":true,"href":"http:\/\/elcuartopoder.com.mx\/nw\/wp-json\/wp\/v2\/categories?post=146923"},{"taxonomy":"post_tag","embeddable":true,"href":"http:\/\/elcuartopoder.com.mx\/nw\/wp-json\/wp\/v2\/tags?post=146923"}],"curies":[{"name":"wp","href":"https:\/\/api.w.org\/{rel}","templated":true}]}}