{"id":146962,"date":"2025-10-21T16:05:14","date_gmt":"2025-10-21T21:05:14","guid":{"rendered":"https:\/\/elcuartopoder.com.mx\/nw\/?p=146962"},"modified":"2025-10-21T16:05:15","modified_gmt":"2025-10-21T21:05:15","slug":"rafael-yuste-neurocientifico-necesitamos-una-ley-supranacional-que-proteja-el-cerebro-humano-de-la-tecnologia","status":"publish","type":"post","link":"http:\/\/elcuartopoder.com.mx\/nw\/opinion\/rafael-yuste-neurocientifico-necesitamos-una-ley-supranacional-que-proteja-el-cerebro-humano-de-la-tecnologia\/","title":{"rendered":"Rafael Yuste, neurocient\u00edfico: \u00abNecesitamos una ley supranacional que proteja el cerebro humano de la tecnolog\u00eda\u00bb"},"content":{"rendered":"\n<p>Ha dedicado su vida a entender c\u00f3mo funciona el \u00f3rgano humano m\u00e1s misterioso. Ahora regresa a Espa\u00f1a para impulsar desde Madrid el primer Centro Nacional de Neurotecnolog\u00eda y convertirlo en un referente internacional.<\/p>\n\n\n\n<p>Rafael Yuste\u00a0estudi\u00f3 Medicina en la Universidad Aut\u00f3noma de Madrid. Fue en Estados Unidos donde hizo su tesis y lleva casi 40 a\u00f1os en ese pa\u00eds donde es director del Centro de Neurotecnolog\u00eda de la Universidad de Columbia, en Nueva York. Yuste fue uno\u00a0de los ide\u00f3logos del proyecto BRAIN , una iniciativa apasionante que tiene como objetivo\u00a0cartografiar el cerebro humano. Ahora vuelve a Espa\u00f1a para impulsar el nuevo Centro Nacional de Neurotecnolog\u00eda, que aspira a convertirse en un referente internacional en el desarrollo de nuevos avances a trav\u00e9s de la integraci\u00f3n de las neurociencias, la inteligencia artificial y la \u00e9tica.<\/p>\n\n\n\n<p><strong>-Lleva casi 40 a\u00f1os en Estados Unidos. \u00bfEsta idea del Centro Nacional de Neurotecnolog\u00eda nace de su deseo de devolver algo a las instituciones espa\u00f1olas donde se form\u00f3?<\/strong><\/p>\n\n\n\n<p>-S\u00ed, cada vez siento m\u00e1s esa necesidad. Llevo casi 40 a\u00f1os fuera. Me ha ido muy bien en Estados Unidos, donde he desarrollado muchos proyectos, incluido el Proyecto Brain. Pero en Espa\u00f1a, de alguna manera, he sido \u00abun cero a la izquierda\u00bb, perdido para la causa. La idea es incorporarme de nuevo, con mi trabajo y mi esfuerzo, para mejorar la ciencia en Espa\u00f1a.<\/p>\n\n\n\n<p><strong>-\u00bfC\u00f3mo surge esta idea?<\/strong><\/p>\n\n\n\n<p>-Este proyecto surgi\u00f3 de la tragedia del Covid. El impulso inicial vino de la Comunidad de Madrid, pero el gran empuje lleg\u00f3 del Gobierno con los Fondos Europeos de Reconstrucci\u00f3n. La entonces vicepresidenta Calvi\u00f1o [Nadia] me pidi\u00f3 opini\u00f3n sobre c\u00f3mo invertirlos, y le propuse la idea de un proyecto sobre el cerebro para Espa\u00f1a. De ah\u00ed naci\u00f3 el Centro Nacional de Neurotecnolog\u00eda (CNN) o Spain Neurotech. De una tragedia ha surgido algo muy valioso para Espa\u00f1a, y quiero contribuir con la mejor intenci\u00f3n a desarrollarlo y situar al pa\u00eds en la primera l\u00ednea mundial en neurotecnolog\u00eda. Se trata de un consorcio p\u00fablico formado por tres actores: el Estado Espa\u00f1ol, la Comunidad de Madrid y la Universidad Aut\u00f3noma, que aporta un edificio en el campus de Cantoblanco. El acuerdo se firm\u00f3 en diciembre de 2024. Estas tres administraciones se comprometen a invertir 200 millones de euros en un periodo de 15 a\u00f1os, seg\u00fan el calendario establecido en el documento de creaci\u00f3n del consorcio, publicado en el BOE en enero.<\/p>\n\n\n\n<p><strong>-\u00bfSer\u00eda una versi\u00f3n espa\u00f1ola del Proyecto Brain estadounidense?<\/strong><\/p>\n\n\n\n<p>-Exactamente. La idea original del Brain era crear un gran laboratorio nacional de neurotecnolog\u00eda, una especie de observatorio cerebral, como los astron\u00f3micos, donde los neurobi\u00f3logos pudieran utilizar ciertos instrumentos sin coste. Ese modelo, un laboratorio central conectado con una red nacional, es el que propusimos a Calvi\u00f1o y a la Comunidad de Madrid.<\/p>\n\n\n\n<p><strong>-\u00bfY ese ser\u00e1 el objetivo del centro?<\/strong><\/p>\n\n\n\n<p>-S\u00ed, pretende ser ese laboratorio central de neurotecnolog\u00eda al servicio de investigadores, hospitales y empresas en toda Espa\u00f1a, conectados en red para trabajar conjuntamente.<\/p>\n\n\n\n<p><strong>-\u00bfQu\u00e9 tipo de centros podr\u00e1n acceder?<\/strong><\/p>\n\n\n\n<p>-Centros de investigaci\u00f3n (universidades o del CSIC), hospitales, porque se desarrollar\u00e1n tambi\u00e9n m\u00e9todos cl\u00ednicos, y empresas, ya que tambi\u00e9n crear\u00e1 dispositivos con aplicaci\u00f3n comercial. En resumen: ser\u00e1 una f\u00e1brica de neurotecnolog\u00eda.<\/p>\n\n\n\n<p><strong>-\u00bfQu\u00e9 entendemos por neurotecnolog\u00eda?<\/strong><\/p>\n\n\n\n<p>-Son dispositivos, herramientas o m\u00e9todos que sirven para medir o modificar la actividad del cerebro. Algunos son electr\u00f3nicos, otros magn\u00e9ticos, ac\u00fasticos, \u00f3pticos o moleculares. Y todos integran inteligencia artificial, que es fundamental para procesar los datos y controlar los dispositivos. En el edificio de la Aut\u00f3noma podr\u00edan trabajar unas 400 personas desarrollando este tipo de tecnolog\u00edas con tres objetivos: cient\u00edfico: para entender mejor c\u00f3mo funciona el cerebro; cl\u00ednico: para diagnosticar y tratar enfermedades neurol\u00f3gicas y psiqui\u00e1tricas, y empresarial: fomentar la creaci\u00f3n de startups espa\u00f1olas en neurotecnolog\u00eda. Todo ello bajo un marco \u00e9tico y de respeto a los derechos humanos. Hemos dise\u00f1ado el centro con cinco departamentos: Neurobiolog\u00eda, Neuroingenier\u00eda, Neurocl\u00ednica, Emprendimiento y \u00c9tica y Derechos Humanos.<\/p>\n\n\n\n<p><strong>-La neurotecnolog\u00eda plantea dilemas \u00e9ticos. \u00bfC\u00f3mo se gestionar\u00e1 ese aspecto?<\/strong><\/p>\n\n\n\n<p>-Habr\u00e1 un departamento dedicado exclusivamente a ello, posiblemente con unas 20 personas que trabajar\u00e1n en el desarrollo de marcos \u00e9ticos y legales. Hoy en d\u00eda no existe apenas regulaci\u00f3n sobre neurotecnolog\u00eda a nivel jur\u00eddico. Gran parte de mi trabajo se centra en desarrollar lo que llamamos neuroderechos: normas legales que protejan la actividad cerebral desde el punto de vista de los derechos humanos. Este departamento contar\u00e1 con abogados, expertos en legislaci\u00f3n y en derechos del consumidor, y trabajar\u00e1 codo a codo con cient\u00edficos e ingenieros para que las normas se construyan sobre conocimiento real, no te\u00f3rico.<\/p>\n\n\n\n<p><strong>-Su grupo propuso en 2017, en Nature, un protocolo de nuevos derechos humanos, los neuroderechos.<\/strong><\/p>\n\n\n\n<p>-Ese art\u00edculo lo firmamos 25 expertos del Morningside Group, llamado as\u00ed por el barrio de Manhattan donde est\u00e1 la Universidad de Columbia. Tras tres d\u00edas de debate concluimos que los desaf\u00edos \u00e9ticos y sociales de la neurotecnolog\u00eda deb\u00edan abordarse como un problema de derechos humanos. En 2017 lanzamos la alerta, pero luego decid\u00ed involucrarme activamente. Tuvimos un momento &#8216;Oppenheimer&#8217; en el laboratorio: descubrimos que pod\u00edamos no solo descodificar el cerebro de un rat\u00f3n, sino tambi\u00e9n manipularlo y controlar su comportamiento. Desde el punto de vista cient\u00edfico fue un avance enorme, pero \u00e9ticamente me estremeci\u00f3. Comprend\u00ed que algo as\u00ed podr\u00eda hacerse en humanos en el futuro. Por eso creamos la Fundaci\u00f3n Neuroderechos, sin \u00e1nimo de lucro, que presido. Dedicamos buena parte del tiempo a dialogar con parlamentos, pol\u00edticos y organismos internacionales. Gracias a ello, ya hay cinco lugares en el mundo donde la actividad cerebral est\u00e1 protegida por ley. En Espa\u00f1a estamos trabajando con Cantabria, que incluir\u00e1 la protecci\u00f3n de neurodatos en su ley de salud digital.<\/p>\n\n\n\n<p><strong>-\u00bfNo ser\u00eda necesaria una regulaci\u00f3n a nivel europeo o incluso mundial?<\/strong><\/p>\n\n\n\n<p>-Lo ideal ser\u00eda una regulaci\u00f3n supranacional. Llevamos a\u00f1os trabajando en ello: estuvimos en el Parlamento Europeo hace seis a\u00f1os y seguimos impulsando una ley de neuroprotecci\u00f3n para toda Europa. Aunque existen el Reglamento General de Protecci\u00f3n de Datos y la futura ley de inteligencia artificial, a\u00fan no cubren suficientemente el \u00e1mbito de la neurotecnolog\u00eda. A la vez, colaboramos con Naciones Unidas, especialmente con el Comit\u00e9 de Derechos Humanos de Ginebra, que ha aprobado estudiar la inclusi\u00f3n de los neuroderechos.<\/p>\n\n\n\n<p><strong>-La neurotecnolog\u00eda aplicada cl\u00ednicamente es ya un realidad<\/strong><\/p>\n\n\n\n<p>-As\u00ed es y sus aplicaciones cl\u00ednicas son enormes. Cuanto m\u00e1s r\u00e1pido avancemos, mejor, porque hay millones de pacientes con enfermedades cerebrales, alzh\u00e9imer, p\u00e1rkinson, esquizofrenia, autismo, que necesitan soluciones. Los dispositivos m\u00e9dicos est\u00e1n regulados y los datos que generan est\u00e1n protegidos por ley. El problema surge cuando estas tecnolog\u00edas saltan al mercado de consumo. Cada vez hay m\u00e1s dispositivos port\u00e1tiles que se venden directamente, como cascos de electroencefalograf\u00eda capaces de descodificar el habla interna. El mercado crece a un ritmo del 30% anual y ya supera los 6.000 millones de euros. Esto puede tener aplicaciones \u00fatiles; por ejemplo, dictar textos o manejar equipos solo con el pensamiento, pero tambi\u00e9n riesgos si las empresas usan o venden esos datos cerebrales sin garant\u00edas. Debemos asegurarnos de que est\u00e9n legalmente protegidos.<\/p>\n\n\n\n<p>Fuente: ABC<\/p>\n","protected":false},"excerpt":{"rendered":"<p>Ha dedicado su vida a entender c\u00f3mo funciona el \u00f3rgano humano m\u00e1s misterioso. Ahora regresa a Espa\u00f1a para impulsar desde Madrid el primer Centro Nacional de Neurotecnolog\u00eda y convertirlo en un referente internacional. Rafael Yuste\u00a0estudi\u00f3 Medicina en la Universidad Aut\u00f3noma de Madrid. Fue en Estados Unidos donde hizo su tesis y lleva casi 40 a\u00f1os [&hellip;]<\/p>\n","protected":false},"author":2,"featured_media":146963,"comment_status":"open","ping_status":"open","sticky":false,"template":"","format":"standard","meta":{"footnotes":""},"categories":[62],"tags":[],"class_list":["post-146962","post","type-post","status-publish","format-standard","has-post-thumbnail","hentry","category-opinion"],"_links":{"self":[{"href":"http:\/\/elcuartopoder.com.mx\/nw\/wp-json\/wp\/v2\/posts\/146962","targetHints":{"allow":["GET"]}}],"collection":[{"href":"http:\/\/elcuartopoder.com.mx\/nw\/wp-json\/wp\/v2\/posts"}],"about":[{"href":"http:\/\/elcuartopoder.com.mx\/nw\/wp-json\/wp\/v2\/types\/post"}],"author":[{"embeddable":true,"href":"http:\/\/elcuartopoder.com.mx\/nw\/wp-json\/wp\/v2\/users\/2"}],"replies":[{"embeddable":true,"href":"http:\/\/elcuartopoder.com.mx\/nw\/wp-json\/wp\/v2\/comments?post=146962"}],"version-history":[{"count":1,"href":"http:\/\/elcuartopoder.com.mx\/nw\/wp-json\/wp\/v2\/posts\/146962\/revisions"}],"predecessor-version":[{"id":146964,"href":"http:\/\/elcuartopoder.com.mx\/nw\/wp-json\/wp\/v2\/posts\/146962\/revisions\/146964"}],"wp:featuredmedia":[{"embeddable":true,"href":"http:\/\/elcuartopoder.com.mx\/nw\/wp-json\/wp\/v2\/media\/146963"}],"wp:attachment":[{"href":"http:\/\/elcuartopoder.com.mx\/nw\/wp-json\/wp\/v2\/media?parent=146962"}],"wp:term":[{"taxonomy":"category","embeddable":true,"href":"http:\/\/elcuartopoder.com.mx\/nw\/wp-json\/wp\/v2\/categories?post=146962"},{"taxonomy":"post_tag","embeddable":true,"href":"http:\/\/elcuartopoder.com.mx\/nw\/wp-json\/wp\/v2\/tags?post=146962"}],"curies":[{"name":"wp","href":"https:\/\/api.w.org\/{rel}","templated":true}]}}