{"id":147014,"date":"2025-10-22T06:42:48","date_gmt":"2025-10-22T11:42:48","guid":{"rendered":"https:\/\/elcuartopoder.com.mx\/nw\/?p=147014"},"modified":"2025-10-22T06:42:49","modified_gmt":"2025-10-22T11:42:49","slug":"sheinbaum-detenidos-2-mil-382-mexicanos-en-eu-durante-administracion-de-trump","status":"publish","type":"post","link":"http:\/\/elcuartopoder.com.mx\/nw\/internacionales\/sheinbaum-detenidos-2-mil-382-mexicanos-en-eu-durante-administracion-de-trump\/","title":{"rendered":"Sheinbaum: detenidos, 2 mil 382 mexicanos en EU durante administraci\u00f3n de Trump"},"content":{"rendered":"\n<p><em>Ciudad de M\u00e9xico.&nbsp;<\/em>Del inicio de la administraci\u00f3n de Donald Trump a la fecha, han sido detenidos 2 mil 382 mexicanos que viv\u00edan en Estados Unidos, inform\u00f3 la presidenta Claudia Sheinbaum Pardo.<\/p>\n\n\n\n<p>En la ma\u00f1anera, se\u00f1al\u00f3 a pregunta sobre la cantidad de connacionales que han sufrido aprehensiones de parte de agentes del Servicio de Control de Inmigraci\u00f3n y Aduanas (ICE, por sus siglas en ingl\u00e9s).<\/p>\n\n\n\n<p>De ese total, se\u00f1al\u00f3, del 6 de junio \u2014cuando se incrementaron las redadas antimigratorias\u2014 al 20 de octubre se registraron mil 390 paisanos arrestados, equivalente a 58.3 por ciento del total.<\/p>\n\n\n\n<p>La jefa del Ejecutivo dijo que en breve convocar\u00e1 a la ma\u00f1anera al canciller Juan Ram\u00f3n de la Fuente y al subsecretario para Am\u00e9rica del Norte de la Secretar\u00eda de Relaciones Exteriores, Roberto Velasco, para que presenten m\u00e1s detalles en torno a la situaci\u00f3n de los mexicanos en Estados Unidos, el apoyo consular que se les ha brindado y las notas diplom\u00e1ticas que se han enviado a Washington.<\/p>\n\n\n\n<p>Confirm\u00f3 que en la reuni\u00f3n que la semana pasada tuvieron en Washington el canciller De la Fuente y el secretario de Estado estadunidense, Marco Rubio, se abord\u00f3 el tema de los migrantes mexicanos.<\/p>\n\n\n\n<p>\u201cLos abordamos cada vez (que hay un encuentro) haciendo patente que no estamos de acuerdo con la manera que se trata a los hermanos migrantes all\u00e1\u201d, sostuvo.<\/p>\n\n\n\n<p>Refiri\u00f3 que cuando un connacional al que se le violaron sus derechos o es v\u00edctima de alg\u00fan abuso en estos operativos antimigratorios, es acompa\u00f1ado por el apoyo consular con abogados.<\/p>\n\n\n\n<p>Asimismo, evit\u00f3 pronunciarse sobre las protestas en Estados Unidos en contra de Trump<\/p>\n\n\n\n<p>Fuente: la jornada<\/p>\n","protected":false},"excerpt":{"rendered":"<p>Ciudad de M\u00e9xico.&nbsp;Del inicio de la administraci\u00f3n de Donald Trump a la fecha, han sido detenidos 2 mil 382 mexicanos que viv\u00edan en Estados Unidos, inform\u00f3 la presidenta Claudia Sheinbaum Pardo. En la ma\u00f1anera, se\u00f1al\u00f3 a pregunta sobre la cantidad de connacionales que han sufrido aprehensiones de parte de agentes del Servicio de Control de [&hellip;]<\/p>\n","protected":false},"author":2,"featured_media":147015,"comment_status":"open","ping_status":"open","sticky":false,"template":"","format":"standard","meta":{"footnotes":""},"categories":[8],"tags":[],"class_list":["post-147014","post","type-post","status-publish","format-standard","has-post-thumbnail","hentry","category-internacionales"],"_links":{"self":[{"href":"http:\/\/elcuartopoder.com.mx\/nw\/wp-json\/wp\/v2\/posts\/147014","targetHints":{"allow":["GET"]}}],"collection":[{"href":"http:\/\/elcuartopoder.com.mx\/nw\/wp-json\/wp\/v2\/posts"}],"about":[{"href":"http:\/\/elcuartopoder.com.mx\/nw\/wp-json\/wp\/v2\/types\/post"}],"author":[{"embeddable":true,"href":"http:\/\/elcuartopoder.com.mx\/nw\/wp-json\/wp\/v2\/users\/2"}],"replies":[{"embeddable":true,"href":"http:\/\/elcuartopoder.com.mx\/nw\/wp-json\/wp\/v2\/comments?post=147014"}],"version-history":[{"count":1,"href":"http:\/\/elcuartopoder.com.mx\/nw\/wp-json\/wp\/v2\/posts\/147014\/revisions"}],"predecessor-version":[{"id":147016,"href":"http:\/\/elcuartopoder.com.mx\/nw\/wp-json\/wp\/v2\/posts\/147014\/revisions\/147016"}],"wp:featuredmedia":[{"embeddable":true,"href":"http:\/\/elcuartopoder.com.mx\/nw\/wp-json\/wp\/v2\/media\/147015"}],"wp:attachment":[{"href":"http:\/\/elcuartopoder.com.mx\/nw\/wp-json\/wp\/v2\/media?parent=147014"}],"wp:term":[{"taxonomy":"category","embeddable":true,"href":"http:\/\/elcuartopoder.com.mx\/nw\/wp-json\/wp\/v2\/categories?post=147014"},{"taxonomy":"post_tag","embeddable":true,"href":"http:\/\/elcuartopoder.com.mx\/nw\/wp-json\/wp\/v2\/tags?post=147014"}],"curies":[{"name":"wp","href":"https:\/\/api.w.org\/{rel}","templated":true}]}}