{"id":147023,"date":"2025-10-22T06:47:14","date_gmt":"2025-10-22T11:47:14","guid":{"rendered":"https:\/\/elcuartopoder.com.mx\/nw\/?p=147023"},"modified":"2025-10-22T06:47:38","modified_gmt":"2025-10-22T11:47:38","slug":"mundial-de-futbol-6-demostrara-capacidad-de-cancun-previo-a-la-copa-del-mundo","status":"publish","type":"post","link":"http:\/\/elcuartopoder.com.mx\/nw\/municipales\/mundial-de-futbol-6-demostrara-capacidad-de-cancun-previo-a-la-copa-del-mundo\/","title":{"rendered":"Mundial de Futbol 6 demostrar\u00e1 capacidad de Canc\u00fan previo a la Copa del Mundo"},"content":{"rendered":"\n<p>Se prev\u00e9 que el Mundial de Futbol 6 en Canc\u00fan deje alrededor de 100 millones de pesos en derrama econ\u00f3mica.<\/p>\n\n\n\n<p>El&nbsp;<strong>Mundial de Futbol 6<\/strong>&nbsp;ser\u00e1 el pre\u00e1mbulo y el escenario perfecto para que Canc\u00fan demuestre su capacidad operativa y log\u00edstica con miras al&nbsp;<strong>a la Copa del Mundo 2026<\/strong>&nbsp;que se celebrar\u00e1 en M\u00e9xico, Estados Unidos y Canad\u00e1.<\/p>\n\n\n\n<p>Es por ello que el destino se prepara para ser la sede de este evento de balompi\u00e9 del&nbsp;<strong>28 de noviembre al 7 de diciembre<\/strong>, que contar\u00e1 con la participaci\u00f3n de 48 pa\u00edses, inform\u00f3 Alejandro Luna L\u00f3pez, director del Instituto Municipal del Deporte.<\/p>\n\n\n\n<p>El funcionario destac\u00f3 que el encuentro deportivo no solo representa una importante actividad con la que se empezar\u00e1 sentir la fiebre mundialista, sino una oportunidad econ\u00f3mica para la ciudad,&nbsp;<strong>con una derrama econ\u00f3mica estimada de 100 millones de pesos<\/strong>.<\/p>\n\n\n\n<p>El entrevistado agreg\u00f3 que el turismo deportivo se ha consolidado como un sector econ\u00f3mico clave para Canc\u00fan:<\/p>\n\n\n\n<p><em>\u00abEl turismo deportivo ya no es espor\u00e1dico, ya es un sector, un segmento econ\u00f3mico de nuestra ciudad en desarrollo\u00bb.<\/em><\/p>\n\n\n\n<blockquote class=\"wp-block-quote is-layout-flow wp-block-quote-is-layout-flow\">\n<p><\/p>\n<\/blockquote>\n\n\n\n<p>Asimismo, dijo que la derrama del&nbsp;<strong>Mundial de Futbol 6<\/strong>&nbsp;en Canc\u00fan impactar\u00e1 diversas \u00e1reas de la econom\u00eda local, incluyendo la hoteler\u00eda, transporte y movilidad, vuelos y aeropuerto<strong>, as\u00ed como en el comercio local<\/strong>.<\/p>\n\n\n\n<p>Se espera que los&nbsp;<strong>participantes y sus familias permanezcan en la ciudad por 10 d\u00edas<\/strong>. El hospedaje se concentrar\u00e1 en&nbsp;<strong>hoteles del centro y alrededor de Tajamar, extendi\u00e9ndose hasta la avenida Tulum<\/strong>, lo que busca impactar positivamente esta zona de la ciudad.<\/p>\n\n\n\n<p><em>\u00abEstamos preparados para utilizar este escenario que se viene y estas condiciones para que Canc\u00fan pueda seguir siendo esta ventana de M\u00e9xico al mundo\u00bb,<\/em> se\u00f1al\u00f3.<\/p>\n\n\n\n<p>Bajo las \u00f3rdenes de la presidenta municipal, Ana Paty Peralta, las autoridades est\u00e1n coordinando la log\u00edstica operativa con diversas dependencias, incluyendo: Seguridad P\u00fablica Ciudadana y Tr\u00e1nsito, Protecci\u00f3n Civil. Ecolog\u00eda con dependencias estatales como la Secretar\u00eda de Turismo y la Comisi\u00f3n del deporte de Quintana Roo.<\/p>\n\n\n\n<p>Esta colaboraci\u00f3n busca garantizar un \u00abexcelente servicio\u00bb y atraer futuros eventos deportivos de gran magnitud.<\/p>\n\n\n\n<p>Finalmente, el evento de noviembre servir\u00e1 para generar \u00abcohesi\u00f3n social\u00bb y preparar a la ciudadan\u00eda para el ambiente mundialista del 2026, con la posibilidad de organizar un Fan Fest y crear espacios para \u00abconvivir y generar cohesi\u00f3n social\u00bb alrededor de la fiebre del f\u00fatbol, permitiendo a los cancunenses ver los partidos en una \u00abbuena pantalla\u00bb y sentir el esp\u00edritu del mundial.<\/p>\n\n\n\n<p>Fuente: SIPSE<\/p>\n","protected":false},"excerpt":{"rendered":"<p>Se prev\u00e9 que el Mundial de Futbol 6 en Canc\u00fan deje alrededor de 100 millones de pesos en derrama econ\u00f3mica. El&nbsp;Mundial de Futbol 6&nbsp;ser\u00e1 el pre\u00e1mbulo y el escenario perfecto para que Canc\u00fan demuestre su capacidad operativa y log\u00edstica con miras al&nbsp;a la Copa del Mundo 2026&nbsp;que se celebrar\u00e1 en M\u00e9xico, Estados Unidos y Canad\u00e1. [&hellip;]<\/p>\n","protected":false},"author":2,"featured_media":147024,"comment_status":"open","ping_status":"open","sticky":false,"template":"","format":"standard","meta":{"footnotes":""},"categories":[6],"tags":[],"class_list":["post-147023","post","type-post","status-publish","format-standard","has-post-thumbnail","hentry","category-municipales"],"_links":{"self":[{"href":"http:\/\/elcuartopoder.com.mx\/nw\/wp-json\/wp\/v2\/posts\/147023","targetHints":{"allow":["GET"]}}],"collection":[{"href":"http:\/\/elcuartopoder.com.mx\/nw\/wp-json\/wp\/v2\/posts"}],"about":[{"href":"http:\/\/elcuartopoder.com.mx\/nw\/wp-json\/wp\/v2\/types\/post"}],"author":[{"embeddable":true,"href":"http:\/\/elcuartopoder.com.mx\/nw\/wp-json\/wp\/v2\/users\/2"}],"replies":[{"embeddable":true,"href":"http:\/\/elcuartopoder.com.mx\/nw\/wp-json\/wp\/v2\/comments?post=147023"}],"version-history":[{"count":2,"href":"http:\/\/elcuartopoder.com.mx\/nw\/wp-json\/wp\/v2\/posts\/147023\/revisions"}],"predecessor-version":[{"id":147026,"href":"http:\/\/elcuartopoder.com.mx\/nw\/wp-json\/wp\/v2\/posts\/147023\/revisions\/147026"}],"wp:featuredmedia":[{"embeddable":true,"href":"http:\/\/elcuartopoder.com.mx\/nw\/wp-json\/wp\/v2\/media\/147024"}],"wp:attachment":[{"href":"http:\/\/elcuartopoder.com.mx\/nw\/wp-json\/wp\/v2\/media?parent=147023"}],"wp:term":[{"taxonomy":"category","embeddable":true,"href":"http:\/\/elcuartopoder.com.mx\/nw\/wp-json\/wp\/v2\/categories?post=147023"},{"taxonomy":"post_tag","embeddable":true,"href":"http:\/\/elcuartopoder.com.mx\/nw\/wp-json\/wp\/v2\/tags?post=147023"}],"curies":[{"name":"wp","href":"https:\/\/api.w.org\/{rel}","templated":true}]}}