{"id":147030,"date":"2025-10-22T06:52:01","date_gmt":"2025-10-22T11:52:01","guid":{"rendered":"https:\/\/elcuartopoder.com.mx\/nw\/?p=147030"},"modified":"2025-10-22T06:52:03","modified_gmt":"2025-10-22T11:52:03","slug":"que-es-hamas-y-otras-claves-para-entender-el-conflicto-entre-israel-y-palestina","status":"publish","type":"post","link":"http:\/\/elcuartopoder.com.mx\/nw\/destacadas\/que-es-hamas-y-otras-claves-para-entender-el-conflicto-entre-israel-y-palestina\/","title":{"rendered":"Qu\u00e9 es Ham\u00e1s y otras claves para entender el conflicto entre Israel y Palestina"},"content":{"rendered":"\n<p>El s\u00e1bado 7 de octubre de 2023 se registr\u00f3 un sorpresivo ataque por parte del grupo militante palestino Ham\u00e1s contra el sur de\u00a0Israel, por muchos considerado como el peor que ha sufrido el pa\u00eds desde su creaci\u00f3n.<\/p>\n\n\n\n<p>Ham\u00e1s es una organizaci\u00f3n pol\u00edtica y militar palestina, considerada como un grupo terrorista por varios pa\u00edses, incluidos Estados Unidos e Israel.<\/p>\n\n\n\n<p>El s\u00e1bado 7 de octubre de 2023, se registr\u00f3 un sorpresivo ataque por parte de Ham\u00e1s desde la Franja de Gaza hacia el sur de\u00a0Israel, por muchos considerado como el peor que ha sufrido el pa\u00eds\u00a0desde su creaci\u00f3n. En respuesta, el gobierno israel\u00ed declar\u00f3 formalmente la guerra el d\u00eda siguiente,<strong>\u00a0autorizando \u201cacciones militares significativas\u201d contra el grupo de militantes palestinos<\/strong>.\u00a0<\/p>\n\n\n\n<p>El viernes 13, casi una semana despu\u00e9s, la infanter\u00eda israel\u00ed realiz\u00f3 sus primeras incursiones en la Franja de Gaza desde la ofensiva de Ham\u00e1s, y el primer ministro de Israel, Benjamin Netanyahu, dijo que la campa\u00f1a de represalias no hab\u00eda hecho m\u00e1s que empezar. Estas son algunas claves para entender la reciente escalada de violencia en el\u00a0largo conflicto palestino-israel\u00ed.<\/p>\n\n\n\n<h2 class=\"wp-block-heading\">\u00bfQu\u00e9 es Ham\u00c1s?<\/h2>\n\n\n\n<p>Ham\u00e1s es una organizaci\u00f3n pol\u00edtica y militar palestina, considerada como un grupo terrorista por varios pa\u00edses, incluidos Estados Unidos e Israel. Se form\u00f3 en 1987 y su objetivo declarado es\u00a0<strong>la liberaci\u00f3n de Palestina<\/strong>. Utiliza tanto estrategias pol\u00edticas como militares, incluyendo ataques contra civiles y fuerzas militares israel\u00edes.<\/p>\n\n\n\n<p>Ham\u00e1s, cuyo nombre es un acr\u00f3nimo en \u00e1rabe para el Movimiento de Resistencia Isl\u00e1mica, actualmente controla la&nbsp;<strong>Franja de Gaza<\/strong>. Desde su toma de poder en Gaza en 2007, ha estado en conflicto con Israel, siendo su objetivo la destrucci\u00f3n de este \u00faltimo y la creaci\u00f3n de un estado isl\u00e1mico independiente en el territorio hist\u00f3rico de Palestina\u200b<\/p>\n\n\n\n<h2 class=\"wp-block-heading\">\u00bfC\u00f3mo ocurri\u00f3 el ataque de ham\u00e1s?<\/h2>\n\n\n\n<p>La l\u00ednea divisoria entre Israel y Gaza est\u00e1 altamente reforzada. La idea detr\u00e1s de&nbsp;<strong>la valla coronada con alambre espinoso<\/strong>&nbsp;era ser un obst\u00e1culo eficaz para evitar precisamente la clase de incursiones que ocurrieron en este asalto.<\/p>\n\n\n\n<p>No obstante, combatientes de Ham\u00e1s\u00a0consiguieron franquear las defensas\u00a0utilizando excavadoras para cortar aberturas en los alambres y penetrar en Israel a trav\u00e9s del mar y en parapente, adem\u00e1s de lanzar miles de cohetes contra territorio israel\u00ed.<\/p>\n\n\n\n<figure class=\"wp-block-image\"><img decoding=\"async\" src=\"https:\/\/content.nationalgeographic.com.es\/medio\/2023\/10\/31\/conflicto-palestino-israeli-2023_7dab7ef7_231031123627_800x502.jpg\" alt=\"Conflicto palestino-israel\u00ed 2023\"\/><figcaption class=\"wp-element-caption\">AP Photo\/Hatem Ali<\/figcaption><\/figure>\n\n\n\n<p>La entrada de militantes palestinos en suelo israel\u00ed otorg\u00f3 al grupo islamista la capacidad no solo de infligir bajas dentro de Israel, sino tambi\u00e9n de tomar personas como rehenes.<\/p>\n\n\n\n<p>El ataque fue inesperado y coincidi\u00f3 con la celebraci\u00f3n de&nbsp;<strong>la festividad de Sucot en Israel<\/strong>. Los grupos armados involucrados incluyeron principalmente a Ham\u00e1s y la Yihad Isl\u00e1mica Palestina, con el apoyo de otras agrupaciones y el presunto apoyo de Ir\u00e1n. El ataque fue lanzado desde la&nbsp;<strong>Franja de Gaza<\/strong>, utilizando una combinaci\u00f3n de cohetes y veh\u00edculos transportados.<\/p>\n\n\n\n<p>Como resultado del ataque sorpresa, centenares de personas murieron, y muchas fueron tomadas como rehenes. Desde entonces al menos&nbsp;<strong>1.400 personas murieron en Israel<\/strong>, la mayor\u00eda durante el ataque del 7 de octubre, incluyendo ciudadanos de varios pa\u00edses. Unos 50 milicianos de Gaza masacraron a aproximadamente 260 j\u00f3venes que participaban en un festival de m\u00fasica cerca del kibutz Re&#8217;im\u200b<\/p>\n\n\n\n<p>Los militantes de Ham\u00e1s capturaron a m\u00e1s de 200 rehenes en el sur de Israel, incluyendo mujeres, ancianos, y ni\u00f1os.<\/p>\n\n\n\n<h2 class=\"wp-block-heading\">\u00bfCU\u00c1L FUE LA RESPUESTA DE ISRAEL?<\/h2>\n\n\n\n<p>Esto llev\u00f3 al Gobierno israel\u00ed a declarar el estado de guerra por primera vez desde 1973. As\u00ed que, poco despu\u00e9s, Israel respondi\u00f3 con una operaci\u00f3n militar denominada&nbsp;<strong>\u00abOperaci\u00f3n Espada de Hierro\u00bb<\/strong>&nbsp;que incluy\u00f3 bombardeos e incursiones militares en Gaza.<\/p>\n\n\n\n<figure class=\"wp-block-image\"><img decoding=\"async\" src=\"https:\/\/content.nationalgeographic.com.es\/medio\/2023\/10\/31\/conflicto-palestino-israeli-2023_adebf918_231031123721_800x533.jpg\" alt=\"Conflicto palestino-israel\u00ed 2023\"\/><figcaption class=\"wp-element-caption\">AP Photo\/Fatima Shbair<\/figcaption><\/figure>\n\n\n\n<p>Las fuerzas israel\u00edes disponen de sistemas avanzados de defensa antimisiles, como el llamado&nbsp;<strong>Domo&nbsp;de Hierro<\/strong>, que interceptan una gran parte de los cohetes lanzados desde Gaza. Esto minimiza el n\u00famero de bajas israel\u00edes. En contraste, Gaza carece de sistemas de defensa similares, y los ataques israel\u00edes suelen resultar en un mayor n\u00famero de v\u00edctimas palestinas.<\/p>\n\n\n\n<p>De este modo, desde el d\u00eda del ataque, Israel ha efectuado bombardeos sobre la Franja causando la muerte de m\u00e1s de 8.000 personas. Este total incluye\u00a0<strong>3.342 ni\u00f1os, 2.062 mujeres y 460 ancianos<\/strong>. Adem\u00e1s, m\u00e1s de 20.242 individuos han resultado heridos y 1.870 se encuentran desaparecidos, siendo en su mayor\u00eda civiles.\u00a0<\/p>\n\n\n\n<p>Algunas acciones militares de Israel en territorio palestino han atra\u00eddo cr\u00edticas de la comunidad internacional, ya que&nbsp;<strong>podr\u00edan constituir violaciones al derecho internacional humanitario<\/strong>, llegando a ser calificables como cr\u00edmenes de guerra.<\/p>\n\n\n\n<p>Entre estas acciones se incluye el uso de armamento prohibido por tratados internacionales en contra de la poblaci\u00f3n civil, el asesinato de miembros del personal civil de organismos internacionales en funciones humanitarias, la implementaci\u00f3n de un \u00abcerco total\u00bb y corte de suministros a la poblaci\u00f3n civil como \u00abcastigo colectivo\u00bb, y la orden de evacuaci\u00f3n de civiles ante una amenaza de ataque inminente sin proporcionar lugares seguros a donde dirigirse ni medios seguros para llegar.<\/p>\n\n\n\n<p>Estas acciones han resultado en el desplazamiento forzado de cerca de un mill\u00f3n y medio de residentes de Gaza,&nbsp;<strong>m\u00e1s de la mitad de su poblaci\u00f3n<\/strong>, marcando este evento como el mayor desplazamiento sufrido en su historia reciente.<\/p>\n\n\n\n<h2 class=\"wp-block-heading\">\u00bfQU\u00c9 ES La Franja de Gaza?<\/h2>\n\n\n\n<p>La&nbsp;<a href=\"https:\/\/www.nationalgeographic.com.es\/mundo-ng\/franja-gaza-epicentro-conflicto-palestino-israeli_20851\">Franja de Gaza<\/a>&nbsp;es un peque\u00f1o territorio palestino situado entre Israel y Egipto. Ha estado bajo diferentes formas de administraci\u00f3n desde 1948 y actualmente est\u00e1 gobernada de facto por Ham\u00e1s. La zona es uno de los lugares m\u00e1s densamente poblados del mundo y enfrenta serios problemas econ\u00f3micos y humanitarios, exacerbados por bloqueos y conflictos.<\/p>\n\n\n\n<figure class=\"wp-block-image\"><img decoding=\"async\" src=\"https:\/\/content.nationalgeographic.com.es\/medio\/2023\/10\/31\/a-view-of-the-rubble-of-buildings-hit-by-an-israeli-airstrike-in-jabalia-gaza-strip-wednesday-oct-11-2023_64425614_AP23284322407401_231031123733_800x533.jpg\" alt=\"A view of the rubble of buildings hit by an Israeli airstrike, in Jabalia, Gaza strip, Wednesday, Oct. 11, 2023.\"\/><figcaption class=\"wp-element-caption\">AP Photo\/Hatem Moussa<\/figcaption><\/figure>\n\n\n\n<p>Israel orden\u00f3 a m\u00e1s de un mill\u00f3n de personas salir de la mitad norte de la Franja de Gaza para huir al sur y evitar un ataque. Adem\u00e1s, anunci\u00f3 un bloqueo total a Gaza, impidiendo&nbsp;<strong>la entrada de alimentos, combustible y agua en el territorio costero<\/strong>&nbsp;y cerrando todos los pasos fronterizos tras el ataque de Ham\u00e1s.&nbsp;&nbsp;<\/p>\n\n\n\n<p>La ONU advirti\u00f3 de la posibilidad de un desastre humanitario si tanta gente se ve\u00eda obligada a huir, y afirmaron que<strong>&nbsp;deb\u00eda levantarse el asedio<\/strong>&nbsp;al enclave para permitir la entrada de ayuda.<\/p>\n\n\n\n<h2 class=\"wp-block-heading\">\u00bfCU\u00c1NDO NACI\u00d3 Israel COMO ESTADO?<\/h2>\n\n\n\n<p>La creaci\u00f3n del Estado de Israel\u00a0es uno de los factores clave en el origen hist\u00f3rico del conflicto entre Israel y Palestina,<strong>\u00a0un asunto sumamente complejo\u00a0<\/strong>y pol\u00e9mico que ha implicado a numerosas partes a lo largo del tiempo.<\/p>\n\n\n\n<p>Todo tuvo lugar en el siglo XIX, cuando el movimiento sionista, liderado principalmente por jud\u00edos europeos, abog\u00f3 por el establecimiento de un hogar nacional para el pueblo jud\u00edo en Palestina, entonces parte del Imperio Otomano. Este movimiento&nbsp;<strong>gan\u00f3 fuerza en el contexto de los pogromos y el antisemitismo en Europa<\/strong>.<\/p>\n\n\n\n<p>Despu\u00e9s de la Primera Guerra Mundial y la desaparici\u00f3n del Imperio Otomano, Palestina pas\u00f3 a estar bajo mandato brit\u00e1nico. Los brit\u00e1nicos hicieron promesas contradictorias a \u00e1rabes y jud\u00edos. La&nbsp;<strong>Declaraci\u00f3n Balfour de 1917<\/strong>&nbsp;expres\u00f3 el apoyo brit\u00e1nico a la creaci\u00f3n de un \u00abhogar nacional para el pueblo jud\u00edo\u00bb en Palestina, lo que provoc\u00f3 una inmigraci\u00f3n jud\u00eda a gran escala.<\/p>\n\n\n\n<p>En 1947, la Asamblea General de las Naciones Unidas aprob\u00f3 la Resoluci\u00f3n 181, que propon\u00eda la partici\u00f3n de Palestina en dos estados: uno \u00e1rabe y otro jud\u00edo, con Jerusal\u00e9n bajo administraci\u00f3n internacional. Los l\u00edderes jud\u00edos aceptaron el plan, pero la mayor\u00eda de los l\u00edderes \u00e1rabes lo rechazaron.<\/p>\n\n\n\n<p>La declaraci\u00f3n de independencia de Israel el 14 de mayo de 1948 llev\u00f3 a una guerra con los Estados \u00e1rabes vecinos. El conflicto result\u00f3 en la expansi\u00f3n territorial de Israel y en\u00a0la Nakba\u00a0(\u00abCat\u00e1strofe\u00bb) para los palestinos,\u00a0<strong>en la que cientos de miles fueron desplazados de sus hogares<\/strong>.<\/p>\n\n\n\n<p>Las narrativas entrelazadas de desplazamiento, ocupaci\u00f3n, resistencia y seguridad han hecho que el conflicto sea incre\u00edblemente dif\u00edcil de resolver: para Israel,&nbsp;<strong>su creaci\u00f3n es vista como un refugio necesario<\/strong>&nbsp;para un pueblo perseguido, especialmente tras el Holocausto. Para los palestinos, la misma creaci\u00f3n es vista como un evento catastr\u00f3fico que les despoj\u00f3 de sus tierras y derechos.<\/p>\n\n\n\n<p>El conflicto entre Ham\u00e1s e Israel es complejo y su din\u00e1mica est\u00e1 sujeta a m\u00faltiples factores, incluyendo la pol\u00edtica internacional, la historia regional y las realidades en el terreno. Es imperativo que se busquen soluciones duraderas para evitar m\u00e1s p\u00e9rdidas de vidas y estabilidad en la regi\u00f3n.<\/p>\n\n\n\n<p>Fuente: nationalgeographic<\/p>\n","protected":false},"excerpt":{"rendered":"<p>El s\u00e1bado 7 de octubre de 2023 se registr\u00f3 un sorpresivo ataque por parte del grupo militante palestino Ham\u00e1s contra el sur de\u00a0Israel, por muchos considerado como el peor que ha sufrido el pa\u00eds desde su creaci\u00f3n. Ham\u00e1s es una organizaci\u00f3n pol\u00edtica y militar palestina, considerada como un grupo terrorista por varios pa\u00edses, incluidos Estados [&hellip;]<\/p>\n","protected":false},"author":2,"featured_media":147031,"comment_status":"open","ping_status":"open","sticky":false,"template":"","format":"standard","meta":{"footnotes":""},"categories":[59],"tags":[],"class_list":["post-147030","post","type-post","status-publish","format-standard","has-post-thumbnail","hentry","category-destacadas"],"_links":{"self":[{"href":"http:\/\/elcuartopoder.com.mx\/nw\/wp-json\/wp\/v2\/posts\/147030","targetHints":{"allow":["GET"]}}],"collection":[{"href":"http:\/\/elcuartopoder.com.mx\/nw\/wp-json\/wp\/v2\/posts"}],"about":[{"href":"http:\/\/elcuartopoder.com.mx\/nw\/wp-json\/wp\/v2\/types\/post"}],"author":[{"embeddable":true,"href":"http:\/\/elcuartopoder.com.mx\/nw\/wp-json\/wp\/v2\/users\/2"}],"replies":[{"embeddable":true,"href":"http:\/\/elcuartopoder.com.mx\/nw\/wp-json\/wp\/v2\/comments?post=147030"}],"version-history":[{"count":1,"href":"http:\/\/elcuartopoder.com.mx\/nw\/wp-json\/wp\/v2\/posts\/147030\/revisions"}],"predecessor-version":[{"id":147032,"href":"http:\/\/elcuartopoder.com.mx\/nw\/wp-json\/wp\/v2\/posts\/147030\/revisions\/147032"}],"wp:featuredmedia":[{"embeddable":true,"href":"http:\/\/elcuartopoder.com.mx\/nw\/wp-json\/wp\/v2\/media\/147031"}],"wp:attachment":[{"href":"http:\/\/elcuartopoder.com.mx\/nw\/wp-json\/wp\/v2\/media?parent=147030"}],"wp:term":[{"taxonomy":"category","embeddable":true,"href":"http:\/\/elcuartopoder.com.mx\/nw\/wp-json\/wp\/v2\/categories?post=147030"},{"taxonomy":"post_tag","embeddable":true,"href":"http:\/\/elcuartopoder.com.mx\/nw\/wp-json\/wp\/v2\/tags?post=147030"}],"curies":[{"name":"wp","href":"https:\/\/api.w.org\/{rel}","templated":true}]}}