{"id":147037,"date":"2025-10-22T15:49:25","date_gmt":"2025-10-22T20:49:25","guid":{"rendered":"https:\/\/elcuartopoder.com.mx\/nw\/?p=147037"},"modified":"2025-10-22T15:49:27","modified_gmt":"2025-10-22T20:49:27","slug":"ed-gein-la-macabra-historia-del-asesino-llega-a-netflix","status":"publish","type":"post","link":"http:\/\/elcuartopoder.com.mx\/nw\/entretenimiento\/espectaculos\/ed-gein-la-macabra-historia-del-asesino-llega-a-netflix\/","title":{"rendered":"Ed Gein, la macabra historia del asesino llega a Netflix"},"content":{"rendered":"\n<p>La controvertida antolog\u00eda&nbsp;<em>Monstruos<\/em>, creada por Ryan Murphy, regresa con una tercera temporada que abordar\u00e1 la historia del asesino serial Ed Gein.<\/p>\n\n\n\n<p>La nueva entrega, titulada&nbsp;<em>Monstruo: La historia de Ed Gein<\/em>, est\u00e1 protagonizada por Charlie Hunnam \u2014conocido por su papel en&nbsp;<em>Los indomables<\/em>\u2014 en el rol de Gein. Lo acompa\u00f1an Suzanna Son, Tom Hollander, Laurie Metcalf, Olivia Williams y Lesley Manville.<\/p>\n\n\n\n<p>Esta temporada contin\u00faa la l\u00ednea de las anteriores: la primera se centr\u00f3 en el can\u00edbal Jeffrey Dahmer y la segunda, en los hermanos Lyle y Erik Men\u00e9ndez, condenados por el asesinato de sus padres en 1989.<\/p>\n\n\n\n<p>Seg\u00fan la sinopsis oficial, la nueva temporada cuenta la historia de c\u00f3mo un hombre sencillo de Plainfield, Wisconsin, se convirti\u00f3 en el asesino \u201cm\u00e1s macabro y emblem\u00e1tico\u201d de la historia.<\/p>\n\n\n\n<p>Apodado \u201cel carnicero de Plainfield\u201d, Ed Gein dej\u00f3 una marca imborrable en la cultura popular por la brutalidad de sus cr\u00edmenes. Su historia inspir\u00f3 directamente al personaje de Norman Bates en la novela Psicosis (1959) de Robert Bloch \u2014adaptada al cine por Alfred Hitchcock al a\u00f1o siguiente\u2014, e influy\u00f3 tambi\u00e9n en cl\u00e1sicos del cine de terror como&nbsp;<em>La masacre de Texas<\/em>&nbsp;(1974) y&nbsp;<em>El silencio de los inocentes<\/em>&nbsp;(1991).<\/p>\n\n\n\n<p><strong>\u00bfQui\u00e9n fue Ed Gein?<\/strong><\/p>\n\n\n\n<p>Edward Theodore Gein naci\u00f3 en 1906 en Wisconsin y fue el menor de dos hermanos.<\/p>\n\n\n\n<p>Su infancia estuvo marcada por el abuso y el aislamiento: su padre era alcoh\u00f3lico y su madre, una mujer profundamente religiosa, lo maltrataba verbalmente y ejerc\u00eda un control estricto sobre su vida. Le inculc\u00f3 una visi\u00f3n distorsionada sobre el sexo y las mujeres, a quienes consideraba impuras, y le neg\u00f3 la posibilidad de hacer amistades.<\/p>\n\n\n\n<p>A pesar del maltrato, Gein la idolatraba. Al parecer, esta relaci\u00f3n obsesiva inquietaba a su hermano mayor, Henry, quien a veces la enfrentaba delante de Ed.<\/p>\n\n\n\n<p>Seg\u00fan la psiquiatra forense Carole Lieberman, en declaraciones a A&amp;E True Crime, el aislamiento en el que vivi\u00f3 durante su ni\u00f1ez probablemente influy\u00f3 en el desarrollo de un complejo de Edipo, una teor\u00eda freudiana que describe el deseo inconsciente hacia el progenitor del sexo opuesto y la rivalidad con el del mismo sexo.<\/p>\n\n\n\n<p>En 1940, su padre, George, muri\u00f3 de un infarto. Cuatro a\u00f1os despu\u00e9s, Henry falleci\u00f3 en circunstancias sospechosas durante un incendio cerca de la granja familiar. Gein report\u00f3 su desaparici\u00f3n, pero luego condujo a la polic\u00eda directamente hasta el cuerpo. Aunque Henry ten\u00eda marcas visibles en la cabeza, la muerte se consider\u00f3 accidental. Sin embargo, muchas personas siguen convencidas de que Gein tuvo algo que ver.<\/p>\n\n\n\n<p>Al a\u00f1o siguiente, la madre de Gein, Augusta, falleci\u00f3 debido a problemas de salud. Tras su muerte en 1945, Gein qued\u00f3 solo en la granja y adopt\u00f3 una vida de aislamiento. Cerr\u00f3 las habitaciones que su madre sol\u00eda usar y convirti\u00f3 esa parte de la casa en una especie de santuario en su honor.<\/p>\n\n\n\n<p><strong>\u00bfQu\u00e9 cr\u00edmenes cometi\u00f3?<\/strong><\/p>\n\n\n\n<p>Dos a\u00f1os despu\u00e9s de la muerte de su madre, Gein comenz\u00f3 a desenterrar tumbas en busca de mujeres de mediana edad que le recordaran a ella y usaba sus restos para confeccionar diversos objetos dom\u00e9sticos, ropa y otros art\u00edculos extra\u00f1os.<\/p>\n\n\n\n<p>En 1957, Ed Gein atrajo la atenci\u00f3n de la polic\u00eda tras la desaparici\u00f3n de Bernice Worden, una dependienta de tienda. La investigaci\u00f3n condujo a los agentes hasta la granja de Gein, donde encontraron el cuerpo decapitado de Worden colgado en un cobertizo, mientras que su cabeza aparec\u00eda dentro de una caja.<\/p>\n\n\n\n<p>Al registrar la propiedad con m\u00e1s detalle, la polic\u00eda descubri\u00f3 restos humanos de al menos otras diez personas, junto a una escena macabra: una silla tapizada con piel humana y un traje corporal confeccionado con la misma materia. Seg\u00fan los informes, Gein usaba este traje como una forma de recrear a su difunta madre.<\/p>\n\n\n\n<p>Los investigadores tambi\u00e9n hallaron la cabeza de Mary Hogan, una tabernera desaparecida en 1954, considerada su primera v\u00edctima conocida y conservada como trofeo.<\/p>\n\n\n\n<p><strong>\u00bfFue condenado por sus cr\u00edmenes?<\/strong><\/p>\n\n\n\n<p>Gein afirm\u00f3 haber cometido m\u00e1s de 40 robos de tumbas desde 1947 y reconoci\u00f3 que us\u00f3 los restos con fines de gratificaci\u00f3n sexual, aunque neg\u00f3 haber mantenido relaciones con los cad\u00e1veres o haber practicado el canibalismo.<\/p>\n\n\n\n<p>Durante su interrogatorio por el asesinato de Bernice Worden, confes\u00f3 tanto ese crimen como el de Mary Hogan. Sin embargo, en 1957 fue declarado incapaz para enfrentar un juicio y recibi\u00f3 el diagn\u00f3stico de esquizofrenia, por lo que lo trasladaron a instituciones psiqui\u00e1tricas.<\/p>\n\n\n\n<p>En 1968 un tribunal lo consider\u00f3 apto para ser juzgado por el asesinato de Worden. Fue condenado por homicidio en primer grado, pero en la fase de sentencia lo absolvieron por raz\u00f3n de locura y lo enviaron de nuevo a un hospital psiqui\u00e1trico.<\/p>\n\n\n\n<p>Posteriormente, Gein fue trasladado a una instalaci\u00f3n de m\u00ednima seguridad, donde permaneci\u00f3 hasta su muerte en 1984 a causa de un c\u00e1ncer de pulm\u00f3n, a la edad de 77 a\u00f1os.<\/p>\n\n\n\n<p>Fuente: la jornada<\/p>\n","protected":false},"excerpt":{"rendered":"<p>La controvertida antolog\u00eda&nbsp;Monstruos, creada por Ryan Murphy, regresa con una tercera temporada que abordar\u00e1 la historia del asesino serial Ed Gein. La nueva entrega, titulada&nbsp;Monstruo: La historia de Ed Gein, est\u00e1 protagonizada por Charlie Hunnam \u2014conocido por su papel en&nbsp;Los indomables\u2014 en el rol de Gein. Lo acompa\u00f1an Suzanna Son, Tom Hollander, Laurie Metcalf, Olivia [&hellip;]<\/p>\n","protected":false},"author":2,"featured_media":147038,"comment_status":"open","ping_status":"open","sticky":false,"template":"","format":"standard","meta":{"footnotes":""},"categories":[11],"tags":[],"class_list":["post-147037","post","type-post","status-publish","format-standard","has-post-thumbnail","hentry","category-espectaculos"],"_links":{"self":[{"href":"http:\/\/elcuartopoder.com.mx\/nw\/wp-json\/wp\/v2\/posts\/147037","targetHints":{"allow":["GET"]}}],"collection":[{"href":"http:\/\/elcuartopoder.com.mx\/nw\/wp-json\/wp\/v2\/posts"}],"about":[{"href":"http:\/\/elcuartopoder.com.mx\/nw\/wp-json\/wp\/v2\/types\/post"}],"author":[{"embeddable":true,"href":"http:\/\/elcuartopoder.com.mx\/nw\/wp-json\/wp\/v2\/users\/2"}],"replies":[{"embeddable":true,"href":"http:\/\/elcuartopoder.com.mx\/nw\/wp-json\/wp\/v2\/comments?post=147037"}],"version-history":[{"count":1,"href":"http:\/\/elcuartopoder.com.mx\/nw\/wp-json\/wp\/v2\/posts\/147037\/revisions"}],"predecessor-version":[{"id":147039,"href":"http:\/\/elcuartopoder.com.mx\/nw\/wp-json\/wp\/v2\/posts\/147037\/revisions\/147039"}],"wp:featuredmedia":[{"embeddable":true,"href":"http:\/\/elcuartopoder.com.mx\/nw\/wp-json\/wp\/v2\/media\/147038"}],"wp:attachment":[{"href":"http:\/\/elcuartopoder.com.mx\/nw\/wp-json\/wp\/v2\/media?parent=147037"}],"wp:term":[{"taxonomy":"category","embeddable":true,"href":"http:\/\/elcuartopoder.com.mx\/nw\/wp-json\/wp\/v2\/categories?post=147037"},{"taxonomy":"post_tag","embeddable":true,"href":"http:\/\/elcuartopoder.com.mx\/nw\/wp-json\/wp\/v2\/tags?post=147037"}],"curies":[{"name":"wp","href":"https:\/\/api.w.org\/{rel}","templated":true}]}}