{"id":147043,"date":"2025-10-22T16:06:29","date_gmt":"2025-10-22T21:06:29","guid":{"rendered":"https:\/\/elcuartopoder.com.mx\/nw\/?p=147043"},"modified":"2025-10-22T16:06:31","modified_gmt":"2025-10-22T21:06:31","slug":"sexta-asamblea-nacional-por-el-agua-la-vida-y-el-territorio","status":"publish","type":"post","link":"http:\/\/elcuartopoder.com.mx\/nw\/nacionales\/sexta-asamblea-nacional-por-el-agua-la-vida-y-el-territorio\/","title":{"rendered":"Sexta asamblea nacional por el agua, la vida y el territorio"},"content":{"rendered":"\n<p>El pasado fin de semana se realiz\u00f3 en Loma de B\u00e1cum, del pueblo yaqui en Sonora, una asamblea emblem\u00e1tica por el tema abordado, porque es parte de un proceso organizativo con cinco reuniones previas que han sido convocadas conjuntamente con el Congreso Nacional Ind\u00edgena (CNI). Tambi\u00e9n lo es porque simb\u00f3licamente dio inicio al a\u00f1o de actividades anunciado hace d\u00edas para llegar al 30 aniversario del CNI en octubre de 2026.&nbsp;<\/p>\n\n\n\n<p>Y sobre todo, por la muy amplia y significativa presencia de m\u00e1s de un centenar de representantes de pueblos y comunidades que se hacen parte del CNI y comparten su v\u00ednculo con el EZLN. Otra raz\u00f3n, y no menor, para felicitarlos es el reconocimiento a su esfuerzo y voluntad para trasladarse a tierras yaquis en el estado de Sonora desde las distancias de sus territorios en 17 entidades del pa\u00eds. No es com\u00fan una convocatoria con estas caracter\u00edsticas. Significativa tambi\u00e9n la participaci\u00f3n de Marichuy, vocera del CNI, quien abri\u00f3 la plenaria inicial mencionando a los integrantes del CNI presentes: pur\u00e9pecha, maya peninsular, popoluca, nahua, yaqui, mayo, \u00f1u savi, mixe, tsotsil, tseltal, otom\u00ed, rar\u00e1muri, nayeri, mazateca, chol.&nbsp;<\/p>\n\n\n\n<p>Y destac\u00f3 que \u201ccada uno de los pueblos ha sabido cuidar su territorio, saben c\u00f3mo ir manejando el agua, ir cuidando los recursos naturales, las plantas, por eso todav\u00eda est\u00e1n viviendo, por eso hay pueblos, por eso hay tierras, agua, por eso quieren quitar a los pueblos, para quedarse con las riquezas que se tienen ah\u00ed\u201d. Cuestion\u00f3 la concepci\u00f3n del Estado sobre desarrollo que est\u00e1 ante todo orientado a favorecer el capital y provocando la destrucci\u00f3n de las comunidades.&nbsp;<\/p>\n\n\n\n<p>Por lo tanto, los actores centrales del despojo del agua son el Estado y las empresas. Y se expresa, entre otros, en la extracci\u00f3n ilegal, concesiones, hidroel\u00e9ctricas, termoel\u00e9ctricas, gasoductos, planes de justicia, \u00e1reas naturales por imposici\u00f3n, parques industriales, acueductos, cerveceras, basureros, contaminaci\u00f3n industrial, presas. Por su parte, integrantes del Congreso Nacional Ind\u00edgena y de la Asamblea por el Agua, la Vida y el Territorio hicieron uso de la voz para plantear su problem\u00e1tica espec\u00edfica, reiterando que se trata de una lucha com\u00fan, pues el agua y el territorio son sagrados para ellos.&nbsp;<\/p>\n\n\n\n<p>Destaco dos intervenciones: el representante del pueblo nayeri relat\u00f3 su lucha y su triunfo para detener la presa Las Cruces, que se pretend\u00eda construir en el lecho del r\u00edo San Pedro, al lograr la cancelaci\u00f3n definitiva en 2018 mediante amparos de diversos pueblos luego de cuatro a\u00f1os de lucha, pues la Comisi\u00f3n Federal de Electricidad anunci\u00f3 su construcci\u00f3n en 2014. Por su parte, Higinio Ochoa, integrante yaqui del Consejo del Agua del Pueblo de Loma de B\u00e1cum, denunci\u00f3 que el Plan de Justicia lleg\u00f3 a dividir a los ocho pueblos yaquis y a darles quincenas a algunas autoridades, con las cuales \u201cson manipulados abiertamente por Conagua a trav\u00e9s de la Comisi\u00f3n Jiaki\u201d.&nbsp;<\/p>\n\n\n\n<p>Loma de B\u00e1cum se organiz\u00f3 para recuperar el agua que les corresponde de la presa del Oviachic. Record\u00f3 que su pueblo fren\u00f3 un gasoducto de la empresa IEnova en 2018. Hoy enfrentan, entre otros proyectos del gobierno del estado, el plan integral y consulta r\u00edo Sonora que denominan presa Puerta del Sol, municipio de Ures. En el primer d\u00eda de trabajo, despu\u00e9s de la plenaria de apertura, las y los participantes realizaron mesas de trabajo para dialogar con las preguntas \u00bfqui\u00e9nes despojan el agua?, \u00bfc\u00f3mo es el despojo? Y respondieron \u00bfcu\u00e1les son las estrategias de defensa del agua que llevan a cabo en sus geograf\u00edas?<\/p>\n\n\n\n<p>Para el segundo d\u00eda de trabajo, realizaron la asamblea plenaria y compartieron el pronunciamiento final con la declaratoria y acuerdos tomados. Esos documentos son muy s\u00f3lidos, producto de la discusi\u00f3n en mesas, pero tambi\u00e9n recuperan el intenso trabajo realizado desde la primera asamblea en 2022. Ofrecen un recuento detallado de los despojos del agua por cada una de las empresas diversas, que enunci\u00f3 la vocera Marichuy, y dedican un espacio de an\u00e1lisis y denuncia del proyecto h\u00eddrico en curso del gobierno federal y se detienen en las implicaciones del muy difundido Plan M\u00e9xico, las reformas que se pretenden en torno a la Ley de Aguas y los impactos de las mismas para los pueblos.&nbsp;<\/p>\n\n\n\n<p>Se detienen en el an\u00e1lisis de la estrategia de los llamados planes de justicia que, entre otras cosas, promueven la divisi\u00f3n entre los pueblos, donde algunos de sus integrantes legitiman la estrategia de ofrecer dinero de manera directa. Destacan entre sus acuerdos el compromiso de compartir el trabajo realizado al regresar a sus pueblos y comunidades, y sumarse a la estrategia del CNI de realizar jornadas preparatorias durante un a\u00f1o para llegar a su 30 aniversario, el 12 de octubre de 2026, con una muy amplia participaci\u00f3n nacional e incluso internacional.&nbsp;<\/p>\n\n\n\n<p>Algo muy significativo es que ofrecieron un recuento de los triunfos que han logrado, lo cual fortalece la convicci\u00f3n de que su lucha y resistencia sigue y cobra sentido.<\/p>\n\n\n\n<p>Fuente: la jornada<\/p>\n","protected":false},"excerpt":{"rendered":"<p>El pasado fin de semana se realiz\u00f3 en Loma de B\u00e1cum, del pueblo yaqui en Sonora, una asamblea emblem\u00e1tica por el tema abordado, porque es parte de un proceso organizativo con cinco reuniones previas que han sido convocadas conjuntamente con el Congreso Nacional Ind\u00edgena (CNI). Tambi\u00e9n lo es porque simb\u00f3licamente dio inicio al a\u00f1o de [&hellip;]<\/p>\n","protected":false},"author":2,"featured_media":147044,"comment_status":"open","ping_status":"open","sticky":false,"template":"","format":"standard","meta":{"footnotes":""},"categories":[55],"tags":[],"class_list":["post-147043","post","type-post","status-publish","format-standard","has-post-thumbnail","hentry","category-nacionales"],"_links":{"self":[{"href":"http:\/\/elcuartopoder.com.mx\/nw\/wp-json\/wp\/v2\/posts\/147043","targetHints":{"allow":["GET"]}}],"collection":[{"href":"http:\/\/elcuartopoder.com.mx\/nw\/wp-json\/wp\/v2\/posts"}],"about":[{"href":"http:\/\/elcuartopoder.com.mx\/nw\/wp-json\/wp\/v2\/types\/post"}],"author":[{"embeddable":true,"href":"http:\/\/elcuartopoder.com.mx\/nw\/wp-json\/wp\/v2\/users\/2"}],"replies":[{"embeddable":true,"href":"http:\/\/elcuartopoder.com.mx\/nw\/wp-json\/wp\/v2\/comments?post=147043"}],"version-history":[{"count":1,"href":"http:\/\/elcuartopoder.com.mx\/nw\/wp-json\/wp\/v2\/posts\/147043\/revisions"}],"predecessor-version":[{"id":147045,"href":"http:\/\/elcuartopoder.com.mx\/nw\/wp-json\/wp\/v2\/posts\/147043\/revisions\/147045"}],"wp:featuredmedia":[{"embeddable":true,"href":"http:\/\/elcuartopoder.com.mx\/nw\/wp-json\/wp\/v2\/media\/147044"}],"wp:attachment":[{"href":"http:\/\/elcuartopoder.com.mx\/nw\/wp-json\/wp\/v2\/media?parent=147043"}],"wp:term":[{"taxonomy":"category","embeddable":true,"href":"http:\/\/elcuartopoder.com.mx\/nw\/wp-json\/wp\/v2\/categories?post=147043"},{"taxonomy":"post_tag","embeddable":true,"href":"http:\/\/elcuartopoder.com.mx\/nw\/wp-json\/wp\/v2\/tags?post=147043"}],"curies":[{"name":"wp","href":"https:\/\/api.w.org\/{rel}","templated":true}]}}