{"id":147064,"date":"2025-10-23T08:50:50","date_gmt":"2025-10-23T13:50:50","guid":{"rendered":"https:\/\/elcuartopoder.com.mx\/nw\/?p=147064"},"modified":"2025-10-23T08:50:51","modified_gmt":"2025-10-23T13:50:51","slug":"nino-amenaza-a-su-papa-con-denunciarlo-a-la-policia-por-no-comprarle-un-playstation-5-el-se-habia-comprado-zapatos","status":"publish","type":"post","link":"http:\/\/elcuartopoder.com.mx\/nw\/qtp\/nino-amenaza-a-su-papa-con-denunciarlo-a-la-policia-por-no-comprarle-un-playstation-5-el-se-habia-comprado-zapatos\/","title":{"rendered":"Ni\u00f1o amenaza a su pap\u00e1 con denunciarlo a la polic\u00eda por no comprarle un PlayStation 5; \u00e9l se hab\u00eda comprado zapatos"},"content":{"rendered":"\n<p>La escena, captada en video y difundida en X, r\u00e1pidamente se volvi\u00f3 viral por la reacci\u00f3n del peque\u00f1o, quien dice que llamar\u00e1 a la polic\u00eda si su pap\u00e1 intenta reprenderlo.<\/p>\n\n\n\n<p>Suele decirse que los&nbsp;<strong>ni\u00f1os&nbsp;<\/strong>de ahora&nbsp;ya no son como las de antes. Esa afirmaci\u00f3n&nbsp;ha prevalecido a lo largo de&nbsp;<strong>generaciones<\/strong>; por lo general,&nbsp;las m\u00e1s actuales quej\u00e1ndose de las anteriores. Entre los argumentos que buscan sustentar lo anterior, est\u00e1 que hoy d\u00eda los chicos son&nbsp;<strong>groseros&nbsp;<\/strong>con sus padres, al grado de llegar a<strong>&nbsp;ofensas&nbsp;<\/strong>directas y, en algunas ocasiones, a las&nbsp;<strong>agresiones f\u00edsicas<\/strong>.<\/p>\n\n\n\n<p>En las&nbsp;<strong>redes sociales<\/strong>&nbsp;circulan publicaciones que muestran algunas de estas actitudes; es el caso de un&nbsp;<strong>video&nbsp;<\/strong>que recientemente gener\u00f3 debate entre los usuarios. En el metraje se observa a un ni\u00f1o que&nbsp;<strong>amenaza a su padre<\/strong>&nbsp;con&nbsp;<strong>denunciarlo ante la polic\u00eda<\/strong>, tras descubrir que se compr\u00f3&nbsp;<strong>zapatos&nbsp;<\/strong>en lugar de comprarle a \u00e9l un&nbsp;<strong>PlayStation<\/strong>.<\/p>\n\n\n\n<p>La escena, captada en\u00a0<strong>video<\/strong>\u00a0y difundida en\u00a0<strong>X\u00a0<\/strong>(antes\u00a0<strong>Twitter<\/strong>), r\u00e1pidamente se volvi\u00f3\u00a0<strong>viral\u00a0<\/strong>por la reacci\u00f3n enfurecida del peque\u00f1o, quien asegura que llamar\u00e1 a la\u00a0<strong>polic\u00eda\u00a0<\/strong>si su pap\u00e1 intenta reprenderlo.<\/p>\n\n\n\n<figure class=\"wp-block-image size-large is-resized\"><img loading=\"lazy\" decoding=\"async\" width=\"647\" height=\"1024\" src=\"https:\/\/elcuartopoder.com.mx\/nw\/wp-content\/uploads\/2025\/10\/image-45-647x1024.png\" alt=\"\" class=\"wp-image-147065\" style=\"width:726px;height:auto\" srcset=\"http:\/\/elcuartopoder.com.mx\/nw\/wp-content\/uploads\/2025\/10\/image-45-647x1024.png 647w, http:\/\/elcuartopoder.com.mx\/nw\/wp-content\/uploads\/2025\/10\/image-45-190x300.png 190w, http:\/\/elcuartopoder.com.mx\/nw\/wp-content\/uploads\/2025\/10\/image-45-696x1101.png 696w, http:\/\/elcuartopoder.com.mx\/nw\/wp-content\/uploads\/2025\/10\/image-45.png 768w\" sizes=\"auto, (max-width: 647px) 100vw, 647px\" \/><\/figure>\n\n\n\n<h2 class=\"wp-block-heading\">Intenso intercambio de amagos entre&nbsp;<strong>padre&nbsp;<\/strong>e&nbsp;<strong>hijo<\/strong><\/h2>\n\n\n\n<p>En la secuencia se observa c\u00f3mo el&nbsp;<strong>ni\u00f1o<\/strong>&nbsp;se acerca a su padre con una&nbsp;<strong>caja de zapatos&nbsp;<\/strong>entre las manos, la cual arroja violentamente al piso y con una expresi\u00f3n de&nbsp;<strong>enojo<\/strong>&nbsp;reclama a su padre haberlos comprado en vez de comprarle a \u00e9l un&nbsp;<strong>PlayStation<\/strong>. El padre le responde que ya le hab\u00eda dicho que se iba a comprar unos&nbsp;<strong>zapatos<\/strong>&nbsp;y que en ese momento no ten\u00eda&nbsp;<strong>dinero<\/strong>&nbsp;para comprarle la&nbsp;<strong>consola de videojuegos<\/strong>&nbsp;que quer\u00eda.<\/p>\n\n\n\n<p>El ni\u00f1o contesta&nbsp;la justificaci\u00f3n de su padre cuestion\u00e1ndolo c\u00f3mo es que no tiene&nbsp;<strong>dinero&nbsp;<\/strong>si trabaja todos los d\u00edas; en respuesta el padre le exige respeto y amaga con&nbsp;<strong>golpearlo&nbsp;<\/strong>a \u00ab<strong>fajazos<\/strong>\u00bb (<strong>cinturonazos<\/strong>) si contin\u00faa con esa actitud, a lo que el ni\u00f1o responde:<\/p>\n\n\n\n<p>\u00abBueno, pero ustedes saben que si a m\u00ed\u00a0me llegan a tocar con la\u00a0<strong>faja<\/strong>, voy a llamar a la\u00a0<strong>polic\u00eda<\/strong>\u00ab.<\/p>\n\n\n\n<h2 class=\"wp-block-heading\">Usuarios divididos: \u00bf<strong>capricho<\/strong>&nbsp;infantil o derecho a&nbsp;<strong>denunciar malos tratos<\/strong>?<\/h2>\n\n\n\n<p>El&nbsp;<strong>video&nbsp;<\/strong>gener\u00f3 un intenso&nbsp;<strong>debate<\/strong>&nbsp;entre los usuarios, algunos se\u00f1alando la p\u00e9sima actitud del chico y otros cuestionando los m\u00e9todos correctivos del padre. Estos son algunos de los comentarios:<\/p>\n\n\n\n<ul class=\"wp-block-list\">\n<li>\u00bfPor qu\u00e9\u00a0siempre por estas cosas quieren\u00a0<strong>golpear\u00a0<\/strong>al\u00a0<strong>ni\u00f1o<\/strong>\u00a0de forma brutal? Claramente los adultos responsables ac\u00e1\u00a0son unos mog\u00f3licos porque un ni\u00f1o no se comporta as\u00ed m\u00e1gicamente.<\/li>\n\n\n\n<li>Se corrigen sin\u00a0<strong>pegarles<\/strong>. Se les quita todo:\u00a0celular, tablet, Internet, juguetes, salida con los amigos, visita de los amigos. Y se les dice que las cosas se las debe ganar de a poco. Los dos padres juntos. Si no, no hay manera.<\/li>\n\n\n\n<li>Cualquiera creer\u00eda que puede ser una broma. Conozco una muchacha de\u00a0<strong>12 a\u00f1os<\/strong>\u00a0que estaba tirada a la calle, el pap\u00e1 quer\u00eda corregirla. Ella le dijo: si me sigues jodiendo voy a la polic\u00eda y digo que t\u00fa\u00a0me violaste. El\u00a0<strong>pap\u00e1<\/strong>\u00a0no tuvo otra opci\u00f3n mas que dejarla tranquila.<\/li>\n\n\n\n<li>Desde el principio se evidencia una din\u00e1mica agresiva entre el\u00a0<strong>ni\u00f1o\u00a0<\/strong>y el\u00a0<strong>padre<\/strong>, se nota que hay problemas del padre para establecer el l\u00edmite y del\u00a0<strong>ni\u00f1o\u00a0<\/strong>para reconocerlo, creo que esta familia requiere acompa\u00f1amiento para prevenir el maltrato y recomponer los v\u00ednculos.<\/li>\n\n\n\n<li>Una vez se me ocurri\u00f3 hacerle la misma amenaza a mi jefa, ella muy tranquila me dijo:\u00a0 toma el tel\u00e9fono y h\u00e1blale a la polic\u00eda y de una vez pide una ambulancia, no sabes la\u00a0<strong>golpiza<\/strong>\u00a0que te espera.\u00a0Obvio nunca hice esa llamada.<\/li>\n\n\n\n<li>Videos anticonceptivos. A veces pienso que me gustar\u00eda adoptar (no tengo\u00a0<strong>hijos<\/strong>) pero veo\u00a0<strong>videos<\/strong>\u00a0as\u00ed y me desmotivo.<\/li>\n<\/ul>\n\n\n\n<p>Fuente: Heraldo de M\u00e9xico<\/p>\n","protected":false},"excerpt":{"rendered":"<p>La escena, captada en video y difundida en X, r\u00e1pidamente se volvi\u00f3 viral por la reacci\u00f3n del peque\u00f1o, quien dice que llamar\u00e1 a la polic\u00eda si su pap\u00e1 intenta reprenderlo. Suele decirse que los&nbsp;ni\u00f1os&nbsp;de ahora&nbsp;ya no son como las de antes. Esa afirmaci\u00f3n&nbsp;ha prevalecido a lo largo de&nbsp;generaciones; por lo general,&nbsp;las m\u00e1s actuales quej\u00e1ndose de [&hellip;]<\/p>\n","protected":false},"author":2,"featured_media":147066,"comment_status":"open","ping_status":"open","sticky":false,"template":"","format":"standard","meta":{"footnotes":""},"categories":[58],"tags":[],"class_list":["post-147064","post","type-post","status-publish","format-standard","has-post-thumbnail","hentry","category-qtp"],"_links":{"self":[{"href":"http:\/\/elcuartopoder.com.mx\/nw\/wp-json\/wp\/v2\/posts\/147064","targetHints":{"allow":["GET"]}}],"collection":[{"href":"http:\/\/elcuartopoder.com.mx\/nw\/wp-json\/wp\/v2\/posts"}],"about":[{"href":"http:\/\/elcuartopoder.com.mx\/nw\/wp-json\/wp\/v2\/types\/post"}],"author":[{"embeddable":true,"href":"http:\/\/elcuartopoder.com.mx\/nw\/wp-json\/wp\/v2\/users\/2"}],"replies":[{"embeddable":true,"href":"http:\/\/elcuartopoder.com.mx\/nw\/wp-json\/wp\/v2\/comments?post=147064"}],"version-history":[{"count":1,"href":"http:\/\/elcuartopoder.com.mx\/nw\/wp-json\/wp\/v2\/posts\/147064\/revisions"}],"predecessor-version":[{"id":147067,"href":"http:\/\/elcuartopoder.com.mx\/nw\/wp-json\/wp\/v2\/posts\/147064\/revisions\/147067"}],"wp:featuredmedia":[{"embeddable":true,"href":"http:\/\/elcuartopoder.com.mx\/nw\/wp-json\/wp\/v2\/media\/147066"}],"wp:attachment":[{"href":"http:\/\/elcuartopoder.com.mx\/nw\/wp-json\/wp\/v2\/media?parent=147064"}],"wp:term":[{"taxonomy":"category","embeddable":true,"href":"http:\/\/elcuartopoder.com.mx\/nw\/wp-json\/wp\/v2\/categories?post=147064"},{"taxonomy":"post_tag","embeddable":true,"href":"http:\/\/elcuartopoder.com.mx\/nw\/wp-json\/wp\/v2\/tags?post=147064"}],"curies":[{"name":"wp","href":"https:\/\/api.w.org\/{rel}","templated":true}]}}