{"id":147068,"date":"2025-10-23T08:55:34","date_gmt":"2025-10-23T13:55:34","guid":{"rendered":"https:\/\/elcuartopoder.com.mx\/nw\/?p=147068"},"modified":"2025-10-23T08:55:35","modified_gmt":"2025-10-23T13:55:35","slug":"la-batalla-que-perdio-el-sat","status":"publish","type":"post","link":"http:\/\/elcuartopoder.com.mx\/nw\/nacionales\/la-batalla-que-perdio-el-sat\/","title":{"rendered":"La batalla que perdi\u00f3 el SAT"},"content":{"rendered":"\n<p>El gobierno de la presidenta Claudia Sheinbaum se desisti\u00f3 de aplicar una medida arbitraria que no s\u00f3lo quebrar\u00eda a buen n\u00famero de aseguradoras, sino que activar\u00eda demandas internacionales contra el Estado mexicano.<\/p>\n\n\n\n<p><strong>AL FINAL, LA<\/strong>\u00a0sangre no lleg\u00f3 al r\u00edo y la sensatez del segundo piso de la 4T se impuso sobre la intransigencia del primer piso, el que construy\u00f3<strong>\u00a0Andr\u00e9s Manuel L\u00f3pez Obrador.<\/strong>\u00a0S\u00ed, nos referimos a la pretensi\u00f3n de cobrar retroactivamente el IVA a las aseguradoras en los ejercicios que iban m\u00e1s all\u00e1 de 2018, cuando la entonces titular del SAT,\u00a0<strong>Raquel Buenrostro<\/strong>, inici\u00f3 con el hostigamiento.<\/p>\n\n\n\n<figure class=\"wp-block-image size-full\"><img loading=\"lazy\" decoding=\"async\" width=\"768\" height=\"435\" src=\"https:\/\/elcuartopoder.com.mx\/nw\/wp-content\/uploads\/2025\/10\/image-63.png\" alt=\"\" class=\"wp-image-147069\" srcset=\"http:\/\/elcuartopoder.com.mx\/nw\/wp-content\/uploads\/2025\/10\/image-63.png 768w, http:\/\/elcuartopoder.com.mx\/nw\/wp-content\/uploads\/2025\/10\/image-63-300x170.png 300w, http:\/\/elcuartopoder.com.mx\/nw\/wp-content\/uploads\/2025\/10\/image-63-696x394.png 696w\" sizes=\"auto, (max-width: 768px) 100vw, 768px\" \/><\/figure>\n\n\n\n<p class=\"has-small-font-size\">Raquel Buenrostro y Antonio Mart\u00ednez Dagnino. (Cr\u00e9ditos: El Heraldo de M\u00e9xico)<\/p>\n\n\n\n<p>Despu\u00e9s, su sustituto,\u00a0<strong>Antonio Mart\u00ednez Dagnino<\/strong>, lo continu\u00f3 por todo el sexenio lopezobradorista, hasta que la semana pasada qued\u00f3 sellado un acuerdo pol\u00edtico.<\/p>\n\n\n\n<figure class=\"wp-block-image size-full\"><img loading=\"lazy\" decoding=\"async\" width=\"768\" height=\"435\" src=\"https:\/\/elcuartopoder.com.mx\/nw\/wp-content\/uploads\/2025\/10\/image-65.png\" alt=\"\" class=\"wp-image-147070\" srcset=\"http:\/\/elcuartopoder.com.mx\/nw\/wp-content\/uploads\/2025\/10\/image-65.png 768w, http:\/\/elcuartopoder.com.mx\/nw\/wp-content\/uploads\/2025\/10\/image-65-300x170.png 300w, http:\/\/elcuartopoder.com.mx\/nw\/wp-content\/uploads\/2025\/10\/image-65-696x394.png 696w\" sizes=\"auto, (max-width: 768px) 100vw, 768px\" \/><\/figure>\n\n\n\n<p class=\"has-small-font-size\">Andr\u00e9s Manuel L\u00f3pez Obrador. (Cr\u00e9ditos: El Heraldo de M\u00e9xico)<\/p>\n\n\n\n<p>El gobierno de la presidenta&nbsp;<strong>Claudia Sheinbaum<\/strong>&nbsp;se desisti\u00f3 de aplicar una medida arbitraria que no s\u00f3lo quebrar\u00eda a buen n\u00famero de aseguradoras, sino que activar\u00eda demandas internacionales contra el Estado mexicano.<\/p>\n\n\n\n<p>Y es que ya estaban en marcha, tanto en Estados Unidos, como en Europa.&nbsp;<\/p>\n\n\n\n<p>En el primer caso MetLife, que dirige&nbsp;<strong>Mario Vald\u00e9s<\/strong>, y Monterrey New York Life, que encabeza&nbsp;<strong>Gustavo Cant\u00fa<\/strong>, denunciaron el exceso del SAT ante el embajador&nbsp;<strong>Ken Salazar<\/strong>.<\/p>\n\n\n\n<figure class=\"wp-block-image size-full\"><img loading=\"lazy\" decoding=\"async\" width=\"768\" height=\"435\" src=\"https:\/\/elcuartopoder.com.mx\/nw\/wp-content\/uploads\/2025\/10\/image-67.png\" alt=\"\" class=\"wp-image-147071\" srcset=\"http:\/\/elcuartopoder.com.mx\/nw\/wp-content\/uploads\/2025\/10\/image-67.png 768w, http:\/\/elcuartopoder.com.mx\/nw\/wp-content\/uploads\/2025\/10\/image-67-300x170.png 300w, http:\/\/elcuartopoder.com.mx\/nw\/wp-content\/uploads\/2025\/10\/image-67-696x394.png 696w\" sizes=\"auto, (max-width: 768px) 100vw, 768px\" \/><\/figure>\n\n\n\n<p class=\"has-small-font-size\">Ken Salazar.\u00a0(Cr\u00e9ditos: El Heraldo de M\u00e9xico)<\/p>\n\n\n\n<p>El tema incluso lleg\u00f3 a la Oficina de Representaci\u00f3n Comercial, que capitanea&nbsp;<strong>Jamieson Greer<\/strong>, que la incluy\u00f3 como una de las 51 barreras no arancelarias que obstaculizan el libre comercio e inversi\u00f3n en el T-MEC.<\/p>\n\n\n\n<p>Tambi\u00e9n la espa\u00f1ola Mapfre, que lleva aqu\u00ed&nbsp;<strong>Alberto Berges Rojo<\/strong>&nbsp;hizo consultas con su embajada a cargo de&nbsp;<strong>Juan Duarte Cuadrado<\/strong>, y no se digan la alemana Allianz, de&nbsp;<strong>Bernd Valtingojer<\/strong>, y la francesa Axa, de&nbsp;<strong>Daniel Bandle<\/strong>.<\/p>\n\n\n\n<p>\u00c9stas no s\u00f3lo elevaron quejas con sus respectivos embajadores,&nbsp;<strong>Clemens von Goetze&nbsp;<\/strong>y&nbsp;<strong>Delphine Borione<\/strong>, sino que iniciaron un arbitraje contra M\u00e9xico ante el Centro Internacional de Arreglo de Diferencias relativas a Inversiones (CIADI).<\/p>\n\n\n\n<p>Pero no s\u00f3lo las aseguradoras internacionales acudieron a tribunales, y desplegaron la fuerza de su poderoso cabildeo.&nbsp;<\/p>\n\n\n\n<p>Los due\u00f1os de las aseguradoras mexicanas no se quedaron atr\u00e1s.<\/p>\n\n\n\n<p><strong>Alejandro Baill\u00e8res, Carlos Hank Gonz\u00e1lez<\/strong>&nbsp;y&nbsp;<strong>Carlos Slim<\/strong>, a quienes se sum\u00f3 el banco m\u00e1s importante del pa\u00eds, el BBVA, cabildearon al m\u00e1s alto nivel con los \u00faltimos cuatro secretarios de Hacienda.<\/p>\n\n\n\n<figure class=\"wp-block-image\"><img decoding=\"async\" src=\"https:\/\/heraldodemexico.com.mx\/u\/fotografias\/m\/2025\/10\/22\/f768x1-1199599_1199726_5050.jpg\" alt=\"\"\/><figcaption class=\"wp-element-caption\">Carlos Hank Gonz\u00e1lez.&nbsp;(Cr\u00e9ditos: El Heraldo de M\u00e9xico)<\/figcaption><\/figure>\n\n\n\n<p><strong>Carlos Urz\u00faa, Arturo Herrera, Rogelio Ram\u00edrez de la O&nbsp;<\/strong>y<strong>&nbsp;\u00c9dgar Amador<\/strong>&nbsp;escucharon cada uno en su momento los argumentos de los enviados de los due\u00f1os de GNP, Banorte, Inbursa y el BBVA.<\/p>\n\n\n\n<p>El Tribunal Federal de Justicia Administrativa, que preside&nbsp;<strong>Guillermo Valls<\/strong>, reconsider\u00f3 su postura original en los \u00faltimos dos a\u00f1os: el organismo ten\u00eda l\u00ednea de Buenrostro y Mart\u00ednez Dagnino de fallar a favor del SAT.<\/p>\n\n\n\n<p>Axa, BBVA, GNP y Banorte litigaron ah\u00ed sus casos con altas posibilidades de perder, pero las gestiones con Hacienda, incluso con Gobernaci\u00f3n, cuando estaba&nbsp;<strong>Luisa Mar\u00eda Alcalde<\/strong>, detuvo todo.<\/p>\n\n\n\n<figure class=\"wp-block-image\"><img decoding=\"async\" src=\"https:\/\/heraldodemexico.com.mx\/u\/fotografias\/m\/2025\/10\/22\/f768x1-1199600_1199727_5050.jpg\" alt=\"\"\/><figcaption class=\"wp-element-caption\">Luisa Mar\u00eda Alcalde. (Cr\u00e9ditos: El Heraldo de M\u00e9xico)<\/figcaption><\/figure>\n\n\n\n<p>Finalmente, pudo m\u00e1s la presi\u00f3n internacional y el poder\u00edo de los magnates de los seguros para que el SAT fuera doblado, en quiz\u00e1s la \u00fanica batalla que ha perdido hasta ahora en la era de la Cuarta Transformaci\u00f3n.<\/p>\n\n\n\n<p>El nuevo criterio fiscal que impuso Buenrostro no transit\u00f3 en la retroactividad y las aseguradoras quedaron eximidas de pagar un IVA injusto de unos 200 mil millones de pesos.<\/p>\n\n\n\n<p>Pero eso s\u00ed: a partir de este a\u00f1o las reglas que cambiaron en 2018 entrar\u00e1n en vigor y se aplicar\u00e1n, con el previsible encarecimiento de las p\u00f3lizas que al final trasladar\u00e1n a los asegurados.<\/p>\n\n\n\n<p>\u201cA veces es mejor ganar perdiendo\u201d, reconoci\u00f3 una alta fuente del gobierno de Sheinbaum.<\/p>\n\n\n\n<p><strong>UNA DE LAS<\/strong>&nbsp;razones por las que&nbsp;<strong>Marcelo Ebrard<\/strong>&nbsp;\u201cdemocratiz\u00f3\u201d el&nbsp;proceso de consulta para las negociaciones del T-MEC, y cancel\u00f3 el llamado \u201cCuarto de Junto\u201d del sector privado, fue por las cr\u00edticas que hiciera el presidente de la American Society y cabildero empresarial,&nbsp;<strong>Larry Rubin<\/strong>, en aquella cena de bienvenida al nuevo embajador de Estados Unidos,&nbsp;<strong>Ronald D. Jonson.<\/strong>&nbsp;La reuni\u00f3n fue motivo, como se lo informamos en su momento, para que Rubin dejara de representar a la AMIIF (Asociaci\u00f3n Mexicana de Industrias de Investigaci\u00f3n Farmac\u00e9utica), sumado al conflicto de intereses que tra\u00eda con los laboratorios europeos. Se sabe que Marcelo tom\u00f3&nbsp;la decisi\u00f3n de apartar a Rubin del proceso de consulta y acabar con el mecanismo surgido en el gobierno de&nbsp;<strong>Carlos Salinas de Gortari<\/strong>&nbsp;y operado por&nbsp;<strong>Jaime Serra<\/strong>. Ahora el proceso de asesor\u00edas y consejer\u00edas va a ser una fiesta, porque participar\u00e1n todos: empresarios, pol\u00edticos, acad\u00e9micos y hasta los sindicatos.<\/p>\n\n\n\n<figure class=\"wp-block-image\"><img decoding=\"async\" src=\"https:\/\/heraldodemexico.com.mx\/u\/fotografias\/m\/2025\/10\/22\/f768x1-1199602_1199729_5050.jpg\" alt=\"\"\/><figcaption class=\"wp-element-caption\">Larry Rubin.&nbsp;(Cr\u00e9ditos: El Heraldo de M\u00e9xico)<\/figcaption><\/figure>\n\n\n\n<p><strong>CANAD\u00c1 ES EL<\/strong>&nbsp;segundo mercado tur\u00edstico para M\u00e9xico. Entre enero y agosto de este a\u00f1o, 1.8 millones de turistas canadienses eligieron a nuestro pa\u00eds como su destino favorito, consolid\u00e1ndose como el segundo mercado m\u00e1s importante, lo que representa un crecimiento de 11.2% respecto al mismo periodo de 2024. La promoci\u00f3n tur\u00edstica desde la Secretar\u00eda de Relaciones Exteriores que lleva&nbsp;<strong>Juan Ram\u00f3n de la Fuente<\/strong>, se basa en la colaboraci\u00f3n con la Secretar\u00eda de Turismo, a cargo de&nbsp;<strong>Josefina Rodr\u00edguez<\/strong>, y las acciones que ha implementado la Embajada de M\u00e9xico en Canad\u00e1, que encabeza&nbsp;<strong>Carlos Joaqu\u00edn Gonz\u00e1lez<\/strong>, para fortalecer la difusi\u00f3n de los destinos tur\u00edsticos y la cultura, lo que refleja la hospitalidad y la diversidad que hacen de M\u00e9xico un destino incomparable.<\/p>\n\n\n\n<figure class=\"wp-block-image\"><img decoding=\"async\" src=\"https:\/\/heraldodemexico.com.mx\/u\/fotografias\/m\/2025\/10\/22\/f768x1-1199603_1199730_5050.jpg\" alt=\"\"\/><figcaption class=\"wp-element-caption\">Carlos Joaqu\u00edn Gonz\u00e1lez. (Cr\u00e9ditos: El Heraldo de M\u00e9xico)<\/figcaption><\/figure>\n\n\n\n<p><strong>AUDOMARO MART\u00cdNEZ ZAPATA<\/strong>, el poderoso general tabasque\u00f1o, jefe de los servicios de espionaje pol\u00edtico de&nbsp;<strong>Andr\u00e9s Manuel L\u00f3pez Obrador<\/strong>, se qued\u00f3 sin visa. No puede entrar a Estados Unidos, y si lo hace, corre el riesgo de ser aprehendido. El Departamento de Justicia, que encabeza&nbsp;<strong>Marco Rubio<\/strong>, lo tiene ubicado como uno de los principales facilitadores y beneficiarios del contrabando de hidrocarburos, l\u00e9ase gasolinas y di\u00e9sel, l\u00e9ase huachicol fiscal. Al responsable del Centro Nacional de Inteligencia se le relaciona tambi\u00e9n con el tr\u00e1fico de indocumentados en la frontera sur y con la expansi\u00f3n del grupo criminal de La Barredora, liderado por su protegido,&nbsp;<strong>Hern\u00e1n Berm\u00fadez Requena<\/strong>, que se expandi\u00f3 por su natal Tabasco y despu\u00e9s a Chiapas, durante el gobierno de&nbsp;<strong>Rutilio Escand\u00f3n<\/strong>, cu\u00f1ado del ex secretario de Gobernaci\u00f3n y todav\u00eda l\u00edder de los senadores de Morena,&nbsp;<strong>Ad\u00e1n Augusto L\u00f3pez.<\/strong><\/p>\n\n\n\n<figure class=\"wp-block-image\"><img decoding=\"async\" src=\"https:\/\/heraldodemexico.com.mx\/u\/fotografias\/m\/2025\/10\/22\/f768x1-1199604_1199731_5050.jpg\" alt=\"\"\/><figcaption class=\"wp-element-caption\">Audomaro Mart\u00ednez Zapata. (Cr\u00e9ditos: El Heraldo de M\u00e9xico)<\/figcaption><\/figure>\n\n\n\n<p><strong>LOS EMPLEADOS DE&nbsp;<\/strong>la Secretar\u00eda de Relaciones Exteriores ser\u00e1n de los pocos consentidos este fin de a\u00f1o, pues la dependencia acaba de adjudicar un contrato por casi tres millones de pesos para la celebraci\u00f3n de sus trabajadores. Las huestes de&nbsp;<strong>Juan Ram\u00f3n de la Fuente<\/strong>&nbsp;contrataron a Alternativa Creativa 360, de&nbsp;<strong>X\u00f3chitl&nbsp;<\/strong>y&nbsp;<strong>Paulino Barrera<\/strong>. El evento est\u00e1 previsto para mil 500 personas con un men\u00fa de cuatro tiempos, meseros, tornamesa, maestro de ceremonia, grupos musicales, una ambulancia, comediante y hasta centros de mesa con flores naturales. En abril ya hab\u00eda adjudicado otro contrato a la misma empresa por el servicio integral de la celebraci\u00f3n del D\u00eda de las Madres. Ojal\u00e1 m\u00e1s dependencias p\u00fablicas siguieran ese ejemplo y reconocieran a sus colaboradores.<\/p>\n\n\n\n<figure class=\"wp-block-image\"><img decoding=\"async\" src=\"https:\/\/heraldodemexico.com.mx\/u\/fotografias\/m\/2025\/10\/22\/f768x1-1199605_1199732_5050.jpg\" alt=\"\"\/><figcaption class=\"wp-element-caption\">Juan Ram\u00f3n de la Fuente. (Cr\u00e9ditos: El Heraldo de M\u00e9xico)<\/figcaption><\/figure>\n\n\n\n<p>Fuente: Heraldo de M\u00e9xico<\/p>\n","protected":false},"excerpt":{"rendered":"<p>El gobierno de la presidenta Claudia Sheinbaum se desisti\u00f3 de aplicar una medida arbitraria que no s\u00f3lo quebrar\u00eda a buen n\u00famero de aseguradoras, sino que activar\u00eda demandas internacionales contra el Estado mexicano. AL FINAL, LA\u00a0sangre no lleg\u00f3 al r\u00edo y la sensatez del segundo piso de la 4T se impuso sobre la intransigencia del primer [&hellip;]<\/p>\n","protected":false},"author":2,"featured_media":147072,"comment_status":"open","ping_status":"open","sticky":false,"template":"","format":"standard","meta":{"footnotes":""},"categories":[55],"tags":[],"class_list":["post-147068","post","type-post","status-publish","format-standard","has-post-thumbnail","hentry","category-nacionales"],"_links":{"self":[{"href":"http:\/\/elcuartopoder.com.mx\/nw\/wp-json\/wp\/v2\/posts\/147068","targetHints":{"allow":["GET"]}}],"collection":[{"href":"http:\/\/elcuartopoder.com.mx\/nw\/wp-json\/wp\/v2\/posts"}],"about":[{"href":"http:\/\/elcuartopoder.com.mx\/nw\/wp-json\/wp\/v2\/types\/post"}],"author":[{"embeddable":true,"href":"http:\/\/elcuartopoder.com.mx\/nw\/wp-json\/wp\/v2\/users\/2"}],"replies":[{"embeddable":true,"href":"http:\/\/elcuartopoder.com.mx\/nw\/wp-json\/wp\/v2\/comments?post=147068"}],"version-history":[{"count":1,"href":"http:\/\/elcuartopoder.com.mx\/nw\/wp-json\/wp\/v2\/posts\/147068\/revisions"}],"predecessor-version":[{"id":147073,"href":"http:\/\/elcuartopoder.com.mx\/nw\/wp-json\/wp\/v2\/posts\/147068\/revisions\/147073"}],"wp:featuredmedia":[{"embeddable":true,"href":"http:\/\/elcuartopoder.com.mx\/nw\/wp-json\/wp\/v2\/media\/147072"}],"wp:attachment":[{"href":"http:\/\/elcuartopoder.com.mx\/nw\/wp-json\/wp\/v2\/media?parent=147068"}],"wp:term":[{"taxonomy":"category","embeddable":true,"href":"http:\/\/elcuartopoder.com.mx\/nw\/wp-json\/wp\/v2\/categories?post=147068"},{"taxonomy":"post_tag","embeddable":true,"href":"http:\/\/elcuartopoder.com.mx\/nw\/wp-json\/wp\/v2\/tags?post=147068"}],"curies":[{"name":"wp","href":"https:\/\/api.w.org\/{rel}","templated":true}]}}