{"id":147106,"date":"2025-10-23T09:57:08","date_gmt":"2025-10-23T14:57:08","guid":{"rendered":"https:\/\/elcuartopoder.com.mx\/nw\/?p=147106"},"modified":"2025-10-23T09:57:10","modified_gmt":"2025-10-23T14:57:10","slug":"no-atendemos-a-padres-la-universidad-frena-la-sobreproteccion-paterna-a-estudiantes","status":"publish","type":"post","link":"http:\/\/elcuartopoder.com.mx\/nw\/destacadas\/no-atendemos-a-padres-la-universidad-frena-la-sobreproteccion-paterna-a-estudiantes\/","title":{"rendered":"\u00abNo atendemos a padres\u00bb: la universidad frena la sobreprotecci\u00f3n paterna a estudiantes"},"content":{"rendered":"\n<p>El intrusismo de las llamadas &#8216;familias helic\u00f3ptero&#8217; en la vida acad\u00e9mica preocupa a los docentes<\/p>\n\n\n\n<p>Un cartel cuelga estos d\u00edas en la Universidad de Granada: \u00abEl vicedecanato de pr\u00e1cticas no atiende a padres. Todo el alumnado de pr\u00e1cticas es mayor de edad\u00bb. El aviso es disuasorio para aquellas familias que se entrometen en las pr\u00e1cticas laborales de estudiantes de tercero&nbsp;&#8230;<\/p>\n\n\n\n<p>Fuente: ABC<\/p>\n","protected":false},"excerpt":{"rendered":"<p>El intrusismo de las llamadas &#8216;familias helic\u00f3ptero&#8217; en la vida acad\u00e9mica preocupa a los docentes Un cartel cuelga estos d\u00edas en la Universidad de Granada: \u00abEl vicedecanato de pr\u00e1cticas no atiende a padres. Todo el alumnado de pr\u00e1cticas es mayor de edad\u00bb. El aviso es disuasorio para aquellas familias que se entrometen en las pr\u00e1cticas [&hellip;]<\/p>\n","protected":false},"author":2,"featured_media":147107,"comment_status":"open","ping_status":"open","sticky":false,"template":"","format":"standard","meta":{"footnotes":""},"categories":[59],"tags":[],"class_list":["post-147106","post","type-post","status-publish","format-standard","has-post-thumbnail","hentry","category-destacadas"],"_links":{"self":[{"href":"http:\/\/elcuartopoder.com.mx\/nw\/wp-json\/wp\/v2\/posts\/147106","targetHints":{"allow":["GET"]}}],"collection":[{"href":"http:\/\/elcuartopoder.com.mx\/nw\/wp-json\/wp\/v2\/posts"}],"about":[{"href":"http:\/\/elcuartopoder.com.mx\/nw\/wp-json\/wp\/v2\/types\/post"}],"author":[{"embeddable":true,"href":"http:\/\/elcuartopoder.com.mx\/nw\/wp-json\/wp\/v2\/users\/2"}],"replies":[{"embeddable":true,"href":"http:\/\/elcuartopoder.com.mx\/nw\/wp-json\/wp\/v2\/comments?post=147106"}],"version-history":[{"count":1,"href":"http:\/\/elcuartopoder.com.mx\/nw\/wp-json\/wp\/v2\/posts\/147106\/revisions"}],"predecessor-version":[{"id":147108,"href":"http:\/\/elcuartopoder.com.mx\/nw\/wp-json\/wp\/v2\/posts\/147106\/revisions\/147108"}],"wp:featuredmedia":[{"embeddable":true,"href":"http:\/\/elcuartopoder.com.mx\/nw\/wp-json\/wp\/v2\/media\/147107"}],"wp:attachment":[{"href":"http:\/\/elcuartopoder.com.mx\/nw\/wp-json\/wp\/v2\/media?parent=147106"}],"wp:term":[{"taxonomy":"category","embeddable":true,"href":"http:\/\/elcuartopoder.com.mx\/nw\/wp-json\/wp\/v2\/categories?post=147106"},{"taxonomy":"post_tag","embeddable":true,"href":"http:\/\/elcuartopoder.com.mx\/nw\/wp-json\/wp\/v2\/tags?post=147106"}],"curies":[{"name":"wp","href":"https:\/\/api.w.org\/{rel}","templated":true}]}}