{"id":147109,"date":"2025-10-23T09:59:41","date_gmt":"2025-10-23T14:59:41","guid":{"rendered":"https:\/\/elcuartopoder.com.mx\/nw\/?p=147109"},"modified":"2025-10-23T09:59:43","modified_gmt":"2025-10-23T14:59:43","slug":"dos-policias-se-alojaran-en-la-celda-contigua-a-la-de-sarkozy-para-garantizar-su-seguridad","status":"publish","type":"post","link":"http:\/\/elcuartopoder.com.mx\/nw\/internacionales\/dos-policias-se-alojaran-en-la-celda-contigua-a-la-de-sarkozy-para-garantizar-su-seguridad\/","title":{"rendered":"Dos polic\u00edas se alojar\u00e1n en la celda contigua a la de Sarkozy para garantizar su seguridad"},"content":{"rendered":"\n<p>Los dos agentes del Servicio de Protecci\u00f3n se mantendr\u00e1n dentro de prisi\u00f3n \u00abel tiempo que sea necesario\u00bb<\/p>\n\n\n\n<p>La\u00a0seguridad del expresidente Nicolas Sarkozy dentro de prisi\u00f3n\u00a0es una cuesti\u00f3n de primer orden para el gobierno de Francia. El ministro del Interior, Laurente Nu\u00f1ez, ha revelado en una entrevista en la radio concedida a CNews\/Europe 1 este mi\u00e9rcoles que\u00a0<strong>dos polic\u00edas\u00a0van a estar alojados en la celda vecina para velar por su vida<\/strong>\u00a0\u00abante las amenazas que pesan sobre \u00e9l\u00bb<\/p>\n\n\n\n<p>Los dos agentes del Servicio de Protecci\u00f3n (SDLP) estar\u00e1n encarcelados tambi\u00e9n en el centro penitenciario de La Sant\u00e9 y se mantendr\u00e1n dentro de prisi\u00f3n \u00abel tiempo que sea necesario\u00bb, seg\u00fan ha confirmado el ministro del Interior franc\u00e9s.<\/p>\n\n\n\n<p>El expresidente de Francia entr\u00f3 este martes a la c\u00e1rcel para cumplir una&nbsp;<strong>condena de cinco a\u00f1os por los fondos recibidos por el r\u00e9gimen de Muamar Gadafi<\/strong>&nbsp;para su campa\u00f1a electoral. En una escena in\u00e9dita, rodeado por sus abogados y de fuertes medidas de seguridad, Sarkozy, acompa\u00f1ado tambi\u00e9n por su esposa, la cantante Carla Bruni, abandon\u00f3 su vivienda para ingresar en prisi\u00f3n.<\/p>\n\n\n\n<p>El antiguo dirigente siempre neg\u00f3 cualquier irregularidad y ha denunciado una presunta persecuci\u00f3n pol\u00edtica contra \u00e9l a trav\u00e9s de los tribunales.<strong>&nbsp;\u00abNo es un expresidente de la Rep\u00fablica quien est\u00e1 siendo encarcelado esta ma\u00f1ana, sino un hombre inocente\u00bb,<\/strong>&nbsp;ha esgrimido Sarkozy, que ha dicho sentirse v\u00edctima de un \u00abesc\u00e1ndalo judicial\u00bb y de un \u00abcalvario\u00bb iniciado hace m\u00e1s de una d\u00e9cada. De hecho, tiene otros frentes judiciales abiertos, en uno de los cuales ya fue condenado en firme por corrupci\u00f3n y tr\u00e1fico de influencias.<\/p>\n\n\n\n<ul class=\"wp-block-list\"><\/ul>\n\n\n\n<p>Fuente: ABC<\/p>\n","protected":false},"excerpt":{"rendered":"<p>Los dos agentes del Servicio de Protecci\u00f3n se mantendr\u00e1n dentro de prisi\u00f3n \u00abel tiempo que sea necesario\u00bb La\u00a0seguridad del expresidente Nicolas Sarkozy dentro de prisi\u00f3n\u00a0es una cuesti\u00f3n de primer orden para el gobierno de Francia. El ministro del Interior, Laurente Nu\u00f1ez, ha revelado en una entrevista en la radio concedida a CNews\/Europe 1 este mi\u00e9rcoles [&hellip;]<\/p>\n","protected":false},"author":2,"featured_media":147110,"comment_status":"open","ping_status":"open","sticky":false,"template":"","format":"standard","meta":{"footnotes":""},"categories":[8],"tags":[],"class_list":["post-147109","post","type-post","status-publish","format-standard","has-post-thumbnail","hentry","category-internacionales"],"_links":{"self":[{"href":"http:\/\/elcuartopoder.com.mx\/nw\/wp-json\/wp\/v2\/posts\/147109","targetHints":{"allow":["GET"]}}],"collection":[{"href":"http:\/\/elcuartopoder.com.mx\/nw\/wp-json\/wp\/v2\/posts"}],"about":[{"href":"http:\/\/elcuartopoder.com.mx\/nw\/wp-json\/wp\/v2\/types\/post"}],"author":[{"embeddable":true,"href":"http:\/\/elcuartopoder.com.mx\/nw\/wp-json\/wp\/v2\/users\/2"}],"replies":[{"embeddable":true,"href":"http:\/\/elcuartopoder.com.mx\/nw\/wp-json\/wp\/v2\/comments?post=147109"}],"version-history":[{"count":1,"href":"http:\/\/elcuartopoder.com.mx\/nw\/wp-json\/wp\/v2\/posts\/147109\/revisions"}],"predecessor-version":[{"id":147111,"href":"http:\/\/elcuartopoder.com.mx\/nw\/wp-json\/wp\/v2\/posts\/147109\/revisions\/147111"}],"wp:featuredmedia":[{"embeddable":true,"href":"http:\/\/elcuartopoder.com.mx\/nw\/wp-json\/wp\/v2\/media\/147110"}],"wp:attachment":[{"href":"http:\/\/elcuartopoder.com.mx\/nw\/wp-json\/wp\/v2\/media?parent=147109"}],"wp:term":[{"taxonomy":"category","embeddable":true,"href":"http:\/\/elcuartopoder.com.mx\/nw\/wp-json\/wp\/v2\/categories?post=147109"},{"taxonomy":"post_tag","embeddable":true,"href":"http:\/\/elcuartopoder.com.mx\/nw\/wp-json\/wp\/v2\/tags?post=147109"}],"curies":[{"name":"wp","href":"https:\/\/api.w.org\/{rel}","templated":true}]}}