{"id":147131,"date":"2025-10-24T08:22:18","date_gmt":"2025-10-24T13:22:18","guid":{"rendered":"https:\/\/elcuartopoder.com.mx\/nw\/?p=147131"},"modified":"2025-10-24T08:22:20","modified_gmt":"2025-10-24T13:22:20","slug":"el-ombligo-verde-no-se-toca-destacan-su-importancia-historica-en-cancun","status":"publish","type":"post","link":"http:\/\/elcuartopoder.com.mx\/nw\/municipales\/el-ombligo-verde-no-se-toca-destacan-su-importancia-historica-en-cancun\/","title":{"rendered":"El Ombligo Verde \u2018no se toca\u2019; destacan su importancia hist\u00f3rica en Canc\u00fan"},"content":{"rendered":"\n<p>La historia del parque, naci\u00f3 de una lucha social y ambiental de los vecinos de las Supermanzanas 33 y 34.<\/p>\n\n\n\n<p>En el marco de la celebraci\u00f3n del d\u00e9cimo tercer &nbsp;aniversario del&nbsp;<strong>Ombligo Verde,<\/strong>&nbsp;autoridades municipales reafirmaron el compromiso de preservar este espacio emblem\u00e1tico, considerado uno de los&nbsp;<em>dos grandes \u00abpulmones verdes\u00bb de Canc\u00fan.<\/em><\/p>\n\n\n\n<p>Fernando Haro Salinas, director de Ecolog\u00eda en Benito Ju\u00e1rez ,expres\u00f3 su satisfacci\u00f3n por la reuni\u00f3n con<strong>&nbsp;vecinos y el sector ambiental,&nbsp;<\/strong>destacando la importancia hist\u00f3rica y representativa del parque, que&nbsp;<em>\u00abnaci\u00f3 de una lucha social y ambiental de los vecinos de las Supermanzanas 33 y 34, lo cual es de admirarse\u00bb.<\/em><\/p>\n\n\n\n<p>En este sentido, el funcionario fue enf\u00e1tico al declarar que la postura de la administraci\u00f3n de la presidenta Ana Paty Peralta, es clara al manifestar que &nbsp;<em>\u00abel Ombligo Verde no se toca\u00bb.<\/em><\/p>\n\n\n\n<p>\u00abNo hay inter\u00e9s ni pretensiones de realizar ning\u00fan tipo de modificaci\u00f3n, obra o nada en el \u00e1rea, y se mantendr\u00e1 tal como est\u00e1\u00bb, asegur\u00f3 Haro Salinas, garantizando la conservaci\u00f3n del espacio.<\/p>\n\n\n\n<blockquote class=\"wp-block-quote is-layout-flow wp-block-quote-is-layout-flow\"><\/blockquote>\n\n\n\n<figure class=\"wp-block-image size-full is-resized\"><img loading=\"lazy\" decoding=\"async\" width=\"580\" height=\"386\" src=\"https:\/\/elcuartopoder.com.mx\/nw\/wp-content\/uploads\/2025\/10\/image-72.png\" alt=\"\" class=\"wp-image-147132\" style=\"width:726px;height:auto\" srcset=\"http:\/\/elcuartopoder.com.mx\/nw\/wp-content\/uploads\/2025\/10\/image-72.png 580w, http:\/\/elcuartopoder.com.mx\/nw\/wp-content\/uploads\/2025\/10\/image-72-300x200.png 300w\" sizes=\"auto, (max-width: 580px) 100vw, 580px\" \/><\/figure>\n\n\n\n<p><a href=\"https:\/\/images.sipse.com\/_qhNU5Qk3lCdn-L4SKanjKLwvK4=\/fit-in\/900x500\/2025\/10\/22\/1761176520309.jpeg\"><\/a><\/p>\n\n\n\n<p>El Ombligo Verde \u2018no se toca\u2019; destacan su importancia hist\u00f3rica en Canc\u00fan<\/p>\n\n\n\n<p>Resalt\u00f3 que recientemente se cre\u00f3 el&nbsp;<strong>Comit\u00e9 Municipal de \u00c1reas Naturales Protegidas del municipio de Benito Ju\u00e1rez,<\/strong>&nbsp;la primera vez que se logra conformar una agrupaci\u00f3n de este tipo en la historia del municipio.<\/p>\n\n\n\n<p>\u201cEste comit\u00e9 representa un avance crucial al permitir a ciudadanos y cancunenses trabajar de la mano con la autoridad en el manejo y protecci\u00f3n de las dos \u00e1reas naturales protegidas clave de la ciudad: el Parque Kabah y el Ombligo Verde\u201d, explic\u00f3.<\/p>\n\n\n\n<blockquote class=\"wp-block-quote is-layout-flow wp-block-quote-is-layout-flow\"><\/blockquote>\n\n\n\n<p>Detall\u00f3 que se enfocan en el desarrollo del&nbsp;<strong>Programa de Manejo&nbsp;<\/strong>para la reserva ecol\u00f3gica del Ombligo Verde, calificado como una \u00abdeuda hist\u00f3rica\u00bb pendiente desde la&nbsp;<em>creaci\u00f3n de la reserva hace 13 a\u00f1os.<\/em><\/p>\n\n\n\n<p>El entrevistado advirti\u00f3 que el proceso ser\u00e1 largo, pues implica<em>&nbsp;\u00abmucho debate, muchas opiniones ciudadanas\u00bb<\/em>&nbsp;y en su fase final deber\u00e1 salir a consulta p\u00fablica, por lo que no se cuenta con una fecha inmediata de conclusi\u00f3n.<\/p>\n\n\n\n<p>Finalmente, el director indic\u00f3 que tambi\u00e9n se est\u00e1 avanzando en la revisi\u00f3n y desarrollo del&nbsp;<strong>Programa de Manejo para el Parque Kabah<\/strong>, el otro gran pulm\u00f3n de la ciudad.<\/p>\n\n\n\n<p>Fuente: SIPSE<\/p>\n","protected":false},"excerpt":{"rendered":"<p>La historia del parque, naci\u00f3 de una lucha social y ambiental de los vecinos de las Supermanzanas 33 y 34. En el marco de la celebraci\u00f3n del d\u00e9cimo tercer &nbsp;aniversario del&nbsp;Ombligo Verde,&nbsp;autoridades municipales reafirmaron el compromiso de preservar este espacio emblem\u00e1tico, considerado uno de los&nbsp;dos grandes \u00abpulmones verdes\u00bb de Canc\u00fan. Fernando Haro Salinas, director de [&hellip;]<\/p>\n","protected":false},"author":2,"featured_media":147133,"comment_status":"open","ping_status":"open","sticky":false,"template":"","format":"standard","meta":{"footnotes":""},"categories":[14,6],"tags":[],"class_list":["post-147131","post","type-post","status-publish","format-standard","has-post-thumbnail","hentry","category-benito-juarez","category-municipales"],"_links":{"self":[{"href":"http:\/\/elcuartopoder.com.mx\/nw\/wp-json\/wp\/v2\/posts\/147131","targetHints":{"allow":["GET"]}}],"collection":[{"href":"http:\/\/elcuartopoder.com.mx\/nw\/wp-json\/wp\/v2\/posts"}],"about":[{"href":"http:\/\/elcuartopoder.com.mx\/nw\/wp-json\/wp\/v2\/types\/post"}],"author":[{"embeddable":true,"href":"http:\/\/elcuartopoder.com.mx\/nw\/wp-json\/wp\/v2\/users\/2"}],"replies":[{"embeddable":true,"href":"http:\/\/elcuartopoder.com.mx\/nw\/wp-json\/wp\/v2\/comments?post=147131"}],"version-history":[{"count":1,"href":"http:\/\/elcuartopoder.com.mx\/nw\/wp-json\/wp\/v2\/posts\/147131\/revisions"}],"predecessor-version":[{"id":147134,"href":"http:\/\/elcuartopoder.com.mx\/nw\/wp-json\/wp\/v2\/posts\/147131\/revisions\/147134"}],"wp:featuredmedia":[{"embeddable":true,"href":"http:\/\/elcuartopoder.com.mx\/nw\/wp-json\/wp\/v2\/media\/147133"}],"wp:attachment":[{"href":"http:\/\/elcuartopoder.com.mx\/nw\/wp-json\/wp\/v2\/media?parent=147131"}],"wp:term":[{"taxonomy":"category","embeddable":true,"href":"http:\/\/elcuartopoder.com.mx\/nw\/wp-json\/wp\/v2\/categories?post=147131"},{"taxonomy":"post_tag","embeddable":true,"href":"http:\/\/elcuartopoder.com.mx\/nw\/wp-json\/wp\/v2\/tags?post=147131"}],"curies":[{"name":"wp","href":"https:\/\/api.w.org\/{rel}","templated":true}]}}