{"id":147151,"date":"2025-10-24T08:35:37","date_gmt":"2025-10-24T13:35:37","guid":{"rendered":"https:\/\/elcuartopoder.com.mx\/nw\/?p=147151"},"modified":"2025-10-24T08:35:38","modified_gmt":"2025-10-24T13:35:38","slug":"la-geopolitica-del-narco-como-el-discurso-del-crimen-reconfigura-el-poder-y-las-alianzas-en-america-latina","status":"publish","type":"post","link":"http:\/\/elcuartopoder.com.mx\/nw\/internacionales\/la-geopolitica-del-narco-como-el-discurso-del-crimen-reconfigura-el-poder-y-las-alianzas-en-america-latina\/","title":{"rendered":"La Geopol\u00edtica del \u201cNarco\u201d: C\u00f3mo el Discurso del Crimen Reconfigura el Poder y las Alianzas en Am\u00e9rica Latina"},"content":{"rendered":"\n<h2 class=\"wp-block-heading\"><em>El uso pol\u00edtico del prefijo \u201cnarco\u201d redefine estrategias diplom\u00e1ticas y desata tensiones entre Estados Unidos, Colombia, Venezuela y Ecuador<\/em><\/h2>\n\n\n\n<h2 class=\"wp-block-heading\"><em>Expertos advierten que el t\u00e9rmino se usa como arma ret\u00f3rica para justificar intervenciones y encubrir la fragilidad institucional de la regi\u00f3n<\/em><\/h2>\n\n\n\n<p>Calificativos como&nbsp;narcoestado, narcodictaduras y narcoterroristas est\u00e1n resurgiendo en las narrativas geopol\u00edticas de Am\u00e9rica. El prefijo \u201cnarco\u201d naci\u00f3 en los a\u00f1os 80 del comercio criminal de narc\u00f3ticos y ha tenido una evoluci\u00f3n poco favorable para la regi\u00f3n. El actual conflicto armado contra carteles de la droga en el Mar Caribe que&nbsp;Estados Unidos&nbsp;ha designado como organizaciones terroristas, sacude las relaciones diplom\u00e1ticas del hemisferio creando nuevos aliados, enfrentamientos y escenarios pol\u00edticos plagados de incertidumbres.<\/p>\n\n\n<div class=\"wp-block-image\">\n<figure class=\"aligncenter\"><img decoding=\"async\" src=\"https:\/\/elordenmundial.com\/wp-content\/uploads\/2024\/01\/51826030586_f337f99357_o-2-1-1.jpg\" alt=\"C\u00f3mo Ecuador se convirti\u00f3 en el nuevo centro del narco en Am\u00e9rica Latina - El Orden Mundial - EOM\"\/><\/figure><\/div>\n\n\n<p>La relaci\u00f3n hist\u00f3rica de gobiernos autoritarios con el narcotr\u00e1fico va m\u00e1s all\u00e1 de las ideolog\u00edas. El breve r\u00e9gimen anticomunista de Luis Garc\u00eda Meza en&nbsp;Bolivia&nbsp;se le apod\u00f3 \u201cla dictadura de la coca\u201d y cay\u00f3 en 1980 por sus v\u00ednculos con el narcotr\u00e1fico. Pero el t\u00e9rmino narcoestado se populariz\u00f3 en&nbsp;Colombia&nbsp;con el Cartel de Medell\u00edn y el poder pol\u00edtico alcanzado por su&nbsp;<em>capo&nbsp;<\/em>Pablo Escobar. Hoy en d\u00eda, las implicaciones de calificar a un presidente o a una naci\u00f3n como narcos podr\u00eda repercutir en todo el hemisferio.<\/p>\n\n\n<div class=\"wp-block-image\">\n<figure class=\"aligncenter\"><img decoding=\"async\" src=\"https:\/\/www.eluniversal.com.mx\/resizer\/v2\/G776GMVEIBBS3HBZXGBAD25KJE.jpg?auth=4a781e20b99aa566c6b3ea0d4f73309b6d985ce53a1406946969bfa4a8fed9be&amp;smart=true&amp;width=1100&amp;height=666\" alt=\"C\u00e1rteles del narco operan \u201csin fronteras\u201d en Am\u00e9rica Latina | El Universal\"\/><\/figure><\/div>\n\n\n<p>En d\u00edas recientes hemos visto como el presidente de Estados Unidos,&nbsp;Donald Trump, se refiri\u00f3 al presidente de Colombia,&nbsp;Gustavo Petro, como un \u201cl\u00edder de la droga\u201d. Colombia ahora \u201cenfrenta una grave crisis de seguridad\u201d, dijo a DW la presidenta de la organizaci\u00f3n estadounidense&nbsp;Inter-American Dialogue, Dra. Rebecca Bill Ch\u00e1vez. Ambos pa\u00edses hab\u00edan desarrollado la alianza m\u00e1s s\u00f3lida en el continente desde el 2000, con avances clave en la lucha contra el narcotr\u00e1fico que EE.UU. financiaba con&nbsp;hasta 2.000 millones de d\u00f3lares al a\u00f1o. \u201cPero en los \u00faltimos a\u00f1os ese progreso se ha deteriorado, especialmente desde que Petro asumi\u00f3 el poder\u201d, explica Bill Ch\u00e1vez. \u201cEl cultivo y la producci\u00f3n de coca han alcanzado niveles r\u00e9cord, los grupos armados se han fragmentado y expandido hacia nuevas zonas, y la violencia contra los l\u00edderes sociales se ha disparado\u201d, enfatiz\u00f3 Bill Ch\u00e1vez.<\/p>\n\n\n\n<figure class=\"wp-block-image\"><img decoding=\"async\" src=\"https:\/\/ichef.bbci.co.uk\/ace\/ws\/640\/cpsprodpb\/e48a\/live\/f52129e0-e8b5-11ee-9410-0f893255c2a0.jpg.webp\" alt=\"La realidad de Am\u00e9rica Latina le dio la raz\u00f3n al trilema de Lessing: no puedes disminuir narcotr\u00e1fico, corrupci\u00f3n y violencia en simult\u00e1neo. Tienes que elegir y es un gran problema\u201d - BBC\"\/><\/figure>\n\n\n\n<p>Acto seguido a los calificativos, Trump anunci\u00f3 el fin de los subsidios y financiamiento de EE.UU. destinado a Colombia para combatir el narcotr\u00e1fico. Una acci\u00f3n que para Rebecca Bill Ch\u00e1vez \u201csolo empeorar\u00eda una situaci\u00f3n, que ya es mala. Debilitar\u00eda la capacidad de Colombia para controlar su propio territorio y dar\u00eda m\u00e1s margen de maniobra a las redes criminales\u201d.<\/p>\n\n\n\n<h2 class=\"wp-block-heading\">De lo dicho al hecho<\/h2>\n\n\n\n<p>Llamar narcopresidente a un mandatario no tiene consecuencias legales, por lo general. El Dr. Jonas von Hoffmann, investigador del Instituto Alem\u00e1n de Estudios Globales y Regionales (GIGA), comenta a DW que t\u00e9rminos como \u201cnarcopresidente\u201d o \u201cnarcoestado\u201d carecen de un significado jur\u00eddico y su valor anal\u00edtico es limitado. \u201cTodos estos prefijos se han utilizado de manera pol\u00edtica y estrat\u00e9gica para descalificar a ciertos actores\u2026 ninguno de ellos tiene relevancia jur\u00eddica en&nbsp;<em>strictu sensu<\/em>\u201d, explica Hoffmann.<\/p>\n\n\n\n<p>En uno de los casos m\u00e1s emblem\u00e1ticos, la oposici\u00f3n en&nbsp;M\u00e9xico&nbsp;al expresidente Andr\u00e9s Manuel L\u00f3pez Obrador, logr\u00f3 posicionar la etiqueta de \u201cnarcopresidente\u201d para referirse al mandatario en distintos medios y redes sociales.&nbsp; Sin embargo, \u201cninguna de las acusaciones logr\u00f3 realmente tener eco entre los votantes,\u201d argumenta Hoffmann, \u201clo que s\u00ed podr\u00eda marcar una diferencia, aunque no necesariamente, ser\u00edan investigaciones penales sobre v\u00ednculos con el narcotr\u00e1fico y condenas de altos funcionarios y actores pol\u00edticos, como ha ocurrido con presidentes en&nbsp;Honduras&nbsp;o Paraguay\u201d.<\/p>\n\n\n<div class=\"wp-block-image\">\n<figure class=\"aligncenter\"><img decoding=\"async\" src=\"https:\/\/proceso.hn\/wp-content\/uploads\/2024\/02\/policos-en-el-narco-honduras.jpg\" alt=\"Pol\u00edticos hondure\u00f1os seducidos por el narcotr\u00e1fico - Proceso Digital\"\/><\/figure><\/div>\n\n\n<h2 class=\"wp-block-heading\">Geopol\u00edtica de narrativas<\/h2>\n\n\n\n<p>La percepci\u00f3n ciudadana hacia quienes los gobiernan y la manipulaci\u00f3n de la narrativa juegan un papel crucial en las din\u00e1micas de poder del continente. Existe una \u201cmultipolarizaci\u00f3n de narrativas, en donde el discurso es completamente confuso\u201d, explica a DW Leonardo G\u00f3mez Ponce, periodista especializado en narcotr\u00e1fico y fundador de la unidad de investigaci\u00f3n Tierra de Nadie en Ecuador. Para G\u00f3mez Ponce, mientras las narrativas distraen a la poblaci\u00f3n: \u201cLos grupos siguen operando y siguen creciendo a sus anchas\u201d.<\/p>\n\n\n\n<p>Todos los expertos consultados para este art\u00edculo coinciden en que el narcotr\u00e1fico es utilizado como pretexto para justificar objetivos pol\u00edticos m\u00e1s amplios en la regi\u00f3n. Tambi\u00e9n coinciden en que, en el caso de&nbsp;Venezuela, el crimen organizado y el narcotr\u00e1fico se vinculan de alguna manera con el r\u00e9gimen de&nbsp;Nicolas Maduro. Sin embargo, la intenci\u00f3n de Trump m\u00e1s aparente&nbsp;es impulsar un cambio de r\u00e9gimen en Venezuela que atacar las v\u00edas de narcotr\u00e1fico m\u00e1s poderosas como&nbsp;en Colombia o&nbsp;Ecuador. Para G\u00f3mez Ponce, el narcotr\u00e1fico salpica a todos los gobiernos del hemisferio, pero se trata m\u00e1s de una \u201ccorresponsabilidad\u201d por decisiones que favorecen indirectamente la presencia de actores criminales.<\/p>\n\n\n\n<p>Mientras avanza la presi\u00f3n en el Caribe para un cambio de r\u00e9gimen en Venezuela, \u201cen Ecuador el presidente&nbsp;Daniel Noboa, se ha alineado con el presidente Trump en la toma de decisiones\u201d, enmarcado en la lucha contra el narcotr\u00e1fico, explica G\u00f3mez Ponce. Cuando Noboa \u201cplantea la apertura en Ecuador para tener&nbsp;bases militares extranjeras, se comienza a formar un tri\u00e1ngulo que termina creando todo el caldo de cultivo de una estrategia militar perfecta para EE.UU.\u201d argumenta G\u00f3mez Ponce.<\/p>\n\n\n\n<figure class=\"wp-block-image\"><img decoding=\"async\" src=\"https:\/\/static.dw.com\/image\/72944454_1006.jpg\" alt=\"\u201cNarcoestado\u201d: Entre narrativas y evidencias \u2013 DW \u2013 22\/10\/2025\"\/><\/figure>\n\n\n\n<h2 class=\"wp-block-heading\">\u00bfPetro narcopresidente?<\/h2>\n\n\n\n<p>Colombia es el mayor productor de coca en el planeta y por donde fluyen las principales v\u00edas del narcotr\u00e1fico. El conflicto generado por las pol\u00edticas enfrentadas de Trump y Petro hace&nbsp;poco para revertir o controlar la industria de la droga, que s\u00ed tiene efectos negativos para toda la regi\u00f3n. Los expertos concuerdan que la verdadera amenaza no radica en el uso del prefijo narco, sino en c\u00f3mo el narcotr\u00e1fico afecta las estructuras estatales y socava la democracia.<\/p>\n\n\n\n<p>Para el Dr. Hoffmann llamar narcotraficante a Gustavo Petro desaf\u00eda la credibilidad. Si bien \u201ces cierto que ha presidido un aumento en el cultivo de coca (una tendencia que antecede a su mandato) y que ha abogado por pol\u00edticas de drogas alternativas, eso no lo convierte en un narcopresidente, por muy impreciso que sea el t\u00e9rmino\u201d dice Hoffmann.<\/p>\n\n\n\n<p>La ret\u00f3rica de acusaciones \u201cnarco\u201d podr\u00eda tener implicaciones mucho m\u00e1s graves para la regi\u00f3n y para Colombia. La Dra. Bill Ch\u00e1vez teme que \u201cen el peor de los casos, la ret\u00f3rica se endurezca y derive en una espiral de aranceles y sanciones, que los bloqueos de ayuda se vuelvan permanentes, y que ataques mar\u00edtimos o a\u00e9reos se ampl\u00eden por errores de c\u00e1lculo o da\u00f1os a civiles, desencadenando una crisis a\u00fan mayor.\u201d<\/p>\n\n\n<div class=\"wp-block-image\">\n<figure class=\"aligncenter\"><img decoding=\"async\" src=\"https:\/\/s.yimg.com\/ny\/api\/res\/1.2\/TqnT2pVJPuw7Ns0kjNENPw--\/YXBwaWQ9aGlnaGxhbmRlcjt3PTk2MDtoPTU0MDtjZj13ZWJw\/https:\/\/media.zenfs.com\/es\/deutsche_welle_articles_es_448\/497b6aca2dd34ebc4950cff30b31158b\" alt=\"Narcoestado\u201d: Entre la narrativa y la evidencia en Am\u00e9rica Latina\"\/><\/figure><\/div>\n\n\n<p>Aunque la etiqueta de \u201cnarcopresidente\u201d puede tener impacto, su valor real es limitado para entender la compleja relaci\u00f3n entre la pol\u00edtica y el crimen organizado en Am\u00e9rica Latina. A\u00fan m\u00e1s preocupante, a lo largo de los a\u00f1os hemos visto c\u00f3mo distintos gobiernos surgen y caen mientras que el narcotr\u00e1fico sigue operando como de costumbre.<\/p>\n\n\n\n<p>Fuente: diariocambio22<\/p>\n\n\n\n<blockquote class=\"wp-block-quote is-layout-flow wp-block-quote-is-layout-flow\"><\/blockquote>\n\n\n\n<blockquote class=\"wp-block-quote is-layout-flow wp-block-quote-is-layout-flow\"><\/blockquote>\n","protected":false},"excerpt":{"rendered":"<p>El uso pol\u00edtico del prefijo \u201cnarco\u201d redefine estrategias diplom\u00e1ticas y desata tensiones entre Estados Unidos, Colombia, Venezuela y Ecuador Expertos advierten que el t\u00e9rmino se usa como arma ret\u00f3rica para justificar intervenciones y encubrir la fragilidad institucional de la regi\u00f3n Calificativos como&nbsp;narcoestado, narcodictaduras y narcoterroristas est\u00e1n resurgiendo en las narrativas geopol\u00edticas de Am\u00e9rica. El prefijo [&hellip;]<\/p>\n","protected":false},"author":2,"featured_media":147152,"comment_status":"open","ping_status":"open","sticky":false,"template":"","format":"standard","meta":{"footnotes":""},"categories":[8],"tags":[],"class_list":["post-147151","post","type-post","status-publish","format-standard","has-post-thumbnail","hentry","category-internacionales"],"_links":{"self":[{"href":"http:\/\/elcuartopoder.com.mx\/nw\/wp-json\/wp\/v2\/posts\/147151","targetHints":{"allow":["GET"]}}],"collection":[{"href":"http:\/\/elcuartopoder.com.mx\/nw\/wp-json\/wp\/v2\/posts"}],"about":[{"href":"http:\/\/elcuartopoder.com.mx\/nw\/wp-json\/wp\/v2\/types\/post"}],"author":[{"embeddable":true,"href":"http:\/\/elcuartopoder.com.mx\/nw\/wp-json\/wp\/v2\/users\/2"}],"replies":[{"embeddable":true,"href":"http:\/\/elcuartopoder.com.mx\/nw\/wp-json\/wp\/v2\/comments?post=147151"}],"version-history":[{"count":1,"href":"http:\/\/elcuartopoder.com.mx\/nw\/wp-json\/wp\/v2\/posts\/147151\/revisions"}],"predecessor-version":[{"id":147153,"href":"http:\/\/elcuartopoder.com.mx\/nw\/wp-json\/wp\/v2\/posts\/147151\/revisions\/147153"}],"wp:featuredmedia":[{"embeddable":true,"href":"http:\/\/elcuartopoder.com.mx\/nw\/wp-json\/wp\/v2\/media\/147152"}],"wp:attachment":[{"href":"http:\/\/elcuartopoder.com.mx\/nw\/wp-json\/wp\/v2\/media?parent=147151"}],"wp:term":[{"taxonomy":"category","embeddable":true,"href":"http:\/\/elcuartopoder.com.mx\/nw\/wp-json\/wp\/v2\/categories?post=147151"},{"taxonomy":"post_tag","embeddable":true,"href":"http:\/\/elcuartopoder.com.mx\/nw\/wp-json\/wp\/v2\/tags?post=147151"}],"curies":[{"name":"wp","href":"https:\/\/api.w.org\/{rel}","templated":true}]}}