{"id":147177,"date":"2025-10-24T11:15:36","date_gmt":"2025-10-24T16:15:36","guid":{"rendered":"https:\/\/elcuartopoder.com.mx\/nw\/?p=147177"},"modified":"2025-10-24T11:15:38","modified_gmt":"2025-10-24T16:15:38","slug":"milei-nombra-a-pablo-quirno-nuevo-ministro-de-exteriores-el-tercero-en-dos-anos","status":"publish","type":"post","link":"http:\/\/elcuartopoder.com.mx\/nw\/internacionales\/milei-nombra-a-pablo-quirno-nuevo-ministro-de-exteriores-el-tercero-en-dos-anos\/","title":{"rendered":"Milei nombra a Pablo Quirno nuevo ministro de Exteriores, el tercero en dos a\u00f1os"},"content":{"rendered":"\n<p>El Gobierno argentino ha presentado al hasta ahora ministro de Finanzas como el \u00abmiembro clave del equipo econ\u00f3mico que logr\u00f3 evitar la mayor crisis de la historia del pa\u00eds\u00bb<\/p>\n\n\n\n<p>Este jueves en Argentina, a solo tres d\u00edas de las elecciones legislativas, el Gobierno ha designado a Pablo Quirno como nuevo ministro de Exteriores, el tercero en dos a\u00f1os. El cargo estaba vacante despu\u00e9s de\u00a0la salida de Gerardo Werthein,\u00a0quien llevaba menos de\u00a0&#8230;<\/p>\n\n\n\n<p>Fuente: ABC<\/p>\n","protected":false},"excerpt":{"rendered":"<p>El Gobierno argentino ha presentado al hasta ahora ministro de Finanzas como el \u00abmiembro clave del equipo econ\u00f3mico que logr\u00f3 evitar la mayor crisis de la historia del pa\u00eds\u00bb Este jueves en Argentina, a solo tres d\u00edas de las elecciones legislativas, el Gobierno ha designado a Pablo Quirno como nuevo ministro de Exteriores, el tercero [&hellip;]<\/p>\n","protected":false},"author":2,"featured_media":147178,"comment_status":"open","ping_status":"open","sticky":false,"template":"","format":"standard","meta":{"footnotes":""},"categories":[8],"tags":[],"class_list":["post-147177","post","type-post","status-publish","format-standard","has-post-thumbnail","hentry","category-internacionales"],"_links":{"self":[{"href":"http:\/\/elcuartopoder.com.mx\/nw\/wp-json\/wp\/v2\/posts\/147177","targetHints":{"allow":["GET"]}}],"collection":[{"href":"http:\/\/elcuartopoder.com.mx\/nw\/wp-json\/wp\/v2\/posts"}],"about":[{"href":"http:\/\/elcuartopoder.com.mx\/nw\/wp-json\/wp\/v2\/types\/post"}],"author":[{"embeddable":true,"href":"http:\/\/elcuartopoder.com.mx\/nw\/wp-json\/wp\/v2\/users\/2"}],"replies":[{"embeddable":true,"href":"http:\/\/elcuartopoder.com.mx\/nw\/wp-json\/wp\/v2\/comments?post=147177"}],"version-history":[{"count":1,"href":"http:\/\/elcuartopoder.com.mx\/nw\/wp-json\/wp\/v2\/posts\/147177\/revisions"}],"predecessor-version":[{"id":147179,"href":"http:\/\/elcuartopoder.com.mx\/nw\/wp-json\/wp\/v2\/posts\/147177\/revisions\/147179"}],"wp:featuredmedia":[{"embeddable":true,"href":"http:\/\/elcuartopoder.com.mx\/nw\/wp-json\/wp\/v2\/media\/147178"}],"wp:attachment":[{"href":"http:\/\/elcuartopoder.com.mx\/nw\/wp-json\/wp\/v2\/media?parent=147177"}],"wp:term":[{"taxonomy":"category","embeddable":true,"href":"http:\/\/elcuartopoder.com.mx\/nw\/wp-json\/wp\/v2\/categories?post=147177"},{"taxonomy":"post_tag","embeddable":true,"href":"http:\/\/elcuartopoder.com.mx\/nw\/wp-json\/wp\/v2\/tags?post=147177"}],"curies":[{"name":"wp","href":"https:\/\/api.w.org\/{rel}","templated":true}]}}