{"id":147223,"date":"2025-10-27T08:53:49","date_gmt":"2025-10-27T13:53:49","guid":{"rendered":"https:\/\/elcuartopoder.com.mx\/nw\/?p=147223"},"modified":"2025-10-27T08:53:51","modified_gmt":"2025-10-27T13:53:51","slug":"mariano-langa-el-camisero-que-ha-hecho-brillar-a-sean-connery-cary-grant-y-bertin-osborne","status":"publish","type":"post","link":"http:\/\/elcuartopoder.com.mx\/nw\/entretenimiento\/espectaculos\/mariano-langa-el-camisero-que-ha-hecho-brillar-a-sean-connery-cary-grant-y-bertin-osborne\/","title":{"rendered":"Mariano Langa,\u00a0el camisero que ha hecho brillar a Sean Connery, Cary Grant y Bert\u00edn Osborne"},"content":{"rendered":"\n<p>Muchos rostros conocidos, tanto nacionales como internacionales, han pasado por su taller. Pero si hay algo de lo que pueden presumir es que quien prueba sus camisas repite.<\/p>\n\n\n\n<p>En pleno coraz\u00f3n de Madrid, su apellido, Langa, da nombre a una de las firmas m\u00e1s emblem\u00e1ticas del vestir masculino. \u00abArroyo era un apellido muy com\u00fan y adem\u00e1s ya hab\u00eda otro comercio con ese nombre. As\u00ed que optamos por Langa, que se distingu\u00eda m\u00e1s. Fuimos&nbsp;los primeros en Madrid con ese nombre\u00bb.<\/p>\n\n\n\n<p>Mariano empez\u00f3 a los 14 a\u00f1os, haciendo recados y aprendiendo el oficio entre tijeras, patrones y telas. \u00ab<strong>No me gustaba al principio, porque la tijera era grande y pesaba, pero poco a poco le cog\u00ed cari\u00f1o<\/strong>\u00bb.<\/p>\n\n\n\n<p>Con el paso de los a\u00f1os, Mariano se hizo cortador y perfeccion\u00f3 el arte de la camiser\u00eda hasta fundar su propio taller. \u00abYo quer\u00eda algo m\u00edo, que se conociera por mi nombre. Y gracias a Dios, aqu\u00ed seguimos, con una clientela muy agradecida\u00bb. Entre esas clientelas figuran nombres como&nbsp;<strong>Arturo Fern\u00e1ndez, Bert\u00edn Osborne, Sean Connery, Anthony Quinn, Julio Iglesias, Cayetano Mart\u00ednez de Irujo o Cary Grant, entre otro muchos.<\/strong><\/p>\n\n\n\n<p>De este \u00faltimo recuerda una historia que ya forma parte de la leyenda del taller: \u00abLe hicimos unas treinta camisas mientras rodaba &#8216;Orgullo y pasi\u00f3n&#8217; en Madrid, junto a Sof\u00eda Loren. Las encarg\u00f3 desde el Hotel Palace, donde se hospedaba. Cuando se march\u00f3, las mand\u00f3 en barco, pero el trasatl\u00e1ntico Andrea Doria choc\u00f3 en pleno Atl\u00e1ntico y se hundi\u00f3. Las camisas se hundieron con \u00e9l. Siempre digo que esas camisas las llevan los peces\u00bb.<\/p>\n\n\n\n<p>Mariano empez\u00f3 a los 14 a\u00f1os, haciendo recados y aprendiendo el oficio entre tijeras, patrones y telas. \u00ab<strong>No me gustaba al principio, porque la tijera era grande y pesaba, pero poco a poco le cog\u00ed cari\u00f1o<\/strong>\u00bb.<\/p>\n\n\n\n<p>Con el paso de los a\u00f1os, Mariano se hizo cortador y perfeccion\u00f3 el arte de la camiser\u00eda hasta fundar su propio taller. \u00abYo quer\u00eda algo m\u00edo, que se conociera por mi nombre. Y gracias a Dios, aqu\u00ed seguimos, con una clientela muy agradecida\u00bb. Entre esas clientelas figuran nombres como&nbsp;<strong>Arturo Fern\u00e1ndez, Bert\u00edn Osborne, Sean Connery, Anthony Quinn, Julio Iglesias, Cayetano Mart\u00ednez de Irujo o Cary Grant, entre otro muchos.<\/strong>te recomendamos<\/p>\n\n\n\n<p>De este \u00faltimo recuerda una historia que ya forma parte de la leyenda del taller: \u00abLe hicimos unas treinta camisas mientras rodaba &#8216;Orgullo y pasi\u00f3n&#8217; en Madrid, junto a Sof\u00eda Loren. Las encarg\u00f3 desde el Hotel Palace, donde se hospedaba. Cuando se march\u00f3, las mand\u00f3 en barco, pero el trasatl\u00e1ntico Andrea Doria choc\u00f3 en pleno Atl\u00e1ntico y se hundi\u00f3. Las camisas se hundieron con \u00e9l. Siempre digo que esas camisas las llevan los peces\u00bb.<\/p>\n\n\n\n<p><strong>Est\u00e1s leyendo esta noticia en abierto,<\/strong>&nbsp;pero sin el apoyo de nuestros suscriptores no ser\u00eda posible. S\u00famate t\u00fa tambi\u00e9n. Ay\u00fadanos a seguir haciendo periodismo de calidad.<\/p>\n\n\n\n<p>A Arturo Fern\u00e1ndez lo consideraba el paradigma de la elegancia: \u00abEra \u00fanico. Lo vest\u00ed durante m\u00e1s de cincuenta a\u00f1os.&nbsp;<strong>Siempre me dec\u00eda: &#8216;Chat\u00edn, hazme una camisa de las tuyas&#8217;<\/strong>. Y cada vez que estrenaba una obra, yo le preparaba todo el vestuario. Ten\u00eda un porte y una amabilidad como ya no se ven. Era el verdadero caballero espa\u00f1ol\u00bb.<\/p>\n\n\n\n<figure class=\"wp-block-image size-full\"><img loading=\"lazy\" decoding=\"async\" width=\"760\" height=\"427\" src=\"https:\/\/elcuartopoder.com.mx\/nw\/wp-content\/uploads\/2025\/10\/image-76.png\" alt=\"\" class=\"wp-image-147224\" srcset=\"http:\/\/elcuartopoder.com.mx\/nw\/wp-content\/uploads\/2025\/10\/image-76.png 760w, http:\/\/elcuartopoder.com.mx\/nw\/wp-content\/uploads\/2025\/10\/image-76-300x169.png 300w, http:\/\/elcuartopoder.com.mx\/nw\/wp-content\/uploads\/2025\/10\/image-76-696x391.png 696w\" sizes=\"auto, (max-width: 760px) 100vw, 760px\" \/><\/figure>\n\n\n\n<p>De Bert\u00edn Osborne conserva tambi\u00e9n buenos recuerdos y un patr\u00f3n guardado con mimo. \u00abA Bert\u00edn le sigo haciendo camisas.&nbsp;<strong>Es de los que valoran el trabajo hecho a mano<\/strong>. Tiene una figura dif\u00edcil de ajustar y hay que cuidar mucho los hombros y el cuello. Pero \u00e9l conf\u00eda plenamente\u00bb.<\/p>\n\n\n\n<p>Julio Iglesias tambi\u00e9n ha pasado por el taller. \u00abA Julio le gustaban los tejidos finos, ligeros, que respiraran bien. Siempre eleg\u00eda algodones egipcios o sedas italianas. Ten\u00eda una sensibilidad especial para el tacto de la tela.&nbsp;<strong>Dec\u00eda que una buena camisa se nota antes de verla, al tocarla<\/strong>\u00bb.<\/p>\n\n\n\n<p>Entre los internacionales, Sean Connery y Anthony Quinn tambi\u00e9n vistieron Langa. \u00ab<strong>Connery era un tipo formidable<\/strong>. Cuando viv\u00eda en Marbella ven\u00eda mucho por aqu\u00ed. Era grandote, de cuello fuerte, y prefer\u00eda los cuellos bajitos para no parecer m\u00e1s ancho.&nbsp;<strong>Anthony Quinn, en cambio, quer\u00eda los cuellos italianos<\/strong>, amplios, porque le daban car\u00e1cter. Ambos eran encantadores\u00bb.<\/p>\n\n\n\n<figure class=\"wp-block-image\"><img decoding=\"async\" src=\"https:\/\/s1.abcstatics.com\/abc\/www\/multimedia\/gente\/2025\/10\/23\/langa-camiseria2-U82482508613glO-760x427@diario_abc.jpg\" alt=\"Sergio y Mariano trabajando en el taller\"\/><figcaption class=\"wp-element-caption\">Sergio y Mariano trabajando en el taller&nbsp;<strong>Jos\u00e9 Manuel Ladra<\/strong><\/figcaption><\/figure>\n\n\n\n<p>Mariano recuerda que gracias a su empe\u00f1o en aprender ingl\u00e9s pudo entenderse con todos ellos. \u00abDe joven iba al cine los domingos a ver pel\u00edculas en versi\u00f3n original, tres veces seguidas si hac\u00eda falta.&nbsp;<strong>Quer\u00eda entender a los actores, porque so\u00f1aba con ser auxiliar de vuelo<\/strong>. Al final no lo fui, pero el ingl\u00e9s me sirvi\u00f3 mucho: fui el \u00fanico en la camiser\u00eda que pod\u00eda tomar medidas a los extranjeros. Por eso atend\u00ed personalmente a Cary Grant y a Sean Connery\u00bb.<\/p>\n\n\n\n<p>Tambi\u00e9n ha trabajado para Cayetano Mart\u00ednez de Irujo, miembro de la nobleza espa\u00f1ola, \u00ab<strong>un cliente elegante, exigente y con un gusto impecable<\/strong>&nbsp;por los tejidos ingleses\u00bb, seg\u00fan dice Mariano. \u00abDe su familia he aprendido que la elegancia aut\u00e9ntica no grita, se insin\u00faa\u00bb.<\/p>\n\n\n\n<p>Pero en Langa no se limitan a cortar tela. \u00abHay que tener psicolog\u00eda. No es lo mismo un se\u00f1or corpulento que uno delgado. El cuello, por ejemplo, tiene que adaptarse a la fisonom\u00eda. Un cuello alto en una persona bajita es un error. Todo es proporci\u00f3n y elegancia\u00bb.<\/p>\n\n\n\n<h3 class=\"wp-block-heading\">Una nueva generaci\u00f3n<\/h3>\n\n\n\n<p>A sus m\u00e1s de setenta a\u00f1os, Mariano&nbsp;<strong>se siente orgulloso de haber encontrado continuidad en su hija Nuria<\/strong>, quien lleva dos d\u00e9cadas implicada en la empresa familiar. \u00abEmpec\u00e9 hace veinte a\u00f1os, luego par\u00e9 por mis hijos y regres\u00e9 hace diez. Trabajar con mi padre es un orgullo, porque no solo aprendes el oficio, sino una manera de entender la vida. Aqu\u00ed todo es familiar, cada detalle se cuida con cari\u00f1o\u00bb.<\/p>\n\n\n\n<p>Mariano asiente con una sonrisa: \u00abMi hija lo lleva igual o mejor que yo. Ella aporta ideas frescas y yo pongo la experiencia. Es la combinaci\u00f3n perfecta\u00bb. Nuria aporta una visi\u00f3n actual sin romper la l\u00ednea cl\u00e1sica que ha hecho de Langa un referente. \u00abNuestra clientela es fiel y muy cl\u00e1sica. Innovamos en tejidos y detalles, pero mantenemos el estilo de siempre.&nbsp;<strong>La elegancia no pasa de moda<\/strong>\u00bb.<\/p>\n\n\n\n<p>Adem\u00e1s, la Camiser\u00eda Langa cuenta con el apoyo de Sergio, el joven cortador del taller, que trabaja mano a mano con Nuria.&nbsp;<strong>\u00abSergio tiene una precisi\u00f3n extraordinaria\u00bb<\/strong>, dice ella. \u00abEs muy met\u00f3dico, y a la vez tiene ese punto de intuici\u00f3n que solo da la pasi\u00f3n por el oficio. Yo le digo que en cada camisa va un pedazo de nuestra historia\u00bb.<\/p>\n\n\n\n<figure class=\"wp-block-image\"><img decoding=\"async\" src=\"https:\/\/s2.abcstatics.com\/abc\/www\/multimedia\/gente\/2025\/10\/23\/langa-camiseria5-U84300300653LHX-760x427@diario_abc.jpg\" alt=\"Mariano muestra algunos de los patrones que guardan en el taller\"\/><figcaption class=\"wp-element-caption\">Mariano muestra algunos de los patrones que guardan en el taller&nbsp;<strong>Jos\u00e9 Manuel Ladra<\/strong><\/figcaption><\/figure>\n\n\n\n<p>Sergio, por su parte, confiesa: \u00abTrabajar aqu\u00ed es como formar parte de una familia. Mariano y Nuria te ense\u00f1an que cada puntada tiene sentido, que no se trata solo de coser, sino de entender al cliente. Eso es lo que distingue a Langa.&nbsp;<strong>Cuando un cliente se prueba una camisa y sonr\u00ede frente al espejo, sabes que lo has hecho bien<\/strong>\u00bb.<\/p>\n\n\n\n<p>Las camisas tardan cerca de un mes en completarse. Cada patr\u00f3n se adapta al cuerpo del cliente y se guarda cuidadosamente para futuras prendas. \u00abLa primera camisa es la que cuesta; luego, solo elegimos la tela y ajustamos si engorda o adelgaza\u00bb, explica Mariano.<\/p>\n\n\n\n<p>Mientras habla, muestra sus tijeras centenarias, algunas con m\u00e1s de doscientos a\u00f1os, como si fueran reliquias de un templo textil. \u00ab<strong>Cada tijera tiene su due\u00f1o. Si otro las usa, se quita el filo<\/strong>. Son herramientas que cuentan historias\u00bb.<\/p>\n\n\n\n<p>Cuando se le pregunta si volver\u00eda a elegir la misma profesi\u00f3n, Mariano duda un momento y responde con sinceridad: \u00abNo. Es un oficio muy sacrificado. Pero no me arrepiento. Estoy orgulloso. Porque esto es arte, y ya quedan pocos camiseros de verdad\u00bb. Nuria lo mira con ternura y concluye: \u00abLanga no es solo una tienda; es una forma de entender la elegancia. Y&nbsp;<strong>mientras haya un hilo, una aguja y una historia que contar, la camiser\u00eda seguir\u00e1 viva<\/strong>\u00bb.<\/p>\n\n\n\n<p>Fuente: ABC<\/p>\n","protected":false},"excerpt":{"rendered":"<p>Muchos rostros conocidos, tanto nacionales como internacionales, han pasado por su taller. Pero si hay algo de lo que pueden presumir es que quien prueba sus camisas repite. En pleno coraz\u00f3n de Madrid, su apellido, Langa, da nombre a una de las firmas m\u00e1s emblem\u00e1ticas del vestir masculino. \u00abArroyo era un apellido muy com\u00fan y [&hellip;]<\/p>\n","protected":false},"author":2,"featured_media":147225,"comment_status":"open","ping_status":"open","sticky":false,"template":"","format":"standard","meta":{"footnotes":""},"categories":[11],"tags":[],"class_list":["post-147223","post","type-post","status-publish","format-standard","has-post-thumbnail","hentry","category-espectaculos"],"_links":{"self":[{"href":"http:\/\/elcuartopoder.com.mx\/nw\/wp-json\/wp\/v2\/posts\/147223","targetHints":{"allow":["GET"]}}],"collection":[{"href":"http:\/\/elcuartopoder.com.mx\/nw\/wp-json\/wp\/v2\/posts"}],"about":[{"href":"http:\/\/elcuartopoder.com.mx\/nw\/wp-json\/wp\/v2\/types\/post"}],"author":[{"embeddable":true,"href":"http:\/\/elcuartopoder.com.mx\/nw\/wp-json\/wp\/v2\/users\/2"}],"replies":[{"embeddable":true,"href":"http:\/\/elcuartopoder.com.mx\/nw\/wp-json\/wp\/v2\/comments?post=147223"}],"version-history":[{"count":1,"href":"http:\/\/elcuartopoder.com.mx\/nw\/wp-json\/wp\/v2\/posts\/147223\/revisions"}],"predecessor-version":[{"id":147226,"href":"http:\/\/elcuartopoder.com.mx\/nw\/wp-json\/wp\/v2\/posts\/147223\/revisions\/147226"}],"wp:featuredmedia":[{"embeddable":true,"href":"http:\/\/elcuartopoder.com.mx\/nw\/wp-json\/wp\/v2\/media\/147225"}],"wp:attachment":[{"href":"http:\/\/elcuartopoder.com.mx\/nw\/wp-json\/wp\/v2\/media?parent=147223"}],"wp:term":[{"taxonomy":"category","embeddable":true,"href":"http:\/\/elcuartopoder.com.mx\/nw\/wp-json\/wp\/v2\/categories?post=147223"},{"taxonomy":"post_tag","embeddable":true,"href":"http:\/\/elcuartopoder.com.mx\/nw\/wp-json\/wp\/v2\/tags?post=147223"}],"curies":[{"name":"wp","href":"https:\/\/api.w.org\/{rel}","templated":true}]}}