{"id":147230,"date":"2025-10-27T09:16:05","date_gmt":"2025-10-27T14:16:05","guid":{"rendered":"https:\/\/elcuartopoder.com.mx\/nw\/?p=147230"},"modified":"2025-10-27T09:16:07","modified_gmt":"2025-10-27T14:16:07","slug":"en-mexico-250-mil-ninas-ninos-y-adolescentes-en-riesgo-de-ser-reclutados-por-delincuencia-organizada-redim","status":"publish","type":"post","link":"http:\/\/elcuartopoder.com.mx\/nw\/nacionales\/en-mexico-250-mil-ninas-ninos-y-adolescentes-en-riesgo-de-ser-reclutados-por-delincuencia-organizada-redim\/","title":{"rendered":"En M\u00e9xico, 250 mil ni\u00f1as, ni\u00f1os y adolescentes en riesgo de ser reclutados por delincuencia organizada: REDIM"},"content":{"rendered":"\n<p>Ciudad de M\u00e9xico.- No existe una cifra exacta, pero en M\u00e9xico, al menos&nbsp;<strong>30 mil ni\u00f1as, ni\u00f1os y adolescentes<\/strong>&nbsp;integran las&nbsp;<strong>filas de la delincuencia organizada<\/strong>&nbsp;y estimaciones se\u00f1alan que alrededor de 250 mil menores est\u00e1n en riesgo de ser reclutados por el narcotr\u00e1fico, as\u00ed lo dio a conocer la&nbsp;<strong>Red por los Derechos de la Infancia en M\u00e9xico (REDIM)<\/strong>&nbsp;en su Balance Anual.<\/p>\n\n\n\n<p>Cabe se\u00f1alar que de acuerdo con el Fondo de las Naciones Unidas para la Infancia (UNICEF), M\u00e9xico es el segundo pa\u00eds en el mundo donde se&nbsp;<strong>comenten el mayor n\u00famero de agravios<\/strong>&nbsp;en contra de ni\u00f1as, ni\u00f1os y adolescentes.<\/p>\n\n\n\n<p>En el tema del reclutamiento de menores de edad, la&nbsp;<strong>coordinadora del Partido del Trabajo (PT) en el Senado de la Rep\u00fablica, Geovanna Ba\u00f1uelos<\/strong>, detalla que esa situaci\u00f3n puede ser forzada o no forzada. El primer caso consiste en que la<strong>&nbsp;delincuencia organizada&nbsp;<\/strong>mediante formas de&nbsp;<strong>violencia f\u00edsica, psicol\u00f3gica, econ\u00f3mica<\/strong>&nbsp;y\/o conductas delictivas como el secuestro, la extorsi\u00f3n, la trata y tr\u00e1fico de menores, amenazas, chantaje, intimidaci\u00f3n y\/o maltrato f\u00edsico&nbsp;<strong>captan a las ni\u00f1as, ni\u00f1os y adolescentes<\/strong>.<\/p>\n\n\n\n<p>En el segundo, detalla, consiste en que&nbsp;<strong>ocurre sin violencia<\/strong>&nbsp;y se manifiesta mediante&nbsp;<strong>enga\u00f1o, ofertas econ\u00f3micas o laborales<\/strong>, prometi\u00e9ndoles protecci\u00f3n y por necesidad econ\u00f3mica. \u201cAmbas formas&nbsp;<strong>atentan contra la dignidad y desarrollo<\/strong>&nbsp;de ni\u00f1as, ni\u00f1os y adolescentes\u201d.<\/p>\n\n\n\n<p>\u201cLa\u00a0<strong>importancia de proteger la vida<\/strong>\u00a0de ni\u00f1as, ni\u00f1os y adolescentes ante la violencia criminal y en espec\u00edfico, ante los homicidios es fundamental, ya que\u00a0<strong>son los m\u00e1s vulnerables a la violencia<\/strong>. No olvidemos que son ellas y ellos los m\u00e1s propensos a ser v\u00edctimas de violencia, toda vez que no tienen la misma\u00a0<strong>capacidad de defenderse que los adultos<\/strong>\u201d, expuso Geovanna Ba\u00f1uelos.<\/p>\n\n\n\n<p>Para garantizar una vida libre de violencia, as\u00ed como una infancia y adolescencia dignas a ni\u00f1as, ni\u00f1os y adolescentes, Geovanna Ba\u00f1uelos, junto con los senadores del PT, Cora Pinedo Alonso, Martha M\u00e1rquez y Joel Padilla, demandaron&nbsp;<strong>redoblar los esfuerzos para salvaguardar<\/strong>&nbsp;y respetar sus derechos, sobre todo de aquellos que se encuentran en&nbsp;<strong>zonas con altos \u00edndices de incidencia delictiva<\/strong>, en riesgo de ser v\u00edctimas de violencia o se encuentra en riesgo su desarrollo.<\/p>\n\n\n\n<p>Los legisladores del Grupo Parlamentario del Partido del Trabajo (GPPT) pidieron a la&nbsp;<strong>Secretar\u00eda de Seguridad y Protecci\u00f3n Ciudadana<\/strong>, as\u00ed como a sus hom\u00f3logas en las 32 entidades federativas,&nbsp;<strong>incrementar las medidas<\/strong>&nbsp;que disminuyan los delitos de homicidios, secuestros, reclutamiento y desapariciones de ni\u00f1as, ni\u00f1os y adolescentes.<\/p>\n\n\n\n<p>Asimismo, llamaron a la&nbsp;<strong>Fiscal\u00eda General de la Rep\u00fablica<\/strong>&nbsp;y sus hom\u00f3logas en las 32 entidades federativas, dar&nbsp;<strong>celeridad a las carpetas de investigaci\u00f3n<\/strong>&nbsp;relativas a delitos de homicidios, secuestros, reclutamiento y desapariciones de ni\u00f1as, ni\u00f1os y adolescentes.<\/p>\n\n\n\n<p>Los legisladores petistas enfatizaron que en los tiempos actuales, ni\u00f1as, ni\u00f1os y adolescentes enfrentan una&nbsp;<strong>situaci\u00f3n de violencia<\/strong>.<\/p>\n\n\n\n<p>\u201cM\u00e9xico es un pa\u00eds en el que\u00a0<strong>sector poblacional sigue enfrentando violaciones<\/strong>\u00a0a sus derechos humanos, situaci\u00f3n que aumenta cuando nuestras infancias y adolescencias nacen, viven y se desarrollan en un contexto donde la violencia y la\u00a0<strong>impunidad es sistem\u00e1tica<\/strong>\u201d, apunt\u00f3 la senadora Geovanna Ba\u00f1uelos.<\/p>\n\n\n\n<p>Balance Anual de REDIM<\/p>\n\n\n\n<p>De acuerdo con REDIM<strong>, en nueve meses del 2023, 2 mil 95 ni\u00f1as, ni\u00f1os y adolescentes de 0 a 17 a\u00f1os<\/strong>&nbsp;fueron&nbsp;<strong>asesinados<\/strong>&nbsp;en M\u00e9xico, para precisar a\u00fan m\u00e1s, los hechos violentos se registraron entre los meses de entre enero y noviembre del a\u00f1o pasado, seg\u00fan la&nbsp;<strong>Red por los Derechos de la Infancia en M\u00e9xico (REDIM)<\/strong>, que se\u00f1ala a Michoac\u00e1n, Guanajuato y Jalisco como los estados con mayor cantidad de homicidios.<\/p>\n\n\n\n<p>Desde que tienen registros,&nbsp;<strong>98 mil personas de 0 a 17 a\u00f1os<\/strong>&nbsp;han sido reportadas como&nbsp;<strong>desaparecidas<\/strong>,&nbsp;<strong>no localizadas o posteriormente localizadas<\/strong>. De estas, 17 mil contin\u00faan como desaparecidas o no localizadas y 81 mil personas que fueron localizadas, aunque el 1 por ciento corresponden a ni\u00f1as, ni\u00f1os y adolescentes hallados sin vida.<\/p>\n\n\n\n<p>Mientras que las&nbsp;<strong>5 entidades<\/strong>&nbsp;del pa\u00eds donde se concentraron las&nbsp;<strong>violaciones m\u00e1s graves a los derechos de la ni\u00f1ez y la adolescencia<\/strong>&nbsp;fueron el&nbsp;<strong>estado de M\u00e9xico<\/strong>, con la mayor cantidad de casos de feminicidio de ni\u00f1as y mujeres adolescentes. Le siguieron&nbsp;<strong>Guanajuato<\/strong>&nbsp;y en tercer lugar&nbsp;<strong>Michoac\u00e1n<\/strong>,&nbsp;<strong>Jalisco<\/strong>&nbsp;y&nbsp;<strong>Chihuahua<\/strong>.<\/p>\n\n\n\n<p>\u201cEl Estado mexicano debe&nbsp;<strong>reparar y garantizar la no repetici\u00f3n<\/strong>, ante el compromiso de investigar, a trav\u00e9s de las&nbsp;<strong>fiscal\u00edas generales y de las entidades<\/strong>, todos los indicios para&nbsp;<strong>buscar, identificar y encontrar a las y los desaparecidos<\/strong>, cuando se tiene el registro de 99 mil 327 personas de 0 a 17 a\u00f1os reportadas como&nbsp;<strong>desaparecidas hasta el 4 de enero de 2024<\/strong>\u201d, considera la Red.<\/p>\n\n\n\n<blockquote class=\"wp-block-quote is-layout-flow wp-block-quote-is-layout-flow\"><\/blockquote>\n\n\n\n<p>De esa cifra, precisa el estudio, se estima que 17 mil 233, lo que representa, 17.4 por ciento de las ni\u00f1as, ni\u00f1os y adolescentes&nbsp;<strong>continuaban desaparecidas a la fecha antes mencionada<\/strong>, siendo&nbsp;<strong>9 mil 218 mujeres<\/strong>&nbsp;y 7 mil 946 hombres, mientras que las restantes 82 mil 094 personas de 0 a 17 a\u00f1os fueron localizadas, aunque el 1.1 por ciento de estas, es decir&nbsp;<strong>895 casos<\/strong>, corresponden a ni\u00f1as, ni\u00f1os y adolescentes&nbsp;<strong>halladas sin vida<\/strong>.<\/p>\n\n\n\n<p>Esto en el contexto de una&nbsp;<strong>crisis de derechos humanos<\/strong>&nbsp;que se agrava \u00abpara un pa\u00eds que parece naturalizar las noticias sobre masacres y balaceras, aun cuando esto socava, sin lugar a dudas, las garant\u00edas a los derechos humanos y a&nbsp;<strong>una vida libre de violencias<\/strong>&nbsp;para ni\u00f1as, ni\u00f1os y adolescentes\u00bb.<\/p>\n\n\n\n<p>En reporte de la organizaci\u00f3n se considera al&nbsp;<strong>2023 como un a\u00f1o de m\u00faltiples violencias<\/strong>&nbsp;y retrocesos en materia de derechos para infancias y adolescencias en M\u00e9xico, ya que fueron&nbsp;<strong>v\u00edctimas de asesinatos, secuestros, reclutamiento y desapariciones<\/strong>, todo ello atent\u00f3 contra sus derechos humanos.<\/p>\n\n\n\n<p>La Red por los Derechos de la Infancia en M\u00e9xico (REDIM) dio a conocer un&nbsp;<strong>Balance Anual sobre la situaci\u00f3n de los derechos de infancias y adolescencia en el pa\u00eds<\/strong>, para mostrar el escenario de derechos en 2023 para el 30,4 por ciento de la poblaci\u00f3n infantil y de adolescentes en M\u00e9xico, donde destaca los&nbsp;<strong>pocos avances&nbsp;<\/strong>en la reducci\u00f3n del&nbsp;<strong>embarazo adolescente, pobreza&nbsp;<\/strong>y retrocesos en materia de la garant\u00eda a sus derechos.<\/p>\n\n\n\n<p>Las casi 80 organizaciones de la sociedad civil que conforman la red&nbsp;constataron las&nbsp;<strong>m\u00faltiples vulneraciones<\/strong>&nbsp;contra la ni\u00f1ez y la adolescencia, que es cometida de una forma recurrente y&nbsp;<strong>casi normalizada<\/strong>, todo ello derivado por la violencia armada,&nbsp;<strong>expansi\u00f3n de actividades delictivas<\/strong>, as\u00ed como las disputas entre grupos delincuenciales por los espacios para seguir con su actividad.<\/p>\n\n\n\n<p>\u201cEn este escenario de retrocesos en materia de derechos de la ni\u00f1ez y adolescencia destaca la&nbsp;<strong>intenci\u00f3n p\u00fablica del Ejecutivo federal<\/strong>&nbsp;de&nbsp;<strong>desmantelar el Sistema Nacional de Protecci\u00f3n Integral de Ni\u00f1as, Ni\u00f1os y Adolescentes<\/strong>&nbsp;(SIPINNA), a trav\u00e9s de la desarticulaci\u00f3n de su capacidad y&nbsp;<strong>traslado de funciones<\/strong>&nbsp;al&nbsp;<strong>Sistema Nacional para el Desarrollo Integral de la Familia<\/strong>&nbsp;(DIF), a pesar del retroceso en materia de la garant\u00eda a los derechos de las infancias en M\u00e9xico\u201d, resalta.&nbsp;<\/p>\n\n\n\n<blockquote class=\"wp-block-quote is-layout-flow wp-block-quote-is-layout-flow\"><\/blockquote>\n\n\n\n<p>La organizaci\u00f3n se\u00f1ala que la&nbsp;<strong>escalada de la militarizaci\u00f3n<\/strong>&nbsp;en el pa\u00eds, incluyendo su uso para tareas de seguridad p\u00fablica, ha tenido&nbsp;<strong>importantes implicaciones<\/strong>&nbsp;para los derechos de ni\u00f1as, ni\u00f1os y adolescentes, especialmente para migrantes, indigentes y para todas las&nbsp;<strong>v\u00edctimas de desplazamiento forzado<\/strong>.<\/p>\n\n\n\n<p>Este informe que realiza&nbsp;<strong>REDIM<\/strong>&nbsp;todos los a\u00f1os tiene como objetivo&nbsp;<strong>brindar herramientas<\/strong>&nbsp;a los poderes del Estado para que act\u00faen y se haga efectivo el reconocimiento de ni\u00f1as, ni\u00f1os y adolescentes para&nbsp;<strong>garantizar y asegurar el cumplimiento de sus derechos<\/strong>.<\/p>\n\n\n\n<p>Fuente: cimacnoticias<\/p>\n","protected":false},"excerpt":{"rendered":"<p>Ciudad de M\u00e9xico.- No existe una cifra exacta, pero en M\u00e9xico, al menos&nbsp;30 mil ni\u00f1as, ni\u00f1os y adolescentes&nbsp;integran las&nbsp;filas de la delincuencia organizada&nbsp;y estimaciones se\u00f1alan que alrededor de 250 mil menores est\u00e1n en riesgo de ser reclutados por el narcotr\u00e1fico, as\u00ed lo dio a conocer la&nbsp;Red por los Derechos de la Infancia en M\u00e9xico (REDIM)&nbsp;en [&hellip;]<\/p>\n","protected":false},"author":2,"featured_media":147231,"comment_status":"open","ping_status":"open","sticky":false,"template":"","format":"standard","meta":{"footnotes":""},"categories":[55],"tags":[],"class_list":["post-147230","post","type-post","status-publish","format-standard","has-post-thumbnail","hentry","category-nacionales"],"_links":{"self":[{"href":"http:\/\/elcuartopoder.com.mx\/nw\/wp-json\/wp\/v2\/posts\/147230","targetHints":{"allow":["GET"]}}],"collection":[{"href":"http:\/\/elcuartopoder.com.mx\/nw\/wp-json\/wp\/v2\/posts"}],"about":[{"href":"http:\/\/elcuartopoder.com.mx\/nw\/wp-json\/wp\/v2\/types\/post"}],"author":[{"embeddable":true,"href":"http:\/\/elcuartopoder.com.mx\/nw\/wp-json\/wp\/v2\/users\/2"}],"replies":[{"embeddable":true,"href":"http:\/\/elcuartopoder.com.mx\/nw\/wp-json\/wp\/v2\/comments?post=147230"}],"version-history":[{"count":1,"href":"http:\/\/elcuartopoder.com.mx\/nw\/wp-json\/wp\/v2\/posts\/147230\/revisions"}],"predecessor-version":[{"id":147232,"href":"http:\/\/elcuartopoder.com.mx\/nw\/wp-json\/wp\/v2\/posts\/147230\/revisions\/147232"}],"wp:featuredmedia":[{"embeddable":true,"href":"http:\/\/elcuartopoder.com.mx\/nw\/wp-json\/wp\/v2\/media\/147231"}],"wp:attachment":[{"href":"http:\/\/elcuartopoder.com.mx\/nw\/wp-json\/wp\/v2\/media?parent=147230"}],"wp:term":[{"taxonomy":"category","embeddable":true,"href":"http:\/\/elcuartopoder.com.mx\/nw\/wp-json\/wp\/v2\/categories?post=147230"},{"taxonomy":"post_tag","embeddable":true,"href":"http:\/\/elcuartopoder.com.mx\/nw\/wp-json\/wp\/v2\/tags?post=147230"}],"curies":[{"name":"wp","href":"https:\/\/api.w.org\/{rel}","templated":true}]}}