{"id":147245,"date":"2025-10-27T09:28:00","date_gmt":"2025-10-27T14:28:00","guid":{"rendered":"https:\/\/elcuartopoder.com.mx\/nw\/?p=147245"},"modified":"2025-10-27T09:28:03","modified_gmt":"2025-10-27T14:28:03","slug":"menores-en-la-delincuencia-organizada-de-mexico-a-los-14-anos-roban-secuestran-y-venden-droga","status":"publish","type":"post","link":"http:\/\/elcuartopoder.com.mx\/nw\/policiacas\/menores-en-la-delincuencia-organizada-de-mexico-a-los-14-anos-roban-secuestran-y-venden-droga\/","title":{"rendered":"Menores en la delincuencia organizada de M\u00e9xico: a los 14 a\u00f1os roban, secuestran y venden droga"},"content":{"rendered":"\n<p><em>Un tema delicado es la integraci\u00f3n de menores a las filas delictivas, los motivos son diversos y en muchos casos es por causa de los padres.<\/em><\/p>\n\n\n\n<p><strong>A los 7 a\u00f1os Dami\u00e1n fue vendido o regalado por su madre en el estado mexicano de Tamaulipas<\/strong>, un a\u00f1o despu\u00e9s ya era parte de la delincuencia organizada en el cartel de Los Zetas y a los 14 a\u00f1os, cuando ya hab\u00eda participado en m\u00faltiples delitos como venta de drogas, secuestros y robos, fue detenido.<\/p>\n\n\n\n<p>Sin escolaridad y sin aprendizajes,\u00a0<strong>el chico cay\u00f3 en una casa dedicada a la mendicidad de la que huy\u00f3 para refugiarse en la indigencia y vivir en un basurero<\/strong>, ya sin recursos ni salida alguna, el ni\u00f1o fue integrado por delincuentes a una red de robo de infantes para tr\u00e1fico de \u00f3rganos, iniciando as\u00ed una vida de delincuencia.<\/p>\n\n\n\n<p>Dami\u00e1n, su nombre ficticio, forma parte de los miles de\u00a0<strong>menores de edad que en los \u00faltimos a\u00f1os han sido captados y se han integrado a la filas de la delincuencia<\/strong>, una realidad que en M\u00e9xico aplasta y que retrata el libro \u201cUn sicario en cada hijo te dio: Ni\u00f1as, ni\u00f1os y adolescentes en la delincuencia organizada\u201d (2020, Editorial Aguilar).<\/p>\n\n\n\n<p>Escrito por la activista y psic\u00f3loga Saskia Ni\u00f1o de Rivera, cofundadora y presidenta de la asociaci\u00f3n&nbsp;<strong>Reinserta, que busca romper los c\u00edrculos de delincuencia, junto a tres expertas en psicolog\u00eda y criminolog\u00eda<\/strong>, el texto presenta seis testimonios que explican por qu\u00e9 los menores mexicanos se vuelven criminales.<\/p>\n\n\n\n<p>\u201cExiste un gran vac\u00edo y un gran olvido social alrededor de esta problem\u00e1tica; lo m\u00e1s fuerte son las edades tan tempranas en las que empiezan a delinquir\u201d, explic\u00f3 este mi\u00e9rcoles Ni\u00f1o de Rivera a Efe.<\/p>\n\n\n\n<p>La tambi\u00e9n especialista en criminolog\u00eda dijo que la ausencia del Estado no ayuda a prevenir que escale el nivel de violencia al que est\u00e1n expuestos los menores \u201cy como la sociedad los ha categorizado como una poblaci\u00f3n totalmente olvidada\u201d.<\/p>\n\n\n\n<p>Seg\u00fan datos de la Red por los Derechos de la Infancia en M\u00e9xico (Redim),&nbsp;<strong>entre 35,000 y 45,000 menores de edad actualmente est\u00e1n reclutados de manera forzada por el crimen organizado.<\/strong><\/p>\n\n\n\n<h2 class=\"wp-block-heading\">DAR VOZ A LOS MENORES INFRACTORES<\/h2>\n\n\n\n<p>\u201c<strong>Dami\u00e1n encontr\u00f3 en la delincuencia organizada todas las carencias que ten\u00eda en su corta existencia<\/strong>\u201c, explic\u00f3 a Efe Mercedes Llamas, coautora del libro junto con Fernanda Dorantes, Mercedes Casta\u00f1eda y Ni\u00f1o de Rivera.<\/p>\n\n\n\n<p>\u201cCuando el ni\u00f1o lleg\u00f3 al Centro de Internamiento para Adolescentes no ten\u00eda una identidad, no ten\u00eda un acta de nacimiento y con ello se vulneran sus derechos a tener un nombre, una nacionalidad y una familia\u201d, apunt\u00f3.<\/p>\n\n\n\n<p>Llamas, tambi\u00e9n crimin\u00f3loga,&nbsp;<strong>dijo que la constante en estos menores y sus familias son carencias afectivas, marginaci\u00f3n social, pocas oportunidades&nbsp;<\/strong>laborales para los padres y para ellos, adem\u00e1s de un fracaso y un rezago escolar muy fuerte y una violaci\u00f3n de derechos humanos<\/p>\n\n\n\n<p>Por ello, dijo, el objetivo del libro es visibilizar esa problem\u00e1tica y dar voz a los ni\u00f1os \u201cpara poder entender por qu\u00e9 llegan a ser victimarios y tienen esa conductas delincuenciales\u201d y presentar, desde otra perspectiva, \u201cpor qu\u00e9 nuestros ni\u00f1os y adolescentes est\u00e1n optando por este camino\u201d.<\/p>\n\n\n\n<h2 class=\"wp-block-heading\">UN SOLDADO EN CADA HIJO TE DIO<\/h2>\n\n\n\n<p>Ni\u00f1o de Rivera record\u00f3 que el primer trabajo de Dami\u00e1n en la delincuencia organizada fue robarse a ni\u00f1os y cuando lo conoci\u00f3 en el Centro de Internamiento \u201c<strong>apenas si sab\u00eda hablar y ten\u00eda un lenguaje completamente carcelario, delictivo y vulgar\u201d<\/strong>.<\/p>\n\n\n\n<p>Record\u00f3 que al llegar a la mayor\u00eda de edad y a tres d\u00eda de dejar la c\u00e1rcel para menores, Dami\u00e1n logr\u00f3 obtener un acta de nacimiento gracias a la presi\u00f3n de las autoras del libro y tener una identidad, pero que le sirvi\u00f3 de poco porque \u201chace unos meses lo mataron\u201d.<\/p>\n\n\n\n<p>\u201cEsa es la realidad de los menores infractores en M\u00e9xico y no la podemos ocultar\u201d, coincidieron las autoras, quienes se\u00f1alaron que el t\u00edtulo del libro es una frase tomada del himno mexicano, que dice: \u201cUn soldado en cada hijo te dio\u201d.<\/p>\n\n\n\n<p>\u201c<strong>Es un t\u00edtulo fuerte y el cambio de soldado por sicario es un llamado a proteger a la infancia y no ha olvidarnos de ella<\/strong>. Queremos remover conciencias a trav\u00e9s del t\u00edtulo para sacudir al Gobierno y a la sociedad\u201d, concluy\u00f3 Llamas.<\/p>\n\n\n\n<p>Fuente: forbes<\/p>\n","protected":false},"excerpt":{"rendered":"<p>Un tema delicado es la integraci\u00f3n de menores a las filas delictivas, los motivos son diversos y en muchos casos es por causa de los padres. A los 7 a\u00f1os Dami\u00e1n fue vendido o regalado por su madre en el estado mexicano de Tamaulipas, un a\u00f1o despu\u00e9s ya era parte de la delincuencia organizada en [&hellip;]<\/p>\n","protected":false},"author":2,"featured_media":147246,"comment_status":"open","ping_status":"open","sticky":false,"template":"","format":"standard","meta":{"footnotes":""},"categories":[23],"tags":[],"class_list":["post-147245","post","type-post","status-publish","format-standard","has-post-thumbnail","hentry","category-policiacas"],"_links":{"self":[{"href":"http:\/\/elcuartopoder.com.mx\/nw\/wp-json\/wp\/v2\/posts\/147245","targetHints":{"allow":["GET"]}}],"collection":[{"href":"http:\/\/elcuartopoder.com.mx\/nw\/wp-json\/wp\/v2\/posts"}],"about":[{"href":"http:\/\/elcuartopoder.com.mx\/nw\/wp-json\/wp\/v2\/types\/post"}],"author":[{"embeddable":true,"href":"http:\/\/elcuartopoder.com.mx\/nw\/wp-json\/wp\/v2\/users\/2"}],"replies":[{"embeddable":true,"href":"http:\/\/elcuartopoder.com.mx\/nw\/wp-json\/wp\/v2\/comments?post=147245"}],"version-history":[{"count":1,"href":"http:\/\/elcuartopoder.com.mx\/nw\/wp-json\/wp\/v2\/posts\/147245\/revisions"}],"predecessor-version":[{"id":147247,"href":"http:\/\/elcuartopoder.com.mx\/nw\/wp-json\/wp\/v2\/posts\/147245\/revisions\/147247"}],"wp:featuredmedia":[{"embeddable":true,"href":"http:\/\/elcuartopoder.com.mx\/nw\/wp-json\/wp\/v2\/media\/147246"}],"wp:attachment":[{"href":"http:\/\/elcuartopoder.com.mx\/nw\/wp-json\/wp\/v2\/media?parent=147245"}],"wp:term":[{"taxonomy":"category","embeddable":true,"href":"http:\/\/elcuartopoder.com.mx\/nw\/wp-json\/wp\/v2\/categories?post=147245"},{"taxonomy":"post_tag","embeddable":true,"href":"http:\/\/elcuartopoder.com.mx\/nw\/wp-json\/wp\/v2\/tags?post=147245"}],"curies":[{"name":"wp","href":"https:\/\/api.w.org\/{rel}","templated":true}]}}