{"id":147248,"date":"2025-10-27T09:32:23","date_gmt":"2025-10-27T14:32:23","guid":{"rendered":"https:\/\/elcuartopoder.com.mx\/nw\/?p=147248"},"modified":"2025-10-27T09:32:24","modified_gmt":"2025-10-27T14:32:24","slug":"vida-en-frontera-norte-efectos-no-esperados-del-endurecimiento","status":"publish","type":"post","link":"http:\/\/elcuartopoder.com.mx\/nw\/internacionales\/vida-en-frontera-norte-efectos-no-esperados-del-endurecimiento\/","title":{"rendered":"Vida en frontera norte: Efectos no esperados del endurecimiento"},"content":{"rendered":"\n<p>Embajadores de Jes\u00fas, aparentemente el mayor albergue para migrantes en Am\u00e9rica Latina, lleg\u00f3 a alojar hasta cerca de dos mil 500 migrantes en el pico de 2023. Ahora habitan unas 600 personas.<\/p>\n\n\n\n<p>La actual administraci\u00f3n en Estados Unidos ha tra\u00eddo una serie de impactos brutales \u2013esperados y no esperados\u2013 en las ciudades mexicanas de la frontera norte. Lo m\u00e1s visible es la falta de migrantes y la gran presencia policiaca, incluso militar.<\/p>\n\n\n\n<p>En una visita reciente al albergue m\u00e1s concurrido de Tijuana \u2013que se presume es el m\u00e1s grande de toda Am\u00e9rica Latina\u2013, Embajadores de Jes\u00fas, un equipo de investigaci\u00f3n de nuestro Centro de Estudios M\u00e9xico-Estados Unidos de la Universidad de California, San Diego, pudimos percatarnos de grandes cambios en las din\u00e1micas de ese recinto.<\/p>\n\n\n\n<p>De entrada, no reconoc\u00ed la calle de Embajadores de Jes\u00fas. Ya no es terracer\u00eda; es una amplia calle pavimentada de dos sentidos y cuenta con buenas banquetas de concreto. El d\u00eda ayudaba: esplendoroso y soleado, con un cielo totalmente azul.<\/p>\n\n\n\n<p>Esperamos al l\u00edder y constructor del albergue, el pastor Gustavo, en el templo principal. Nos sorprendi\u00f3 la limpieza y el orden. Ya no hab\u00eda literas para el exceso de familias migrantes. A\u00fan colgaba un enorme cartel\u00f3n festejando 15 a\u00f1os del albergue. El espacio es enorme, una especie de rect\u00e1ngulo con cerca de 40 metros de largo por 35 de ancho. Techos muy altos, f\u00e1cilmente de cuatro o cinco metros. Somos unas chinches en medio del templo, con un gran estrado en cuyo centro est\u00e1 una bater\u00eda completa con platillos brillantes, como en exhibici\u00f3n, para la m\u00fasica de los servicios religiosos.<\/p>\n\n\n\n<p>Gustavo no nos hizo esperar. Muy sonriente y pulcro, fornido y rebosante de energ\u00eda con su guayabera oscura, nos hizo sentarnos y sentirnos bienvenidos. Nos explica que est\u00e1 cerrada la frontera:<\/p>\n\n\n\n<p>-Ni con pollero pasas. Est\u00e1n enga\u00f1ando a la gente. Cr\u00facense ahora e inmediatamente los deportan.<\/p>\n\n\n\n<p>Embajadores de Jes\u00fas, aparentemente el mayor albergue para migrantes en Am\u00e9rica Latina, lleg\u00f3 a alojar hasta cerca de dos mil 500 migrantes en el pico de 2023. Ahora es una especie de santuario migrante donde habitan unas 600 personas. Nos explica Gustavo que se construyeron siete casas para familias que decidieron quedarse permanentemente en Tijuana. En una vive una familia con nueve miembros.<\/p>\n\n\n\n<p>-Tenemos gente de todos lados: Michoac\u00e1n y Guerrero, El Salvador, Guatemala, Honduras, Venezuela, Colombia y Hait\u00ed, entre otros pa\u00edses.<\/p>\n\n\n\n<p>La mayor\u00eda se va a trabajar a las maquilas, pero para los que no tienen movilidad o para las se\u00f1oras con hijos, hay una nueva empresa productora de ajo que da empleo en el albergue. Efectivamente, en los escalones de la entrada, donde cuelgan banderas de muchas naciones que celebran la pluralidad de las naciones de origen de quienes viven en el albergue, hab\u00eda un nutrido grupo de se\u00f1oras y dos o tres varones mayores, todos pelando o sorteando ajos.<\/p>\n\n\n\n<p>-\u00bfDe d\u00f3nde eres, paisana? \u2013le pregunt\u00e9 a la que estaba hasta arriba, y cada una nos fue dando su lugar de origen como si pas\u00e1ramos lista: Michoac\u00e1n, Guerrero, Colombia, El Salvador y Guatemala.<\/p>\n\n\n\n<p>Se les notaba contentos. El sol estaba calentando la ma\u00f1ana. Aparentemente, la paga es buena y no ocupan gastos de traslado.<\/p>\n\n\n\n<p>Despu\u00e9s de los ajos, Gustavo nos lleva a la casa contigua, donde viv\u00eda el come haitianos (un se\u00f1or al que no le gustaban los haitianos y por eso le vendi\u00f3 su casa a Gustavo). Ahora es el centro de educaci\u00f3n temprana \u2013ni\u00f1os de dos a cuatro a\u00f1os\u2013 y para ense\u00f1ar a pap\u00e1s a ser pap\u00e1s. El lugar es agradable: jard\u00edn arbolado y con muchas flores. La construcci\u00f3n es ancha y de dos pisos. En ambas entradas hay unos tapetes muy grandes de tela para asegurar el aseo interior. Como en un hogar japon\u00e9s, los zapatos de los ni\u00f1os y profesoras est\u00e1n a la entrada.<\/p>\n\n\n\n<p>Al entrar se alborotaron los peque\u00f1itos. Algunos conocen a Gustavo y lo abrazan. Est\u00e1n en clase de cocina, todos con su respectivo gorro cocinero para asegurarse de que no haya un cabello en una especie de pay de frutas que preparan: una rebanada de sand\u00eda en lugar de hojaldre como base, cubierta de yogurt con uvas, fresas y zarzamoras.<\/p>\n\n\n\n<p>Despu\u00e9s caminamos a la escuela que cubre educaci\u00f3n primaria, secundaria y preparatoria. Tienen cerca de 180 alumnos y est\u00e1n coordinados con la Secretar\u00eda de Educaci\u00f3n estatal para otorgar documentaci\u00f3n oficial.<\/p>\n\n\n\n<p>Visitamos un sal\u00f3n con avanzados de preparatoria. Aula bien equipada, con unos 25 pupitres y una pantalla grande plana de televisi\u00f3n en vez de pizarr\u00f3n. Sorpresa: la maestra ten\u00eda proyectado un PowerPoint sobre los BRICS. No me resist\u00ed. Tom\u00e9 la palabra y les expliqu\u00e9 la relevancia del grupo para la competencia estrat\u00e9gica entre China y Estados Unidos. Algo me entendieron y me dio para tener un breve di\u00e1logo con ellos. No hay duda de que les interesan los temas globales. Son migrantes y muchos de ellos han transitado por varios pa\u00edses.<\/p>\n\n\n\n<p>Salimos gratamente sorprendidos de la transformaci\u00f3n de Embajadores de Jes\u00fas. Se respira seguridad y una alegr\u00eda especial en los colaboradores del pastor Gustavo, pues saben que est\u00e1n d\u00e1ndole viabilidad y dignidad a la vida de sus moradores.<\/p>\n\n\n\n<p>Inesperadamente, las duras pol\u00edticas de la Casa Blanca han transformado en un santuario migrante al albergue m\u00e1s numeroso de la frontera norte de M\u00e9xico.<\/p>\n\n\n\n<p>Fuente: EF<\/p>\n","protected":false},"excerpt":{"rendered":"<p>Embajadores de Jes\u00fas, aparentemente el mayor albergue para migrantes en Am\u00e9rica Latina, lleg\u00f3 a alojar hasta cerca de dos mil 500 migrantes en el pico de 2023. Ahora habitan unas 600 personas. La actual administraci\u00f3n en Estados Unidos ha tra\u00eddo una serie de impactos brutales \u2013esperados y no esperados\u2013 en las ciudades mexicanas de la [&hellip;]<\/p>\n","protected":false},"author":2,"featured_media":147249,"comment_status":"open","ping_status":"open","sticky":false,"template":"","format":"standard","meta":{"footnotes":""},"categories":[8],"tags":[],"class_list":["post-147248","post","type-post","status-publish","format-standard","has-post-thumbnail","hentry","category-internacionales"],"_links":{"self":[{"href":"http:\/\/elcuartopoder.com.mx\/nw\/wp-json\/wp\/v2\/posts\/147248","targetHints":{"allow":["GET"]}}],"collection":[{"href":"http:\/\/elcuartopoder.com.mx\/nw\/wp-json\/wp\/v2\/posts"}],"about":[{"href":"http:\/\/elcuartopoder.com.mx\/nw\/wp-json\/wp\/v2\/types\/post"}],"author":[{"embeddable":true,"href":"http:\/\/elcuartopoder.com.mx\/nw\/wp-json\/wp\/v2\/users\/2"}],"replies":[{"embeddable":true,"href":"http:\/\/elcuartopoder.com.mx\/nw\/wp-json\/wp\/v2\/comments?post=147248"}],"version-history":[{"count":1,"href":"http:\/\/elcuartopoder.com.mx\/nw\/wp-json\/wp\/v2\/posts\/147248\/revisions"}],"predecessor-version":[{"id":147250,"href":"http:\/\/elcuartopoder.com.mx\/nw\/wp-json\/wp\/v2\/posts\/147248\/revisions\/147250"}],"wp:featuredmedia":[{"embeddable":true,"href":"http:\/\/elcuartopoder.com.mx\/nw\/wp-json\/wp\/v2\/media\/147249"}],"wp:attachment":[{"href":"http:\/\/elcuartopoder.com.mx\/nw\/wp-json\/wp\/v2\/media?parent=147248"}],"wp:term":[{"taxonomy":"category","embeddable":true,"href":"http:\/\/elcuartopoder.com.mx\/nw\/wp-json\/wp\/v2\/categories?post=147248"},{"taxonomy":"post_tag","embeddable":true,"href":"http:\/\/elcuartopoder.com.mx\/nw\/wp-json\/wp\/v2\/tags?post=147248"}],"curies":[{"name":"wp","href":"https:\/\/api.w.org\/{rel}","templated":true}]}}