{"id":147254,"date":"2025-10-27T09:37:25","date_gmt":"2025-10-27T14:37:25","guid":{"rendered":"https:\/\/elcuartopoder.com.mx\/nw\/?p=147254"},"modified":"2025-10-27T09:37:26","modified_gmt":"2025-10-27T14:37:26","slug":"el-rumor-crece-el-principe-andres-proximo-vecino-de-juan-carlos-i-en-abu-dabi","status":"publish","type":"post","link":"http:\/\/elcuartopoder.com.mx\/nw\/politica\/el-rumor-crece-el-principe-andres-proximo-vecino-de-juan-carlos-i-en-abu-dabi\/","title":{"rendered":"El rumor crece: el Pr\u00edncipe Andr\u00e9s, \u00bfpr\u00f3ximo vecino de Juan Carlos I en Abu Dabi?"},"content":{"rendered":"\n<h2 class=\"wp-block-heading\">El hermano de Carlos III est\u00e1 negociando su salida del Royal Lodge y la prensa brit\u00e1nica ya habla de su posible destino<\/h2>\n\n\n\n<h2 class=\"wp-block-heading\">El jeque Mohamed bin Zayed Al Nahyan le habr\u00eda ofrecido un impresionante palacio tanto a \u00e9l como a Sarah Ferguson<\/h2>\n\n\n\n<p>\u00bfY si el\u00a0Pr\u00edncipe Andr\u00e9s\u00a0se convirtiera en el\u00a0<strong>pr\u00f3ximo vecino de Juan Carlos I<\/strong>? Lejos de ser una ocurrencia, esta sospecha comienza a tener visos de realidad despu\u00e9s de que la prensa brit\u00e1nica haya deslizado tal posibilidad a ra\u00edz de conocerse que\u00a0el hermano peque\u00f1o del rey\u00a0<strong>est\u00e1 negociando su salida de la mansi\u00f3n<\/strong>\u00a0que ocupa en Royal Lodge. Porque parece ser que ya ha recibido la oferta de un jeque para instalarse\u00a0<strong>un enorme palacio en Abu Dabi<\/strong>, donde reside el em\u00e9rito espa\u00f1ol.<\/p>\n\n\n\n<p>No es ning\u00fan secreto que el\u00a0Pr\u00edncipe Andr\u00e9s, de 65 a\u00f1os, se encuentra bajo una enorme presi\u00f3n y\u00a0<strong>su situaci\u00f3n en Londres comienza a ser casi insostenible<\/strong>. Es un apestado, nadie lo quiere cerca, y el goteo de revelaciones acerca de su relaci\u00f3n con el ped\u00f3filo\u00a0Jeffrey Epstein\u00a0lo ha puesto al borde del precio. Tanto es as\u00ed que\u00a0<strong>Carlos III parece cada vez m\u00e1s cerca de cumplir su sue\u00f1o<\/strong>\u00a0de ver a su hermano muy lejos de palacio.<\/p>\n\n\n\n<p>El\u00a0Pr\u00edncipe Andr\u00e9s\u00a0se vio obligado a renunciar a sus t\u00edtulos por los nuevos esc\u00e1ndalos relacionados con Epstein. Tambi\u00e9n su exmujer,\u00a0Sarah Ferguson. Y cada vez es m\u00e1s n\u00edtido que\u00a0<strong>la actuaci\u00f3n de la Corona no se va a quedar ah\u00ed<\/strong>. Van a por todas. Carlos III ha decidido que \u00abya es suficiente\u00bb, ha contado &#8216;The Sun&#8217;, que tambi\u00e9n ha a\u00f1adido una importante revelaci\u00f3n.<\/p>\n\n\n\n<h3 class=\"wp-block-heading\">El ofrecimiento del jeque Mohamed bin Zayed Al Nahyan<\/h3>\n\n\n\n<p>Este medio publica: \u00abEl acaudalado gobernante de Abu Dabi, el jeque Mohamed bin Zayed Al Nahyan, le ha ofrecido a Andr\u00e9s una v\u00eda de escape.&nbsp;<strong>Le ha ofrecido el uso gratuito de un gran palacio real<\/strong>&nbsp;junto a un id\u00edlico canal en el reino des\u00e9rtico\u00bb. Al parecer, el jeque&nbsp;<strong>quiere agradecerle a Andr\u00e9s su \u00abamabilidad\u00bb<\/strong>&nbsp;cuando acut\u00f3 como intermediario para entablar relaciones comerciales entre Emiratos \u00c1rabes Unidos y Reino Unido. \u00abLa familia real de Abu Dabi le ha dejado claro a Andr\u00e9s que&nbsp;<strong>el palacio es suyo si lo desea<\/strong>. Esto le da una opci\u00f3n si su posici\u00f3n en el Reino Unido se vuelve insostenible\u00bb, ha destacado &#8216;The Sun&#8217;.<\/p>\n\n\n\n<p>La espectacular propiedad se extiende a lo largo de m\u00e1s de\u00a0<strong>1.500 metros cuadrados en una parcela privilegiada<\/strong>\u00a0reservada para grandes personalidades. Seg\u00fan el medio citado, \u00abcuenta con\u00a0<strong>seis habitaciones<\/strong>\u00a0con ba\u00f1o privado y aire acondicionado,\u00a0<strong>un gimnasio interior con piscina<\/strong>, una sala de cine, una amplia cocina y personal residente, incluyendo\u00a0<strong>un equipo de chefs<\/strong>\u00bb.<\/p>\n\n\n\n<h3 class=\"wp-block-heading\">Tras los pasos de Juan Carlos I<\/h3>\n\n\n\n<p>Pero es que la cosa no se quedar\u00eda ah\u00ed, pues el jeque Mohamed bin Zayed Al Nahyan le habr\u00eda ofrecido la posibilidad tambi\u00e9n de que Andr\u00e9s&nbsp;<strong>se llevara junto a \u00e9l a su exesposa<\/strong>, Sarah Ferguson, con quien convive en Royal Lodge a pesar de llevar casi 30 a\u00f1os divorciados.<\/p>\n\n\n\n<p>\u00abSi el\u00a0Pr\u00edncipe Andr\u00e9s\u00a0y su exesposa Sarah Ferguson aceptan la oferta del jeque,\u00a0<strong>seguir\u00e1n los pasos de otro miembro de la realeza<\/strong>, el exiliado rey Juan Carlos I de Espa\u00f1a\u00bb, ha recordado &#8216;The Sun&#8217;. El em\u00e9rito, de 87 a\u00f1os, abdic\u00f3 en 2014 y se fue a vivir a Abu Dabi. All\u00ed est\u00e1 tambi\u00e9n su nieto Froil\u00e1n de Marichalar.<\/p>\n\n\n\n<p>\u00abAndr\u00e9s tendr\u00eda acceso a todos los lujos si se muda a los Emiratos \u00c1rabes Unidos, pero le llevar\u00e1 tiempo, como a Fergie,&nbsp;<strong>acostumbrarse al clima<\/strong>. Las temperaturas suelen superar los 50\u00b0 en verano, lo que significa que tendr\u00eda que pasar gran parte del tiempo con aire acondicionado en interiores\u00bb, ha observado &#8216;The Sun&#8217; de forma un tanto pintoresca.<\/p>\n\n\n\n<p>Fuente: ABC<\/p>\n","protected":false},"excerpt":{"rendered":"<p>El hermano de Carlos III est\u00e1 negociando su salida del Royal Lodge y la prensa brit\u00e1nica ya habla de su posible destino El jeque Mohamed bin Zayed Al Nahyan le habr\u00eda ofrecido un impresionante palacio tanto a \u00e9l como a Sarah Ferguson \u00bfY si el\u00a0Pr\u00edncipe Andr\u00e9s\u00a0se convirtiera en el\u00a0pr\u00f3ximo vecino de Juan Carlos I? Lejos [&hellip;]<\/p>\n","protected":false},"author":2,"featured_media":147255,"comment_status":"open","ping_status":"open","sticky":false,"template":"","format":"standard","meta":{"footnotes":""},"categories":[61],"tags":[],"class_list":["post-147254","post","type-post","status-publish","format-standard","has-post-thumbnail","hentry","category-politica"],"_links":{"self":[{"href":"http:\/\/elcuartopoder.com.mx\/nw\/wp-json\/wp\/v2\/posts\/147254","targetHints":{"allow":["GET"]}}],"collection":[{"href":"http:\/\/elcuartopoder.com.mx\/nw\/wp-json\/wp\/v2\/posts"}],"about":[{"href":"http:\/\/elcuartopoder.com.mx\/nw\/wp-json\/wp\/v2\/types\/post"}],"author":[{"embeddable":true,"href":"http:\/\/elcuartopoder.com.mx\/nw\/wp-json\/wp\/v2\/users\/2"}],"replies":[{"embeddable":true,"href":"http:\/\/elcuartopoder.com.mx\/nw\/wp-json\/wp\/v2\/comments?post=147254"}],"version-history":[{"count":1,"href":"http:\/\/elcuartopoder.com.mx\/nw\/wp-json\/wp\/v2\/posts\/147254\/revisions"}],"predecessor-version":[{"id":147256,"href":"http:\/\/elcuartopoder.com.mx\/nw\/wp-json\/wp\/v2\/posts\/147254\/revisions\/147256"}],"wp:featuredmedia":[{"embeddable":true,"href":"http:\/\/elcuartopoder.com.mx\/nw\/wp-json\/wp\/v2\/media\/147255"}],"wp:attachment":[{"href":"http:\/\/elcuartopoder.com.mx\/nw\/wp-json\/wp\/v2\/media?parent=147254"}],"wp:term":[{"taxonomy":"category","embeddable":true,"href":"http:\/\/elcuartopoder.com.mx\/nw\/wp-json\/wp\/v2\/categories?post=147254"},{"taxonomy":"post_tag","embeddable":true,"href":"http:\/\/elcuartopoder.com.mx\/nw\/wp-json\/wp\/v2\/tags?post=147254"}],"curies":[{"name":"wp","href":"https:\/\/api.w.org\/{rel}","templated":true}]}}