{"id":147280,"date":"2025-10-28T06:29:27","date_gmt":"2025-10-28T11:29:27","guid":{"rendered":"https:\/\/elcuartopoder.com.mx\/nw\/?p=147280"},"modified":"2025-10-28T06:29:29","modified_gmt":"2025-10-28T11:29:29","slug":"empresas-mineras-canadienses-firman-acuerdo-para-apegarse-a-practicas-sustentables","status":"publish","type":"post","link":"http:\/\/elcuartopoder.com.mx\/nw\/nacionales\/empresas-mineras-canadienses-firman-acuerdo-para-apegarse-a-practicas-sustentables\/","title":{"rendered":"Empresas mineras canadienses firman acuerdo para apegarse a pr\u00e1cticas sustentables"},"content":{"rendered":"\n<p><em>Ciudad de M\u00e9xico.&nbsp;<\/em>Las empresas mineras de capital canadiense afiliadas al Comit\u00e9 Ejecutivo de Miner\u00eda de la C\u00e1mara de Comercio de Canad\u00e1 en M\u00e9xico (Cancham), se han sumado a un acuerdo mediante el cual adoptan formalmente el est\u00e1ndar \u201cHacia una Miner\u00eda Sustentable\u201d (TSM por sus siglas en ingl\u00e9s), desarrollado por la Asociaci\u00f3n Minera de Canad\u00e1.&nbsp;<\/p>\n\n\n\n<p>Este compromiso, se\u00f1al\u00f3 el organismo en un comunicado, se suma al estricto cumplimiento de la normatividad mexicana, fortaleciendo aun m\u00e1s sus pr\u00e1cticas de responsabilidad social, ambiental y de gobernanza bajo un marco internacional reconocido.<\/p>\n\n\n\n<p>\u201cAplaudo al sector minero canadiense que opera en M\u00e9xico por su compromiso con la implementaci\u00f3n de la norma, que es un sistema reconocido por impulsar la mejora continua del sector minero en una amplia gama de \u00e1reas sociales y ambientales, mediante el compromiso con la medici\u00f3n del desempe\u00f1o, la auditor\u00eda independiente y la presentaci\u00f3n de informes p\u00fablicos\u201d, dijo Pierre Gratton, director general de la Asociaci\u00f3n de Miner\u00eda en Canad\u00e1.<\/p>\n\n\n\n<p>A trav\u00e9s de esta normativa, el sector minero canadiense en M\u00e9xico puede establecer un nuevo est\u00e1ndar de conducta responsable que sirve de gu\u00eda para las empresas.&nbsp;<\/p>\n\n\n\n<p>El est\u00e1ndar TSM, explic\u00f3 la Cancham, es una iniciativa que promueve una miner\u00eda responsable y sostenible. Proporciona herramientas e indicadores para que las empresas mineras midan, gestionen y comuniquen su desempe\u00f1o ambiental y social, incluyendo aspectos clave como la gesti\u00f3n responsable del agua.<\/p>\n\n\n\n<p>\u201cNo se trata solo de un gesto simb\u00f3lico, sino de un paso concreto para garantizar que la inversi\u00f3n canadiense en el sector minero mexicano sigua siendo, m\u00e1s que nunca, una fuerza positiva: para las comunidades, para el medio ambiente y para la prosperidad a largo plazo de nuestro M\u00e9xico\u00bb, se\u00f1al\u00f3 Cameron Mackay, Embajador de Canad\u00e1 en M\u00e9xico.&nbsp;<\/p>\n\n\n\n<p>Las empresas firmantes, legalmente constituidas en M\u00e9xico y que operan bajo la regulaci\u00f3n nacional en todas las etapas del proceso minero \u2014desde la prospecci\u00f3n hasta la producci\u00f3n y el cierre\u2014 se comprometen a implementar de manera gradual los protocolos del est\u00e1ndar TSM.&nbsp;<\/p>\n\n\n\n<p>\u201cEste acuerdo responde a la exigencia consensuada por la Presidenta de M\u00e9xico y el primer ministro de Canad\u00e1 para que la industria minera siga llevando a cabo protocolos de protecci\u00f3n comunitaria y ambiental acordes con las aspiraciones comunes de construir un marco de desarrollo sostenible. La miner\u00eda es uno de los cinco sectores clave que mueven a la econom\u00eda. Por el bien de la econom\u00eda mexicana, hay que apoyar a la miner\u00eda\u201d, subray\u00f3 Francisco Cervantes D\u00edaz, presidente del Consejo Coordinador Empresarial.&nbsp;<\/p>\n\n\n\n<p>Por su parte, Pedro Rivero, presidente de C\u00e1mara Minera de M\u00e9xico, enfatiz\u00f3 en que M\u00e9xico y Canad\u00e1 comparten una s\u00f3lida tradici\u00f3n minera. La uni\u00f3n de sus conocimientos y experiencia fortalece el potencial del sector, impulsa la mejora del desempe\u00f1o y reafirma que la miner\u00eda responsable tiene principios comunes m\u00e1s all\u00e1 de las fronteras.&nbsp;<\/p>\n\n\n\n<p>Fuente: la jornada<\/p>\n","protected":false},"excerpt":{"rendered":"<p>Ciudad de M\u00e9xico.&nbsp;Las empresas mineras de capital canadiense afiliadas al Comit\u00e9 Ejecutivo de Miner\u00eda de la C\u00e1mara de Comercio de Canad\u00e1 en M\u00e9xico (Cancham), se han sumado a un acuerdo mediante el cual adoptan formalmente el est\u00e1ndar \u201cHacia una Miner\u00eda Sustentable\u201d (TSM por sus siglas en ingl\u00e9s), desarrollado por la Asociaci\u00f3n Minera de Canad\u00e1.&nbsp; Este [&hellip;]<\/p>\n","protected":false},"author":2,"featured_media":147281,"comment_status":"open","ping_status":"open","sticky":false,"template":"","format":"standard","meta":{"footnotes":""},"categories":[55],"tags":[],"class_list":["post-147280","post","type-post","status-publish","format-standard","has-post-thumbnail","hentry","category-nacionales"],"_links":{"self":[{"href":"http:\/\/elcuartopoder.com.mx\/nw\/wp-json\/wp\/v2\/posts\/147280","targetHints":{"allow":["GET"]}}],"collection":[{"href":"http:\/\/elcuartopoder.com.mx\/nw\/wp-json\/wp\/v2\/posts"}],"about":[{"href":"http:\/\/elcuartopoder.com.mx\/nw\/wp-json\/wp\/v2\/types\/post"}],"author":[{"embeddable":true,"href":"http:\/\/elcuartopoder.com.mx\/nw\/wp-json\/wp\/v2\/users\/2"}],"replies":[{"embeddable":true,"href":"http:\/\/elcuartopoder.com.mx\/nw\/wp-json\/wp\/v2\/comments?post=147280"}],"version-history":[{"count":1,"href":"http:\/\/elcuartopoder.com.mx\/nw\/wp-json\/wp\/v2\/posts\/147280\/revisions"}],"predecessor-version":[{"id":147282,"href":"http:\/\/elcuartopoder.com.mx\/nw\/wp-json\/wp\/v2\/posts\/147280\/revisions\/147282"}],"wp:featuredmedia":[{"embeddable":true,"href":"http:\/\/elcuartopoder.com.mx\/nw\/wp-json\/wp\/v2\/media\/147281"}],"wp:attachment":[{"href":"http:\/\/elcuartopoder.com.mx\/nw\/wp-json\/wp\/v2\/media?parent=147280"}],"wp:term":[{"taxonomy":"category","embeddable":true,"href":"http:\/\/elcuartopoder.com.mx\/nw\/wp-json\/wp\/v2\/categories?post=147280"},{"taxonomy":"post_tag","embeddable":true,"href":"http:\/\/elcuartopoder.com.mx\/nw\/wp-json\/wp\/v2\/tags?post=147280"}],"curies":[{"name":"wp","href":"https:\/\/api.w.org\/{rel}","templated":true}]}}