{"id":147308,"date":"2025-10-28T08:47:01","date_gmt":"2025-10-28T13:47:01","guid":{"rendered":"https:\/\/elcuartopoder.com.mx\/nw\/?p=147308"},"modified":"2025-10-28T08:47:03","modified_gmt":"2025-10-28T13:47:03","slug":"sarampion-prioridades-que-dejan-secuelas","status":"publish","type":"post","link":"http:\/\/elcuartopoder.com.mx\/nw\/entretenimiento\/salud\/sarampion-prioridades-que-dejan-secuelas\/","title":{"rendered":"Sarampi\u00f3n: prioridades que dejan secuelas"},"content":{"rendered":"\n<p>La prevenci\u00f3n sigue dependiendo de las decisiones pol\u00edticas y econ\u00f3micas del gobernante en turno<\/p>\n\n\n\n<p>El reciente brote de sarampi\u00f3n en M\u00e9xico no solo es un asunto de salud p\u00fablica, tambi\u00e9n es un espejo que sirve de recordatorio de nuestras limitaciones institucionales y presupuestarias. Cuando enfermedades prevenibles resurgen, es inevitable preguntarse si nuestras prioridades nacionales est\u00e1n bien orientadas o si se est\u00e1n descuidando \u00e1reas fundamentales.<\/p>\n\n\n\n<p>Aunque el sarampi\u00f3n es una enfermedad prevenible mediante la vacunaci\u00f3n, la causa de su reaparici\u00f3n en M\u00e9xico est\u00e1 directamente ligada a la falta de su cobertura nacional, lo cual es una consecuencia de la manera en que se est\u00e1n gestionando y distribuyendo los recursos p\u00fablicos. La prevenci\u00f3n sigue dependiendo de las decisiones pol\u00edticas y econ\u00f3micas del gobernante en turno.&nbsp;<\/p>\n\n\n\n<p>M\u00e9xico est\u00e1 enfrentando un problema que cre\u00edamos haber superado, una enfermedad que hab\u00eda sido erradicada o controlada vuelve a aparecer, lo que genera desconfianza en las instituciones y alarma social, este retroceso es interpretado como la se\u00f1al de que, a pesar de los avances en otros frentes, existen \u00e1reas que son especialmente vulnerables al cambio de prioridades.&nbsp;<\/p>\n\n\n\n<p>El Gobierno Federal tiene un presupuesto limitado que no alcanza para todo, la redistribuci\u00f3n de recursos en nuevos proyectos, mientras se trata de mantener la eficacia en todos los programas ya establecidos, es imposible. Presentado en forma de analog\u00eda; el presupuesto es una cobija que cuando se jala de un lado para cubrir nuevas \u00e1reas, necesariamente otras quedan descubiertas.&nbsp;<\/p>\n\n\n\n<p>Con la llegada de la 4T, el incremento sustancial en el gasto social ha mejorado la condici\u00f3n de vida de millones de mexicanos; sin embargo, esta redistribuci\u00f3n presupuestaria tambi\u00e9n ha generado \u00e1reas rezagadas, donde programas fundamentales -como la vacunaci\u00f3n masiva- han perdido visibilidad y fondos. Es un problema de l\u00edmites materiales y prioridades pol\u00edticas.<\/p>\n\n\n\n<p>Los programas de vacunaci\u00f3n son una de las \u00e1reas m\u00e1s afectadas por esta nueva visi\u00f3n de Estado. La atenci\u00f3n se ha desplazado hacia programas de transferencias directas y ayudas sociales, dejando de lado inversiones preventivas de largo plazo. Esta decisi\u00f3n tiene consecuencias inmediatas: el resurgimiento de enfermedades que se cre\u00edan controladas, como el sarampi\u00f3n.&nbsp;<\/p>\n\n\n\n<p>Mientras M\u00e9xico no logre ser m\u00e1s productivo y el gobierno no incremente de manera sustancial sus ingresos, la ampliaci\u00f3n continua de los programas sociales seguir\u00e1 afectando otras \u00e1reas que consider\u00e1bamos resueltas, el desaf\u00edo es estructural; sin un crecimiento econ\u00f3mico s\u00f3lido que permita expandir el presupuesto, siempre habr\u00e1 sectores que quedaran rezagados.&nbsp;<\/p>\n\n\n\n<p>Otro ejemplo de las \u00e1reas afectadas por esta priorizaci\u00f3n presupuestaria es la infraestructura. La reciente temporada de lluvias dej\u00f3 al descubierto la urgente necesidad de obras hidr\u00e1ulicas y de prevenci\u00f3n de inundaciones en gran parte del pa\u00eds. Mientras se avanza en objetivos sociales visibles, otras necesidades permanecen descuidadas y se generan vulnerabilidades inmediatas y tangibles.<\/p>\n\n\n\n<p>Este es el pa\u00eds al que hoy podemos aspirar: uno donde los programas sociales se expanden y benefician a muchos, pero cuya implementaci\u00f3n implica aceptar deficiencias en otras \u00e1reas. La sociedad mexicana debe acostumbrarse a esta din\u00e1mica de compensaciones, donde los logros vienen acompa\u00f1ados de sacrificios inevitables: \u00bfqu\u00e9 tanto est\u00e1n dispuestos a sacrificar en aras de la pol\u00edtica social?<\/p>\n\n\n\n<p>El brote de sarampi\u00f3n es una advertencia sobre los l\u00edmites que nuestro modelo actual puede sostener, record\u00e1ndonos que incluso los problemas resueltos pueden volver a presentarse, y que hay prioridades que dejan secuelas.<\/p>\n\n\n\n<p>Fuente: Heraldo de M\u00e9xico<\/p>\n","protected":false},"excerpt":{"rendered":"<p>La prevenci\u00f3n sigue dependiendo de las decisiones pol\u00edticas y econ\u00f3micas del gobernante en turno El reciente brote de sarampi\u00f3n en M\u00e9xico no solo es un asunto de salud p\u00fablica, tambi\u00e9n es un espejo que sirve de recordatorio de nuestras limitaciones institucionales y presupuestarias. Cuando enfermedades prevenibles resurgen, es inevitable preguntarse si nuestras prioridades nacionales est\u00e1n [&hellip;]<\/p>\n","protected":false},"author":2,"featured_media":147309,"comment_status":"open","ping_status":"open","sticky":false,"template":"","format":"standard","meta":{"footnotes":""},"categories":[56],"tags":[],"class_list":["post-147308","post","type-post","status-publish","format-standard","has-post-thumbnail","hentry","category-salud"],"_links":{"self":[{"href":"http:\/\/elcuartopoder.com.mx\/nw\/wp-json\/wp\/v2\/posts\/147308","targetHints":{"allow":["GET"]}}],"collection":[{"href":"http:\/\/elcuartopoder.com.mx\/nw\/wp-json\/wp\/v2\/posts"}],"about":[{"href":"http:\/\/elcuartopoder.com.mx\/nw\/wp-json\/wp\/v2\/types\/post"}],"author":[{"embeddable":true,"href":"http:\/\/elcuartopoder.com.mx\/nw\/wp-json\/wp\/v2\/users\/2"}],"replies":[{"embeddable":true,"href":"http:\/\/elcuartopoder.com.mx\/nw\/wp-json\/wp\/v2\/comments?post=147308"}],"version-history":[{"count":1,"href":"http:\/\/elcuartopoder.com.mx\/nw\/wp-json\/wp\/v2\/posts\/147308\/revisions"}],"predecessor-version":[{"id":147310,"href":"http:\/\/elcuartopoder.com.mx\/nw\/wp-json\/wp\/v2\/posts\/147308\/revisions\/147310"}],"wp:featuredmedia":[{"embeddable":true,"href":"http:\/\/elcuartopoder.com.mx\/nw\/wp-json\/wp\/v2\/media\/147309"}],"wp:attachment":[{"href":"http:\/\/elcuartopoder.com.mx\/nw\/wp-json\/wp\/v2\/media?parent=147308"}],"wp:term":[{"taxonomy":"category","embeddable":true,"href":"http:\/\/elcuartopoder.com.mx\/nw\/wp-json\/wp\/v2\/categories?post=147308"},{"taxonomy":"post_tag","embeddable":true,"href":"http:\/\/elcuartopoder.com.mx\/nw\/wp-json\/wp\/v2\/tags?post=147308"}],"curies":[{"name":"wp","href":"https:\/\/api.w.org\/{rel}","templated":true}]}}