{"id":147314,"date":"2025-10-28T08:51:53","date_gmt":"2025-10-28T13:51:53","guid":{"rendered":"https:\/\/elcuartopoder.com.mx\/nw\/?p=147314"},"modified":"2025-10-28T08:51:54","modified_gmt":"2025-10-28T13:51:54","slug":"al-caso-del-rancho-izaguirre-ya-la-echaron-tierra","status":"publish","type":"post","link":"http:\/\/elcuartopoder.com.mx\/nw\/policiacas\/al-caso-del-rancho-izaguirre-ya-la-echaron-tierra\/","title":{"rendered":"Al caso del Rancho Izaguirre ya la echaron tierra"},"content":{"rendered":"\n<p><strong>\u00abHay asuntos a los que los pol\u00edticos prefieren sacarles la vuelta. Y m\u00e1s cuando son inc\u00f3modos y cuando pueden salpicar de inmundicias a personajes de singular relevancia y de diferentes or\u00edgenes pol\u00edticos y partidistas (&#8230;) como sucede con el doloroso caso del Rancho Izaguirre\u00bb.<\/strong><\/p>\n\n\n\n<figure class=\"wp-block-embed is-type-video is-provider-youtube wp-block-embed-youtube wp-embed-aspect-16-9 wp-has-aspect-ratio\"><div class=\"wp-block-embed__wrapper\">\n<iframe loading=\"lazy\" title=\"Al caso del rancho Izaguirre ya le echaron tierra. Por Pedro Mellado Rodr\u00edguez\" width=\"696\" height=\"392\" src=\"https:\/\/www.youtube.com\/embed\/NES4gnpa5vI?feature=oembed\" frameborder=\"0\" allow=\"accelerometer; autoplay; clipboard-write; encrypted-media; gyroscope; picture-in-picture; web-share\" referrerpolicy=\"strict-origin-when-cross-origin\" allowfullscreen><\/iframe>\n<\/div><\/figure>\n\n\n\n<p>Hay asuntos a los que los pol\u00edticos prefieren sacarles la vuelta. Y m\u00e1s cuando son inc\u00f3modos y cuando pueden salpicar de inmundicias a personajes de singular relevancia y de diferentes or\u00edgenes pol\u00edticos y partidistas. Sin pesta\u00f1ear siquiera, se ponen de acuerdo para no hacer olas y esperar que el tiempo y la amnesia social borren las huellas de su desidia, irresponsabilidad o complicidades, como sucede con el doloroso caso del Rancho Izaguirre, en Teuchitl\u00e1n, Jalisco, identificado como un sitio de adiestramiento de reclutas para el crimen organizado y presunto sitio de exterminio, en el que las autoridades ya no han querido escarbar.<\/p>\n\n\n\n<p>La noticia m\u00e1s reciente sobre el caso trascendi\u00f3 el 9 de julio del 2025, cuando se inform\u00f3 que los 10 presuntos integrantes del C\u00e1rtel Jalisco Nueva Generaci\u00f3n que presuntamente operaron el Rancho Izaguirre, fueron sentenciados a 141 a\u00f1os y tres meses de prisi\u00f3n. No tiene caso ni siquiera citar los nombres de los presuntos sentenciados, porque finalmente, la pregunta que toda la gente se plantea es: \u00bfning\u00fan funcionario p\u00fablico, de los tres niveles de Gobierno, ser\u00e1 investigado a fondo y sometido a proceso por sus posibles negligencias, omisiones o complicidades con el grupo delictivo dominante en Jalisco? \u00bfEn verdad no hubo ninguna autoridad involucrada? \u00bfNing\u00fan funcionario p\u00fablico sab\u00eda lo que suced\u00eda en ese dantesco lugar?<\/p>\n\n\n\n<p>Las 10 personas sentenciadas, detenidas el 18 de septiembre de 2024 en el Rancho Izaguirre, de Teuchitl\u00e1n, Jalisco, fueron declaradas culpables de los delitos de desaparici\u00f3n cometida por particulares, desaparici\u00f3n cometida por particulares agravada y homicidio calificado, esto con respecto a las \u00fanicas tres v\u00edctimas localizadas en ese lugar de torturas y exterminio.<\/p>\n\n\n\n<p>Despu\u00e9s de que el Rancho Izaguirre fue asegurado por las autoridades en septiembre del 2024, ninguna dependencia del Gobierno estatal o federal se hizo responsable de resguardar adecuadamente las evidencias de los cr\u00edmenes que pudieron haberse cometido en el lugar.<\/p>\n\n\n\n<p>Fue hasta marzo del 2025 cuando miembros del colectivo Guerreros Buscadores de Jalisco anunciaron que encontraron en el lugar tres crematorios de cuerpos, restos de dientes, ropa y cientos de zapatos abandonados.<\/p>\n\n\n\n<p>Una persona que particip\u00f3 en la exploraci\u00f3n del Rancho Izaguirre relat\u00f3 al peri\u00f3dico&nbsp;<em>Mural<\/em>&nbsp;de Guadalajara, en una publicaci\u00f3n del 6 de marzo del 2025, que localizaron enterradas estructuras de piedra y ladrillo que eran usadas como crematorios para calcinar cuerpos. \u201cAl parecer hac\u00edan los pozos, quemaban los cuerpos y se tapaban de vuelta\u201d, relat\u00f3 un miembro del colectivo Guerrero Buscadores de Jalisco.<\/p>\n\n\n\n<p>En marzo del 2025, el Fiscal General de Jalisco, Salvador Gonz\u00e1lez de los Santos, dijo que el Rancho Izaguirre, en Teuchitl\u00e1n, donde el colectivo Guerreros Buscadores hall\u00f3 crematorios y restos \u00f3seos, no se alcanz\u00f3 a revisar bien en septiembre del 2024 porque el predio era muy grande.<\/p>\n\n\n\n<p>En esa temporalidad, el responsable de Fiscal\u00eda General de Jalisco, en la administraci\u00f3n del Gobernador Enrique Alfaro Ram\u00edrez, era Luis Joaqu\u00edn M\u00e9ndez. Blanca Trujillo era la Fiscal en personas desaparecidas y actualmente se desempe\u00f1a como titular de la Vicefiscal\u00eda en Personas Desaparecidas.<\/p>\n\n\n\n<p>El 20 de marzo del 2025, al enumerar las fallas y omisiones en torno al caso del Rancho Izaguirre, en Teuchitl\u00e1n, Jalisco, el Fiscal General de la Rep\u00fablica, Alejandro Gertz Manero, hizo responsable al Gobierno del estado de serias omisiones.<\/p>\n\n\n\n<p>El peri\u00f3dico\u00a0<em>Reforma<\/em>\u00a0las enumer\u00f3 de esta manera:<\/p>\n\n\n\n<p>Omisiones que se\u00f1al\u00f3 Gertz al trabajo de la Fiscal\u00eda de Jalisco, que desde que hace seis meses supo del \u201cnarcorrancho\u201d de Teuchitl\u00e1n:<\/p>\n\n\n\n<ul class=\"wp-block-list\">\n<li>Hallaron restos \u00f3seos y no hicieron peritajes.<\/li>\n\n\n\n<li>No rastrearon huellas dactilares.<\/li>\n\n\n\n<li>No registraron calzado ni ropa hallada.<\/li>\n\n\n\n<li>No procesaron autos hallados y tres de esos automotores ya hab\u00edan desaparecido.<\/li>\n\n\n\n<li>No notificaron a la Fiscal\u00eda General de la Rep\u00fablica por armas de alto calibre y delincuencia organizada.<\/li>\n\n\n\n<li>No se llam\u00f3 a declarar al Alcalde de Teuchitl\u00e1n ni al Comisario de Polic\u00eda.<\/li>\n\n\n\n<li>No se investig\u00f3 al due\u00f1o del rancho.<\/li>\n\n\n\n<li>Se dej\u00f3 sin vigilancia el rancho que presumiblemente ya estaba asegurado.<\/li>\n\n\n\n<li>No se estableci\u00f3 alg\u00fan v\u00ednculo de encubrimiento de autoridades con c\u00e1rteles.<\/li>\n\n\n\n<li>No se report\u00f3 que una v\u00edctima declar\u00f3 que la ropa encontrada en el rancho la dejaron personas reclutadas por el C\u00e1rtel Jalisco Nueva Generaci\u00f3n.<\/li>\n\n\n\n<li>No se document\u00f3 que credenciales halladas en el rancho eran de sicarios detenidos en otros Estados.<\/li>\n<\/ul>\n\n\n\n<p>Finalmente, el 24 de marzo del 2025, el Fiscal General de la Rep\u00fablica anunci\u00f3 que la dependencia a su cargo asumir\u00eda las investigaciones relacionadas con el Rancho Izaguirre, en Teuchitl\u00e1n, Jalisco.<\/p>\n\n\n\n<p>Dijo Gertz Manero que la Fiscal\u00eda General de la Rep\u00fablica tom\u00f3 posesi\u00f3n del Rancho Izaguirre, debido a que ya se hab\u00eda integrado una carpeta de investigaci\u00f3n federal, tras la detenci\u00f3n de Jos\u00e9 Gregorio Lastra Hermida, \u00abEl Lastra\u00bb, reclutador del C\u00e1rtel Jalisco Nueva Generaci\u00f3n (CJNG) a cargo de adiestrar a nuevos elementos del grupo criminal en ese predio.<\/p>\n\n\n\n<p>\u00abEst\u00e1 ocupado ese sitio por las autoridades federales y est\u00e1n entrando los peritos para determinar la realidad de lo que hay ah\u00ed\u00bb, afirm\u00f3 Gertz Manero en la conferencia matutina de la Presidenta Claudia Sheinbaum desde Palacio Nacional, el 24 de marzo del 2025.<\/p>\n\n\n\n<p>El pasado 4 de mayo del 2025, el peri\u00f3dico espa\u00f1ol&nbsp;<em>El Pa\u00eds<\/em>&nbsp;inform\u00f3 de la detenci\u00f3n del Alcalde de Teuchitl\u00e1n, Jos\u00e9 Ascensi\u00f3n Murgu\u00eda Santiago, de Movimiento Ciudadano, por su vinculaci\u00f3n con el Rancho Izaguirre, utilizado por el Cartel Jalisco Nueva Generaci\u00f3n, al menos, como centro de operaciones y reclutamiento. Hasta la fecha es la \u00fanica detenci\u00f3n relevante de un funcionario relacionado con el caso.<\/p>\n\n\n\n<p>Para nada la autoridad ha citado a comparecer sobre el asunto al exgobernador Enrique Alfaro Ram\u00edrez o al actual mandatario Pablo Lemus Navarro, que en diferentes momentos y circunstancias, pero con el mismo \u00e9nfasis, presumieron su amistad con el Edil de Teuchitl\u00e1n. Tampoco se tiene noticia de que hayan sido invitados a comparecer el exfiscal estatal de Jalisco Luis Joaqu\u00edn M\u00e9ndez o Blanca Trujillo, quien era la Fiscal en personas desaparecidas y actualmente se desempe\u00f1a como titular de la Vicefiscal\u00eda en Personas Desaparecidas.<\/p>\n\n\n\n<p>Si alguien imagina que el asunto del Rancho Izaguirre ser\u00e1 profesionalmente investigado y sancionados los operadores, los c\u00f3mplices y los encubridores, pierda todas esperanza, pues recuerden que en manos del actual Fiscal General de la Rep\u00fablica, Alejandro Gertz Manero, nada avanza y todo se diluye, como cubos de hielo en un vaso de agua. Al caso del Rancho Izaguirre ya le echaron tierra, al estilo Jalisco, porque en esta regi\u00f3n marcada por el dolor, la angustia y la desesperanza, nadie es culpable, porque todo desaparece en fosas clandestinas.<\/p>\n\n\n\n<p>Fuente: sinembargo<\/p>\n","protected":false},"excerpt":{"rendered":"<p>\u00abHay asuntos a los que los pol\u00edticos prefieren sacarles la vuelta. Y m\u00e1s cuando son inc\u00f3modos y cuando pueden salpicar de inmundicias a personajes de singular relevancia y de diferentes or\u00edgenes pol\u00edticos y partidistas (&#8230;) como sucede con el doloroso caso del Rancho Izaguirre\u00bb. Hay asuntos a los que los pol\u00edticos prefieren sacarles la vuelta. [&hellip;]<\/p>\n","protected":false},"author":2,"featured_media":147315,"comment_status":"open","ping_status":"open","sticky":false,"template":"","format":"standard","meta":{"footnotes":""},"categories":[23],"tags":[],"class_list":["post-147314","post","type-post","status-publish","format-standard","has-post-thumbnail","hentry","category-policiacas"],"_links":{"self":[{"href":"http:\/\/elcuartopoder.com.mx\/nw\/wp-json\/wp\/v2\/posts\/147314","targetHints":{"allow":["GET"]}}],"collection":[{"href":"http:\/\/elcuartopoder.com.mx\/nw\/wp-json\/wp\/v2\/posts"}],"about":[{"href":"http:\/\/elcuartopoder.com.mx\/nw\/wp-json\/wp\/v2\/types\/post"}],"author":[{"embeddable":true,"href":"http:\/\/elcuartopoder.com.mx\/nw\/wp-json\/wp\/v2\/users\/2"}],"replies":[{"embeddable":true,"href":"http:\/\/elcuartopoder.com.mx\/nw\/wp-json\/wp\/v2\/comments?post=147314"}],"version-history":[{"count":1,"href":"http:\/\/elcuartopoder.com.mx\/nw\/wp-json\/wp\/v2\/posts\/147314\/revisions"}],"predecessor-version":[{"id":147316,"href":"http:\/\/elcuartopoder.com.mx\/nw\/wp-json\/wp\/v2\/posts\/147314\/revisions\/147316"}],"wp:featuredmedia":[{"embeddable":true,"href":"http:\/\/elcuartopoder.com.mx\/nw\/wp-json\/wp\/v2\/media\/147315"}],"wp:attachment":[{"href":"http:\/\/elcuartopoder.com.mx\/nw\/wp-json\/wp\/v2\/media?parent=147314"}],"wp:term":[{"taxonomy":"category","embeddable":true,"href":"http:\/\/elcuartopoder.com.mx\/nw\/wp-json\/wp\/v2\/categories?post=147314"},{"taxonomy":"post_tag","embeddable":true,"href":"http:\/\/elcuartopoder.com.mx\/nw\/wp-json\/wp\/v2\/tags?post=147314"}],"curies":[{"name":"wp","href":"https:\/\/api.w.org\/{rel}","templated":true}]}}