{"id":147355,"date":"2025-10-29T10:09:49","date_gmt":"2025-10-29T15:09:49","guid":{"rendered":"https:\/\/elcuartopoder.com.mx\/nw\/?p=147355"},"modified":"2025-10-29T10:09:50","modified_gmt":"2025-10-29T15:09:50","slug":"localizan-con-vida-a-tres-nayaritas-desaparecidos-en-othon-p-blanco","status":"publish","type":"post","link":"http:\/\/elcuartopoder.com.mx\/nw\/estatales\/localizan-con-vida-a-tres-nayaritas-desaparecidos-en-othon-p-blanco\/","title":{"rendered":"Localizan con vida a tres nayaritas desaparecidos en Oth\u00f3n P. Blanco"},"content":{"rendered":"\n<p>Seg\u00fan los reportes, las otras seis personas ya han sido localizados desde el pasado 23 de septiembre de este a\u00f1o.<\/p>\n\n\n\n<p>La&nbsp;<strong>Fiscal\u00eda General del Estado (FGE)<\/strong>&nbsp;inform\u00f3 la&nbsp;<strong>localizaci\u00f3n con vida de tres hombres originarios de Nayarit<\/strong>, reportados como desaparecidos desde el pasado&nbsp;<strong>3 de septiembre de 2025<\/strong>, en el municipio de&nbsp;<strong>Oth\u00f3n P. Blanco<\/strong>. Las v\u00edctimas fueron identificadas como&nbsp;<strong>Jack Iv\u00e1n Ibarra Mendoza<\/strong>,&nbsp;<strong>Juan Alejandro Delgado Gonz\u00e1lez<\/strong>&nbsp;y&nbsp;<strong>Roberto Carlos Corona Ramos<\/strong>, quienes presuntamente fueron&nbsp;<strong>privados ilegalmente de la libertad<\/strong>&nbsp;al llegar a Quintana Roo por motivos laborales.<\/p>\n\n\n\n<p>De acuerdo con la informaci\u00f3n oficial, los tres nayaritas hab\u00edan viajado al sur del estado tras recibir una&nbsp;<strong>oferta de trabajo<\/strong>; sin embargo, fueron&nbsp;<strong>sacados por la fuerza del hotel donde se hospedaban<\/strong>, sin que se conociera su paradero durante varias semanas. Tras una serie de labores de inteligencia y b\u00fasqueda,&nbsp;<strong>elementos del Grupo Interinstitucional<\/strong>&nbsp;lograron ubicarlos con vida en territorio quintanarroense.<\/p>\n\n\n\n<p>La FGE se\u00f1al\u00f3 que los tres hombres se encuentran\u00a0<strong>bajo resguardo de las autoridades<\/strong>\u00a0y que en breve ser\u00e1n\u00a0<strong>reintegrados con sus familias<\/strong>\u00a0en su estado de origen,\u00a0Nayarit. Aunque no se ofrecieron mayores detalles sobre las circunstancias de su localizaci\u00f3n, la dependencia asegur\u00f3 que las investigaciones contin\u00faan para determinar\u00a0<strong>qui\u00e9nes participaron en su desaparici\u00f3n<\/strong>\u00a0y\u00a0<strong>cu\u00e1les fueron los motivos detr\u00e1s del delito<\/strong>.<\/p>\n\n\n\n<p>Este caso forma parte de una investigaci\u00f3n m\u00e1s amplia relacionada con la desaparici\u00f3n de&nbsp;<strong>nueve trabajadores nayaritas<\/strong>, quienes llegaron a Quintana Roo&nbsp;<strong>a mediados de julio de este a\u00f1o<\/strong>&nbsp;con la promesa de empleo. Seg\u00fan los reportes, seis de ellos ya hab\u00edan sido&nbsp;<strong>localizados el pasado 23 de septiembre<\/strong>, cerca de la terminal de autobuses de&nbsp;<strong>Chetumal<\/strong>, tambi\u00e9n con vida.<\/p>\n\n\n\n<p>Las autoridades confirmaron que los nueve hombres fueron&nbsp;<strong>reclutados con enga\u00f1os<\/strong>&nbsp;para trabajar en un supuesto proyecto hotelero en la zona sur del estado, aunque hasta ahora no se ha esclarecido qui\u00e9n los contrat\u00f3 ni las causas de su presunta retenci\u00f3n.<\/p>\n\n\n\n<p>La\u00a0<strong>Fiscal\u00eda General del Estado de Quintana Roo<\/strong>\u00a0reiter\u00f3 su compromiso de\u00a0<strong>continuar con las investigaciones<\/strong>\u00a0hasta esclarecer los hechos y\u00a0<strong>llevar ante la justicia a los responsables<\/strong>\u00a0de estas desapariciones. Asimismo, exhort\u00f3 a la ciudadan\u00eda a\u00a0<strong>denunciar cualquier informaci\u00f3n \u00fatil<\/strong>\u00a0a trav\u00e9s de los n\u00fameros\u00a0<strong>911 y 089<\/strong>\u00a0para fortalecer las acciones de b\u00fasqueda y combate a la impunidad.<\/p>\n\n\n\n<p>Fuente: SIPSE<\/p>\n","protected":false},"excerpt":{"rendered":"<p>Seg\u00fan los reportes, las otras seis personas ya han sido localizados desde el pasado 23 de septiembre de este a\u00f1o. La&nbsp;Fiscal\u00eda General del Estado (FGE)&nbsp;inform\u00f3 la&nbsp;localizaci\u00f3n con vida de tres hombres originarios de Nayarit, reportados como desaparecidos desde el pasado&nbsp;3 de septiembre de 2025, en el municipio de&nbsp;Oth\u00f3n P. Blanco. Las v\u00edctimas fueron identificadas como&nbsp;Jack [&hellip;]<\/p>\n","protected":false},"author":2,"featured_media":147356,"comment_status":"open","ping_status":"open","sticky":false,"template":"","format":"standard","meta":{"footnotes":""},"categories":[60],"tags":[],"class_list":["post-147355","post","type-post","status-publish","format-standard","has-post-thumbnail","hentry","category-estatales"],"_links":{"self":[{"href":"http:\/\/elcuartopoder.com.mx\/nw\/wp-json\/wp\/v2\/posts\/147355","targetHints":{"allow":["GET"]}}],"collection":[{"href":"http:\/\/elcuartopoder.com.mx\/nw\/wp-json\/wp\/v2\/posts"}],"about":[{"href":"http:\/\/elcuartopoder.com.mx\/nw\/wp-json\/wp\/v2\/types\/post"}],"author":[{"embeddable":true,"href":"http:\/\/elcuartopoder.com.mx\/nw\/wp-json\/wp\/v2\/users\/2"}],"replies":[{"embeddable":true,"href":"http:\/\/elcuartopoder.com.mx\/nw\/wp-json\/wp\/v2\/comments?post=147355"}],"version-history":[{"count":1,"href":"http:\/\/elcuartopoder.com.mx\/nw\/wp-json\/wp\/v2\/posts\/147355\/revisions"}],"predecessor-version":[{"id":147357,"href":"http:\/\/elcuartopoder.com.mx\/nw\/wp-json\/wp\/v2\/posts\/147355\/revisions\/147357"}],"wp:featuredmedia":[{"embeddable":true,"href":"http:\/\/elcuartopoder.com.mx\/nw\/wp-json\/wp\/v2\/media\/147356"}],"wp:attachment":[{"href":"http:\/\/elcuartopoder.com.mx\/nw\/wp-json\/wp\/v2\/media?parent=147355"}],"wp:term":[{"taxonomy":"category","embeddable":true,"href":"http:\/\/elcuartopoder.com.mx\/nw\/wp-json\/wp\/v2\/categories?post=147355"},{"taxonomy":"post_tag","embeddable":true,"href":"http:\/\/elcuartopoder.com.mx\/nw\/wp-json\/wp\/v2\/tags?post=147355"}],"curies":[{"name":"wp","href":"https:\/\/api.w.org\/{rel}","templated":true}]}}