{"id":147365,"date":"2025-10-29T10:27:32","date_gmt":"2025-10-29T15:27:32","guid":{"rendered":"https:\/\/elcuartopoder.com.mx\/nw\/?p=147365"},"modified":"2025-10-29T10:27:33","modified_gmt":"2025-10-29T15:27:33","slug":"mantiene-playa-del-carmen-ocupacion-hotelera-estable-esta-en-un-75","status":"publish","type":"post","link":"http:\/\/elcuartopoder.com.mx\/nw\/municipales\/mantiene-playa-del-carmen-ocupacion-hotelera-estable-esta-en-un-75\/","title":{"rendered":"Mantiene Playa del Carmen ocupaci\u00f3n hotelera estable; est\u00e1 en un 75%"},"content":{"rendered":"\n<p><strong>PLAYA DEL CARMEN, MX.-<\/strong>&nbsp;La ocupaci\u00f3n hotelera en Playa del Carmen se mantiene estable con promedios de entre 70 y 75 por ciento, seg\u00fan cifras recientes del Consejo de Promoci\u00f3n Tur\u00edstica de Quintana Roo (CPTQ), inform\u00f3 la secretaria de Turismo, Estefan\u00eda Hern\u00e1ndez, durante la cuarta sesi\u00f3n del Comit\u00e9 Gastron\u00f3mico.<\/p>\n\n\n\n<p>La funcionaria destac\u00f3 que el sector tur\u00edstico del destino se sostiene con buenos niveles de visitantes, aunque insisti\u00f3 en la necesidad de dise\u00f1ar estrategias espec\u00edficas para cada segmento.<\/p>\n\n\n\n<p>\u201cEs importante hacer la diferencia entre los hoteles todo incluido, el turismo de lujo y los peque\u00f1os hoteleros fue parte de lo que vimos en el comit\u00e9 gastron\u00f3mico, justamente las estrategias que estamos haciendo para promover en temporadas bajas el mercado local y nacional\u201d, apunt\u00f3.<\/p>\n\n\n\n<p>En ese sentido, apunt\u00f3 la relevancia de fortalecer el turismo local y nacional como herramienta para mantener el flujo de visitantes durante los meses de la temporada baja tur\u00edstica.<\/p>\n\n\n\n<figure class=\"wp-block-image size-large\"><img loading=\"lazy\" decoding=\"async\" width=\"1024\" height=\"641\" src=\"https:\/\/elcuartopoder.com.mx\/nw\/wp-content\/uploads\/2025\/10\/image-79-1024x641.png\" alt=\"\" class=\"wp-image-147366\" srcset=\"http:\/\/elcuartopoder.com.mx\/nw\/wp-content\/uploads\/2025\/10\/image-79-1024x641.png 1024w, http:\/\/elcuartopoder.com.mx\/nw\/wp-content\/uploads\/2025\/10\/image-79-300x188.png 300w, http:\/\/elcuartopoder.com.mx\/nw\/wp-content\/uploads\/2025\/10\/image-79-768x481.png 768w, http:\/\/elcuartopoder.com.mx\/nw\/wp-content\/uploads\/2025\/10\/image-79-696x436.png 696w, http:\/\/elcuartopoder.com.mx\/nw\/wp-content\/uploads\/2025\/10\/image-79.png 1118w\" sizes=\"auto, (max-width: 1024px) 100vw, 1024px\" \/><\/figure>\n\n\n\n<p>Entre las acciones que mencion\u00f3 se encuentra la reciente iniciativa \u201cPlaya Spice\u201d, un proyecto conjunto entre el sector privado y la Secretar\u00eda de Turismo que busca posicionar la gastronom\u00eda local como un atractivo tur\u00edstico y fortalecer la identidad culinaria de la Riviera Maya.<\/p>\n\n\n\n<p>Adem\u00e1s, resalt\u00f3 el \u00e9xito que tuvo el programa \u201cNoches del Carmen\u201d, impulsado en coordinaci\u00f3n con el Instituto de la Cultura y las Artes de Quintana Roo. La primera edici\u00f3n, reuni\u00f3 a m\u00e1s de seis mil asistentes y gener\u00f3 una derrama econ\u00f3mica superior a los 950 mil pesos, beneficiando tanto a expositores locales como a los visitantes.<\/p>\n\n\n\n<p>\u201cHablamos justo de las Noches del Carmen que es un programa que tenemos con el Instituto para la Cultura y las Artes y la Secretar\u00eda de Turismo donde promovemos la cultura quintanarroense, tuvimos la primera edici\u00f3n con Chetumal, una edici\u00f3n muy exitosa en la que asistieron m\u00e1s de 6 mil personas y una derrama econ\u00f3mica de m\u00e1s de 950 mil pesos, la verdad que fue muy positiva para todos los que nos visitaron, para todos los comerciantes que vinieron de Chetumal y justo para los playenses\u201d, agreg\u00f3.<\/p>\n\n\n\n<p>La secretaria adelant\u00f3 que ya se trabaja en la siguiente edici\u00f3n del evento, programada para noviembre en Playa del Carmen, cuya fecha oficial ser\u00e1 anunciada en los pr\u00f3ximos d\u00edas por la presidenta municipal Estefan\u00eda Mercado.<\/p>\n\n\n\n<p>Fuente: NC<\/p>\n","protected":false},"excerpt":{"rendered":"<p>PLAYA DEL CARMEN, MX.-&nbsp;La ocupaci\u00f3n hotelera en Playa del Carmen se mantiene estable con promedios de entre 70 y 75 por ciento, seg\u00fan cifras recientes del Consejo de Promoci\u00f3n Tur\u00edstica de Quintana Roo (CPTQ), inform\u00f3 la secretaria de Turismo, Estefan\u00eda Hern\u00e1ndez, durante la cuarta sesi\u00f3n del Comit\u00e9 Gastron\u00f3mico. La funcionaria destac\u00f3 que el sector tur\u00edstico [&hellip;]<\/p>\n","protected":false},"author":2,"featured_media":147367,"comment_status":"open","ping_status":"open","sticky":false,"template":"","format":"standard","meta":{"footnotes":""},"categories":[6,21],"tags":[],"class_list":["post-147365","post","type-post","status-publish","format-standard","has-post-thumbnail","hentry","category-municipales","category-solidaridad"],"_links":{"self":[{"href":"http:\/\/elcuartopoder.com.mx\/nw\/wp-json\/wp\/v2\/posts\/147365","targetHints":{"allow":["GET"]}}],"collection":[{"href":"http:\/\/elcuartopoder.com.mx\/nw\/wp-json\/wp\/v2\/posts"}],"about":[{"href":"http:\/\/elcuartopoder.com.mx\/nw\/wp-json\/wp\/v2\/types\/post"}],"author":[{"embeddable":true,"href":"http:\/\/elcuartopoder.com.mx\/nw\/wp-json\/wp\/v2\/users\/2"}],"replies":[{"embeddable":true,"href":"http:\/\/elcuartopoder.com.mx\/nw\/wp-json\/wp\/v2\/comments?post=147365"}],"version-history":[{"count":1,"href":"http:\/\/elcuartopoder.com.mx\/nw\/wp-json\/wp\/v2\/posts\/147365\/revisions"}],"predecessor-version":[{"id":147368,"href":"http:\/\/elcuartopoder.com.mx\/nw\/wp-json\/wp\/v2\/posts\/147365\/revisions\/147368"}],"wp:featuredmedia":[{"embeddable":true,"href":"http:\/\/elcuartopoder.com.mx\/nw\/wp-json\/wp\/v2\/media\/147367"}],"wp:attachment":[{"href":"http:\/\/elcuartopoder.com.mx\/nw\/wp-json\/wp\/v2\/media?parent=147365"}],"wp:term":[{"taxonomy":"category","embeddable":true,"href":"http:\/\/elcuartopoder.com.mx\/nw\/wp-json\/wp\/v2\/categories?post=147365"},{"taxonomy":"post_tag","embeddable":true,"href":"http:\/\/elcuartopoder.com.mx\/nw\/wp-json\/wp\/v2\/tags?post=147365"}],"curies":[{"name":"wp","href":"https:\/\/api.w.org\/{rel}","templated":true}]}}