{"id":147402,"date":"2025-10-30T08:22:02","date_gmt":"2025-10-30T13:22:02","guid":{"rendered":"https:\/\/elcuartopoder.com.mx\/nw\/?p=147402"},"modified":"2025-10-30T08:22:04","modified_gmt":"2025-10-30T13:22:04","slug":"el-gobernador-de-rio-de-janeiro-desata-una-guerra-contra-el-narco-en-ausencia-de-lula","status":"publish","type":"post","link":"http:\/\/elcuartopoder.com.mx\/nw\/internacionales\/el-gobernador-de-rio-de-janeiro-desata-una-guerra-contra-el-narco-en-ausencia-de-lula\/","title":{"rendered":"El gobernador de R\u00edo de Janeiro desata una guerra contra el narco en ausencia de Lula"},"content":{"rendered":"\n<p>En la operaci\u00f3n policial habr\u00edan muerto al menos 128 personas, lo que la convierte en la m\u00e1s letal de la historia de la ciudad y probablemente del pa\u00eds.<\/p>\n\n\n\n<p>En im\u00e1genes escalofriantes, los propios habitantes de la favela da Pe\u00f1a se reunieron para ir recogiendo cuerpos y llevarlos a la plaza S\u00e3o Lucas, en el centro del barrio, donde los enfilaron semidesnudos, ascendiendo el n\u00famero de\u00a0<strong>muertos a 128 persona<\/strong>s, y dando cuenta\u00a0.<\/p>\n\n\n\n<p>Fuente: ABC<\/p>\n","protected":false},"excerpt":{"rendered":"<p>En la operaci\u00f3n policial habr\u00edan muerto al menos 128 personas, lo que la convierte en la m\u00e1s letal de la historia de la ciudad y probablemente del pa\u00eds. En im\u00e1genes escalofriantes, los propios habitantes de la favela da Pe\u00f1a se reunieron para ir recogiendo cuerpos y llevarlos a la plaza S\u00e3o Lucas, en el centro [&hellip;]<\/p>\n","protected":false},"author":2,"featured_media":147403,"comment_status":"open","ping_status":"open","sticky":false,"template":"","format":"standard","meta":{"footnotes":""},"categories":[8],"tags":[],"class_list":["post-147402","post","type-post","status-publish","format-standard","has-post-thumbnail","hentry","category-internacionales"],"_links":{"self":[{"href":"http:\/\/elcuartopoder.com.mx\/nw\/wp-json\/wp\/v2\/posts\/147402","targetHints":{"allow":["GET"]}}],"collection":[{"href":"http:\/\/elcuartopoder.com.mx\/nw\/wp-json\/wp\/v2\/posts"}],"about":[{"href":"http:\/\/elcuartopoder.com.mx\/nw\/wp-json\/wp\/v2\/types\/post"}],"author":[{"embeddable":true,"href":"http:\/\/elcuartopoder.com.mx\/nw\/wp-json\/wp\/v2\/users\/2"}],"replies":[{"embeddable":true,"href":"http:\/\/elcuartopoder.com.mx\/nw\/wp-json\/wp\/v2\/comments?post=147402"}],"version-history":[{"count":1,"href":"http:\/\/elcuartopoder.com.mx\/nw\/wp-json\/wp\/v2\/posts\/147402\/revisions"}],"predecessor-version":[{"id":147404,"href":"http:\/\/elcuartopoder.com.mx\/nw\/wp-json\/wp\/v2\/posts\/147402\/revisions\/147404"}],"wp:featuredmedia":[{"embeddable":true,"href":"http:\/\/elcuartopoder.com.mx\/nw\/wp-json\/wp\/v2\/media\/147403"}],"wp:attachment":[{"href":"http:\/\/elcuartopoder.com.mx\/nw\/wp-json\/wp\/v2\/media?parent=147402"}],"wp:term":[{"taxonomy":"category","embeddable":true,"href":"http:\/\/elcuartopoder.com.mx\/nw\/wp-json\/wp\/v2\/categories?post=147402"},{"taxonomy":"post_tag","embeddable":true,"href":"http:\/\/elcuartopoder.com.mx\/nw\/wp-json\/wp\/v2\/tags?post=147402"}],"curies":[{"name":"wp","href":"https:\/\/api.w.org\/{rel}","templated":true}]}}