{"id":147412,"date":"2025-10-30T08:28:55","date_gmt":"2025-10-30T13:28:55","guid":{"rendered":"https:\/\/elcuartopoder.com.mx\/nw\/?p=147412"},"modified":"2025-10-30T08:28:56","modified_gmt":"2025-10-30T13:28:56","slug":"esperan-madres-buscadoras-vinculacion-a-proceso-del-exfiscal-montes-de-oca-por-caso-francisca-mariner","status":"publish","type":"post","link":"http:\/\/elcuartopoder.com.mx\/nw\/estatales\/esperan-madres-buscadoras-vinculacion-a-proceso-del-exfiscal-montes-de-oca-por-caso-francisca-mariner\/","title":{"rendered":"Esperan Madres Buscadoras vinculaci\u00f3n a proceso del exfiscal Montes de Oca por caso Francisca Mariner"},"content":{"rendered":"\n<p><strong><strong>C<\/strong>ANC\u00daN, MX.\u2013<\/strong>\u00a0Luego de que ayer fueron vinculados a proceso dos exservidores p\u00fablicos de la Fiscal\u00eda General del Estado por presunta negligencia en la investigaci\u00f3n de la desaparici\u00f3n y muerte de la joven Francisca Mariner Patr\u00f3n, pasado el 22 de junio de 2020, el colectivo de Madres Buscadoras de Quintana Roo conf\u00eda en que otros cuatro exfuncionarios, entre los que se encuentra el exfiscal \u00d3scar Montes de Oca, tambi\u00e9n sean procesados.<\/p>\n\n\n\n<p>Los vinculados a proceso ayer fueron un exfiscal de Homicidios y un exagente del Ministerio P\u00fablico, quienes habr\u00edan incurrido en irregularidades que retrasaron el acceso a la justicia para la v\u00edctima y su familia, pues tuvieron que luchar en b\u00fasquedas durante casi cinco a\u00f1os, mientras el cuerpo de la joven se encontraba en el Servicio M\u00e9dico Forense (Semefo).<\/p>\n\n\n\n<p>\u201cFinalmente se dio la vinculaci\u00f3n a proceso, fue una audiencia muy larga, sab\u00edamos que nos iban a dar batalla, no olvidemos que luchamos contra abogados con conocimientos y con man\u00edas, que saben del proceso para defenderse. Sin embargo, ha valido la pena, sobre todo porque tenemos los fundamentos y las pruebas suficientes para responsabilizarlos y con base a ello se logr\u00f3 la vinculaci\u00f3n a proceso\u201d, se\u00f1al\u00f3 Mar\u00eda Pat, madre de la v\u00edctima y dirigente de este colectivo, en entrevista telef\u00f3nica.<\/p>\n\n\n\n<p>Con esta resoluci\u00f3n, suman ya tres exfuncionarios procesados por irregularidades en el caso de Francisca Mariner, coment\u00f3, al tiempo de precisar que faltan cuatro funcionarios m\u00e1s, entre los que se encuentran, un perito, el director de periciales, el qu\u00edmico y el exfiscal \u00d3scar Montes de Oca.<\/p>\n\n\n\n<p>\u201cConfiamos que tambi\u00e9n ser\u00e1n vinculados, estamos trabajando sobre ello, recabando las pruebas para judicializar la carpeta y solicitar la audiencia\u201d, apunt\u00f3.<\/p>\n\n\n\n<p>Por su parte, la abogada de la familia, Ariadne Song, inform\u00f3 que la resoluci\u00f3n se dio tras la tercera audiencia que se prolong\u00f3 por casi 11 horas, desde las 9 de la ma\u00f1ana hasta las 8 de la noche.<\/p>\n\n\n\n<p>\u201cEl d\u00eda de hoy se sent\u00f3 un precedente a nivel nacional y Quintana Roo\u201d, expres\u00f3 la abogada, tras la sesi\u00f3n que se llev\u00f3 a cabo en la sala de juicios orales.<\/p>\n\n\n\n<p>De acuerdo con la abogada, el juez de control consider\u00f3 que exist\u00edan elementos suficientes para imputar a dichos funcionarios los delitos de negligencia en el desempe\u00f1o de la funci\u00f3n p\u00fablica y de infidelidad en el manejo de documentos oficiales.<\/p>\n\n\n\n<figure class=\"wp-block-image size-large\"><img loading=\"lazy\" decoding=\"async\" width=\"1024\" height=\"576\" src=\"https:\/\/elcuartopoder.com.mx\/nw\/wp-content\/uploads\/2025\/10\/image-81-1024x576.png\" alt=\"\" class=\"wp-image-147413\" srcset=\"http:\/\/elcuartopoder.com.mx\/nw\/wp-content\/uploads\/2025\/10\/image-81-1024x576.png 1024w, http:\/\/elcuartopoder.com.mx\/nw\/wp-content\/uploads\/2025\/10\/image-81-300x169.png 300w, http:\/\/elcuartopoder.com.mx\/nw\/wp-content\/uploads\/2025\/10\/image-81-768x432.png 768w, http:\/\/elcuartopoder.com.mx\/nw\/wp-content\/uploads\/2025\/10\/image-81-696x392.png 696w, http:\/\/elcuartopoder.com.mx\/nw\/wp-content\/uploads\/2025\/10\/image-81.png 1244w\" sizes=\"auto, (max-width: 1024px) 100vw, 1024px\" \/><\/figure>\n\n\n\n<p>\u201cEl juez de control hall\u00f3 elementos suficientes, id\u00f3neos y pertinentes para determinar la probable responsabilidad de dos ex ministerios p\u00fablicos, que a pesar de estar suspendidos, se les vincul\u00f3 a proceso por el delito de negligencia en el cargo de la funci\u00f3n p\u00fablica y por infidelidad de ciertos documentos, es decir, que ocultaron teniendo la oportunidad de dar a conocer esta informaci\u00f3n para que la v\u00edctima pueda acceder de manera pronta y expedita a la justicia\u2026\u201d, declar\u00f3.<\/p>\n\n\n\n<p>El juez impuso adem\u00e1s medidas cautelares que incluyen la prohibici\u00f3n de salir del pa\u00eds, no acercarse a la madre de la v\u00edctima, Mar\u00eda Pat, ni contactar a los testigos del caso. Ambos exfuncionarios enfrentar\u00e1n el proceso en libertad. Se prev\u00e9 que la causa judicial tenga una duraci\u00f3n aproximada de dos a\u00f1os, con tres meses destinados a la investigaci\u00f3n complementaria.<\/p>\n\n\n\n<p>Los imputados tienen un plazo de tres d\u00edas para apelar la decisi\u00f3n del juez, tiempo en el que tambi\u00e9n deber\u00e1n acercarse a la fiscal\u00eda para entregar todos los documentos como pasaportes que les pudieran facilitar en alg\u00fan momento salir del pa\u00eds.<\/p>\n\n\n\n<p>Mar\u00eda Pat record\u00f3 que el exfiscal de Homicidios fue quien levant\u00f3 el cuerpo de Francisca Mariner, que permaneci\u00f3 durante casi cinco a\u00f1os en el Servicio M\u00e9dico Forense, sin que se ordenara la prueba gen\u00e9tica que habr\u00eda permitido confirmar su identidad.<\/p>\n\n\n\n<p>Dijo que, a pesar de que un estudio antropol\u00f3gico se\u00f1alaba que los restos correspond\u00edan a una mujer joven, de entre 16 y 20 a\u00f1os, el funcionario omiti\u00f3 remitir el caso al \u00e1rea de Feminicidios.<\/p>\n\n\n\n<p>Adem\u00e1s, cuando la unidad de Personas Desaparecidas solicit\u00f3 informaci\u00f3n sobre cuerpos con caracter\u00edsticas similares, el fiscal neg\u00f3 tener registro alguno, ocultando datos clave para el esclarecimiento del crimen.<\/p>\n\n\n\n<p>El otro exfuncionario es un agente del Ministerio P\u00fablico, quien presuntamente mantuvo inactiva la carpeta de investigaci\u00f3n durante m\u00e1s de cuatro a\u00f1os.<\/p>\n\n\n\n<figure class=\"wp-block-image size-full is-resized\"><img loading=\"lazy\" decoding=\"async\" width=\"528\" height=\"700\" src=\"https:\/\/elcuartopoder.com.mx\/nw\/wp-content\/uploads\/2025\/10\/image-82.png\" alt=\"\" class=\"wp-image-147414\" style=\"width:726px;height:auto\" srcset=\"http:\/\/elcuartopoder.com.mx\/nw\/wp-content\/uploads\/2025\/10\/image-82.png 528w, http:\/\/elcuartopoder.com.mx\/nw\/wp-content\/uploads\/2025\/10\/image-82-226x300.png 226w\" sizes=\"auto, (max-width: 528px) 100vw, 528px\" \/><\/figure>\n\n\n\n<p>Francisca Mariner, de 17 a\u00f1os, fue asesinada el 22 de junio del 2020, en la vivienda que habitaba con su expareja, \u00c1ngel Conrado y su cuerpo hallado desde el 21 de julio de ese mismo a\u00f1o.<\/p>\n\n\n\n<p>El pasado 21 de diciembre, luego de cuatro a\u00f1os y medio de b\u00fasqueda, la madre de Francisca Mariner, localiz\u00f3 el cuerpo de su hija en el Semefo, tras largos a\u00f1os de lucha, protestas y b\u00fasqueda de justicia.<\/p>\n\n\n\n<p>Mar\u00eda Patr\u00f3n agreg\u00f3: \u201cQueremos comentar a toda la gente que estas situaciones por temas de negligencia y las omisiones de servidores p\u00fablicos las debemos denunciar, que no olvidemos que nuestras carpetas pueden proceder, que levanten la voz, nosotros somos la voz de los hijos desaparecidos y como v\u00edctimas merecemos un respeto de estos servidores\u201d.<\/p>\n\n\n\n<p>Cabe recordar que la expareja sentimental de la v\u00edctima, \u00c1ngel Conrado Salas Blanco, ya fue condenado a 50 a\u00f1os de prisi\u00f3n por feminicidio y desaparici\u00f3n.<\/p>\n\n\n\n<p>Fuente: NC<\/p>\n","protected":false},"excerpt":{"rendered":"<p>CANC\u00daN, MX.\u2013\u00a0Luego de que ayer fueron vinculados a proceso dos exservidores p\u00fablicos de la Fiscal\u00eda General del Estado por presunta negligencia en la investigaci\u00f3n de la desaparici\u00f3n y muerte de la joven Francisca Mariner Patr\u00f3n, pasado el 22 de junio de 2020, el colectivo de Madres Buscadoras de Quintana Roo conf\u00eda en que otros cuatro [&hellip;]<\/p>\n","protected":false},"author":2,"featured_media":147415,"comment_status":"open","ping_status":"open","sticky":false,"template":"","format":"standard","meta":{"footnotes":""},"categories":[60],"tags":[],"class_list":["post-147412","post","type-post","status-publish","format-standard","has-post-thumbnail","hentry","category-estatales"],"_links":{"self":[{"href":"http:\/\/elcuartopoder.com.mx\/nw\/wp-json\/wp\/v2\/posts\/147412","targetHints":{"allow":["GET"]}}],"collection":[{"href":"http:\/\/elcuartopoder.com.mx\/nw\/wp-json\/wp\/v2\/posts"}],"about":[{"href":"http:\/\/elcuartopoder.com.mx\/nw\/wp-json\/wp\/v2\/types\/post"}],"author":[{"embeddable":true,"href":"http:\/\/elcuartopoder.com.mx\/nw\/wp-json\/wp\/v2\/users\/2"}],"replies":[{"embeddable":true,"href":"http:\/\/elcuartopoder.com.mx\/nw\/wp-json\/wp\/v2\/comments?post=147412"}],"version-history":[{"count":1,"href":"http:\/\/elcuartopoder.com.mx\/nw\/wp-json\/wp\/v2\/posts\/147412\/revisions"}],"predecessor-version":[{"id":147416,"href":"http:\/\/elcuartopoder.com.mx\/nw\/wp-json\/wp\/v2\/posts\/147412\/revisions\/147416"}],"wp:featuredmedia":[{"embeddable":true,"href":"http:\/\/elcuartopoder.com.mx\/nw\/wp-json\/wp\/v2\/media\/147415"}],"wp:attachment":[{"href":"http:\/\/elcuartopoder.com.mx\/nw\/wp-json\/wp\/v2\/media?parent=147412"}],"wp:term":[{"taxonomy":"category","embeddable":true,"href":"http:\/\/elcuartopoder.com.mx\/nw\/wp-json\/wp\/v2\/categories?post=147412"},{"taxonomy":"post_tag","embeddable":true,"href":"http:\/\/elcuartopoder.com.mx\/nw\/wp-json\/wp\/v2\/tags?post=147412"}],"curies":[{"name":"wp","href":"https:\/\/api.w.org\/{rel}","templated":true}]}}