{"id":147417,"date":"2025-10-30T08:34:00","date_gmt":"2025-10-30T13:34:00","guid":{"rendered":"https:\/\/elcuartopoder.com.mx\/nw\/?p=147417"},"modified":"2025-10-30T08:34:02","modified_gmt":"2025-10-30T13:34:02","slug":"diputados-montessori","status":"publish","type":"post","link":"http:\/\/elcuartopoder.com.mx\/nw\/nacionales\/diputados-montessori\/","title":{"rendered":"Diputados Montessori"},"content":{"rendered":"\n<p>En 1907 comenz\u00f3 a aplicarse el m\u00e9todo educativo Montessori, creado por la m\u00e9dica y educadora italiana Maria Montessori, que parti\u00f3 de dar libertad a ni\u00f1as y ni\u00f1os para aprender a su ritmo; ellos seleccionan con independencia la actividad que deseen llevar a cabo o cambian de una a otra cuando as\u00ed lo deciden.&nbsp;<\/p>\n\n\n\n<p>Ser\u00e1 motivo de otro debate analizar su eficacia que, de acuerdo con especialistas, es alta si el m\u00e9todo se aplica correctamente; ha demostrado tener \u00e9xito en el desarrollo de habilidades cognitivas, sociales y de autonom\u00eda en ni\u00f1os, a quienes otorga la capacidad de resolver por s\u00ed mismos. Lo que est\u00e1 completamente fuera de debate es que, a diferencia de lo que sucede en nivel b\u00e1sico de educaci\u00f3n con peque\u00f1os, no funciona a nivel legislativo.&nbsp;<\/p>\n\n\n\n<p>\u201cNecesito hacer ejercicio; si me quieren multar, pues que me multen\u201d, profiri\u00f3 tras hab\u00e9rsele observado una ausencia f\u00edsica en sesi\u00f3n de la Comisi\u00f3n de Presupuesto el ex futbolista, ex alcalde de Cuernavaca, ex gobernador de Morelos y ahora diputado plurinominal Cuauht\u00e9moc Blanco, \u00eddolo americanista que salt\u00f3 de la cancha a la pol\u00edtica para en la segunda mantenerse de manera permanente en la regla 11 de la primera: fuera de lugar.&nbsp;<\/p>\n\n\n\n<p>Desde una cancha de p\u00e1del se conect\u00f3 a la sesi\u00f3n. Se escuchaban los raquetazos y a \u00e9l diciendo \u201csi me pueden poner asistencia\u201d. Ya cuando le preguntaron por el sentido de su voto, no tuvo idea del tema, se qued\u00f3 callado.&nbsp;<\/p>\n\n\n\n<p>Misma semana y dos d\u00edas despu\u00e9s del relanzamiento del Partido Acci\u00f3n Nacional (PAN) en el front\u00f3n M\u00e9xico, la presidenta Claudia Sheinbaum cuestion\u00f3 a integrantes de Acci\u00f3n Nacional el haber llevado a cabo su actividad en medio de una emergencia nacional por las lluvias en Veracruz, Quer\u00e9taro, Puebla, Hidalgo y San Luis Potos\u00ed.&nbsp;<\/p>\n\n\n\n<p>Veinticuatro horas m\u00e1s tarde, tras un merecido homenaje en la C\u00e1mara de Diputados a la Sonora Santanera por sus 70 a\u00f1os de existencia y a iniciativa de Sergio Mayer, el homenaje escal\u00f3 a baile en el Auditorio Aurora Jim\u00e9nez de San L\u00e1zaro, donde diputadas y diputados, asesores parlamentarios y hasta uno que otro colado sacaron sin pudor los \u201cpasos prohibidos\u201d en total olvido a la tragedia en cinco estados, a las v\u00edctimas, a la emergencia nacional y al cuestionamiento presidencial al PAN por llevar a cabo su actividad de relanzamiento bajo las mismas circunstancias.<\/p>\n\n\n\n<p>La selfi, el ser tendencia o reconocido \u2013y si es posible al lado de un cuadro importante aunque sea s\u00f3lo en una foto banquetera\u2013 se ha convertido en actividad cotidiana de una corte infectada de presunci\u00f3n y vanidad carente de entendimiento y compromiso.&nbsp;<\/p>\n\n\n\n<p>El lunes de esta semana se dio una m\u00e1s de esas escenas que retratan la aut\u00e9ntica esencia del oportunismo con el que m\u00e1s de uno dice sumarse al proyecto de transformaci\u00f3n del pa\u00eds, no por el proyecto, sino por lo que de \u00e9l puedan obtener.&nbsp;<\/p>\n\n\n\n<p>La legisladora y vicecoordinadora de Morena en la C\u00e1mara de Diputados, Gabriela Jim\u00e9nez \u2013en su momento titular de la asociaci\u00f3n civil Que Siga la Democracia, que present\u00f3 para la consulta de revocaci\u00f3n de mandato, en 2022, 14 mil 940 apoyos de personas dadas de baja del padr\u00f3n electoral por defunci\u00f3n\u2013, a quien es com\u00fan observar en movilizaciones, actos p\u00fablicos, asambleas, informes y cualquier otra actividad en la permanente b\u00fasqueda de la selfi, protagoniz\u00f3 otro acto bochornoso en San L\u00e1zaro.&nbsp;<\/p>\n\n\n\n<p>Tras comparecer ante integrantes de la Jucopo el lunes pasado, el secretario de Seguridad del gobierno de M\u00e9xico, Omar Garc\u00eda Harfuch, rindi\u00f3 una conferencia de prensa al lado del coordinador de la bancada de Morena, Ricardo Monreal, colocado a su derecha, y de la diputada por Yucat\u00e1n Jessica Saiden \u2013presidenta de la Comisi\u00f3n de Seguridad Ciudadana\u2013, colocada a su izquierda.&nbsp;<\/p>\n\n\n\n<p>Durante la conferencia, la diputada Jim\u00e9nez se col\u00f3 para, primero, decir algo al o\u00eddo de Ricardo Monreal y despu\u00e9s invadir el espacio al cruzar detr\u00e1s del secretario de Seguridad y abordar a la diputada Saiden e intentar desplazarla y colocarse en su lugar para salir en la foto. Con civilidad y sentido com\u00fan, la diputada por Yucat\u00e1n mand\u00f3 a Jim\u00e9nez al mismo lugar del que lleg\u00f3.&nbsp;<\/p>\n\n\n\n<p>Conductas delicadas, otras s\u00f3lo anecd\u00f3ticas, tambi\u00e9n \u201cduendes\u201d que modifican iniciativas enviadas por el Ejecutivo al Legislativo se suman a una serie de comportamientos de integrantes de una mayor\u00eda legislativa de Morena y aliados que parecen no haber reconocido la importancia de su encargo y responsabilidad.&nbsp;<\/p>\n\n\n\n<p>Llegar a sus curules con esa mayor\u00eda no debe ser el fin, como parece ser para algunos, sino el comienzo de una representaci\u00f3n que les fue encomendada por el pueblo para dar viabilidad a la transformaci\u00f3n del pa\u00eds. No para tomarse selfis que les generen la percepci\u00f3n de ser \u201cdestacados\u201d, tampoco para jugar p\u00e1del, mucho menos para torpedear iniciativas de reforma. Se vot\u00f3 por quienes se comprometieron a no ser iguales, pero algunos ya son peores.<\/p>\n\n\n\n<p>Fuente: la jornada<\/p>\n","protected":false},"excerpt":{"rendered":"<p>En 1907 comenz\u00f3 a aplicarse el m\u00e9todo educativo Montessori, creado por la m\u00e9dica y educadora italiana Maria Montessori, que parti\u00f3 de dar libertad a ni\u00f1as y ni\u00f1os para aprender a su ritmo; ellos seleccionan con independencia la actividad que deseen llevar a cabo o cambian de una a otra cuando as\u00ed lo deciden.&nbsp; Ser\u00e1 motivo [&hellip;]<\/p>\n","protected":false},"author":2,"featured_media":147418,"comment_status":"open","ping_status":"open","sticky":false,"template":"","format":"standard","meta":{"footnotes":""},"categories":[55],"tags":[],"class_list":["post-147417","post","type-post","status-publish","format-standard","has-post-thumbnail","hentry","category-nacionales"],"_links":{"self":[{"href":"http:\/\/elcuartopoder.com.mx\/nw\/wp-json\/wp\/v2\/posts\/147417","targetHints":{"allow":["GET"]}}],"collection":[{"href":"http:\/\/elcuartopoder.com.mx\/nw\/wp-json\/wp\/v2\/posts"}],"about":[{"href":"http:\/\/elcuartopoder.com.mx\/nw\/wp-json\/wp\/v2\/types\/post"}],"author":[{"embeddable":true,"href":"http:\/\/elcuartopoder.com.mx\/nw\/wp-json\/wp\/v2\/users\/2"}],"replies":[{"embeddable":true,"href":"http:\/\/elcuartopoder.com.mx\/nw\/wp-json\/wp\/v2\/comments?post=147417"}],"version-history":[{"count":1,"href":"http:\/\/elcuartopoder.com.mx\/nw\/wp-json\/wp\/v2\/posts\/147417\/revisions"}],"predecessor-version":[{"id":147419,"href":"http:\/\/elcuartopoder.com.mx\/nw\/wp-json\/wp\/v2\/posts\/147417\/revisions\/147419"}],"wp:featuredmedia":[{"embeddable":true,"href":"http:\/\/elcuartopoder.com.mx\/nw\/wp-json\/wp\/v2\/media\/147418"}],"wp:attachment":[{"href":"http:\/\/elcuartopoder.com.mx\/nw\/wp-json\/wp\/v2\/media?parent=147417"}],"wp:term":[{"taxonomy":"category","embeddable":true,"href":"http:\/\/elcuartopoder.com.mx\/nw\/wp-json\/wp\/v2\/categories?post=147417"},{"taxonomy":"post_tag","embeddable":true,"href":"http:\/\/elcuartopoder.com.mx\/nw\/wp-json\/wp\/v2\/tags?post=147417"}],"curies":[{"name":"wp","href":"https:\/\/api.w.org\/{rel}","templated":true}]}}