{"id":147453,"date":"2025-10-30T11:10:04","date_gmt":"2025-10-30T16:10:04","guid":{"rendered":"https:\/\/elcuartopoder.com.mx\/nw\/?p=147453"},"modified":"2025-10-30T11:10:06","modified_gmt":"2025-10-30T16:10:06","slug":"hombre-asesino-a-un-perro-frente-a-sus-hijos-en-cancun-ya-fue-detenido","status":"publish","type":"post","link":"http:\/\/elcuartopoder.com.mx\/nw\/municipales\/hombre-asesino-a-un-perro-frente-a-sus-hijos-en-cancun-ya-fue-detenido\/","title":{"rendered":"Hombre asesin\u00f3 a un perro frente a sus hijos en Canc\u00fan, ya fue detenido"},"content":{"rendered":"\n<p>El hombre planeaba huir de la escena del crimen pero las autoridades locales llegaron antes de que pudiera cumplir con su cometido, los menores ya reciben atenci\u00f3n especializada<\/p>\n\n\n\n<p>La\u00a0<strong>Secretar\u00eda de Seguridad P\u00fablica de\u00a0Quintana Roo<\/strong>\u00a0inform\u00f3 sobre la detenci\u00f3n de un hombre que fue grabado\u00a0<strong>agrediendo a\u00a0 un cachorro\u00a0<\/strong>canino en el municipio de\u00a0<strong>Canc\u00fan<\/strong>, los hechos ocurrieron frente a sus hijos menores de edad. El animal fue sometido a varias torturas antes de perder la vida.<\/p>\n\n\n\n<p>El hombre fue identificado como<strong>&nbsp;Francisco \u201cN\u201d&nbsp;<\/strong>y fue acusado de delitos contra el ambiente y la fauna, fue reportado por vecinos de la&nbsp;<strong>calle Rio Hondo,<\/strong>&nbsp;supermanzana 227, manzana 100 en el municipio de Benito Ju\u00e1rez, de acuerdo con el reporte oficial de las autoridades quintanarroenses.<\/p>\n\n\n\n<p>Despu\u00e9s del reporte de los hechos, agentes policiales llegaron al lugar donde encontraron a un grupo de m\u00e1s de 30 personas y a un masculino sentado sobre la banqueta, a quien ten\u00edan retenido tras ser identificado como\u00a0<strong>Francisco<\/strong>. De acuerdo con los relatado por las autoridades, ten\u00eda la intenci\u00f3n de darse a la fuga.<\/p>\n\n\n\n<h2 class=\"wp-block-heading\">Detienen a Francisco, quien mat\u00f3 a un perro frente a sus hijos<\/h2>\n\n\n\n<p>Se realiz\u00f3 la dentici\u00f3n para poner a&nbsp;<strong>Francisco<\/strong>&nbsp;a disposici\u00f3n ante las autoridades, tambi\u00e9n lleg\u00f3 personal de la direcci\u00f3n de&nbsp;<strong>Protecci\u00f3n y Bienestar Animal&nbsp;<\/strong>para hacer las diligencias correspondientes del cachorro que qued\u00f3 sin vida. Los menores que presenciaron los hechos fueron atendidos por el grupo&nbsp;<strong>GEAVIG<\/strong>&nbsp;para recibir atenci\u00f3n especializada.<\/p>\n\n\n\n<h2 class=\"wp-block-heading\">\u00bfCu\u00e1les son las penas por maltrato animal en Quintana Roo?<\/h2>\n\n\n\n<p>El art\u00edculo 179&nbsp; C\u00f3digo Penal para el Estado Libre y Soberano de&nbsp;<strong>Quintana Roo<\/strong>, en el cap\u00edtulo II de los delitos contra el ambiente y la fuan, se establece que a quien maltrate a un animal se le impondr\u00e1 una multa de seis meses a un a\u00f1o de prisi\u00f3n y de 25 a 50 d\u00edas de multa. Sin embargo, en caso de poner en peligro la vida del animal, se incrementa en una mitad de la pena se\u00f1alada.<\/p>\n\n\n\n<figure class=\"wp-block-image size-full\"><img loading=\"lazy\" decoding=\"async\" width=\"768\" height=\"435\" src=\"https:\/\/elcuartopoder.com.mx\/nw\/wp-content\/uploads\/2025\/10\/image-94.png\" alt=\"\" class=\"wp-image-147454\" srcset=\"http:\/\/elcuartopoder.com.mx\/nw\/wp-content\/uploads\/2025\/10\/image-94.png 768w, http:\/\/elcuartopoder.com.mx\/nw\/wp-content\/uploads\/2025\/10\/image-94-300x170.png 300w, http:\/\/elcuartopoder.com.mx\/nw\/wp-content\/uploads\/2025\/10\/image-94-696x394.png 696w\" sizes=\"auto, (max-width: 768px) 100vw, 768px\" \/><\/figure>\n\n\n\n<p>Se entiende como&nbsp;<a href=\"https:\/\/heraldodemexico.com.mx\/nacional\/2025\/10\/27\/pareja-lanza-cachorrito-en-calles-de-naucalpan-piden-ayuda-para-identificarlos-video-740724.html\" target=\"_blank\" rel=\"noreferrer noopener\"><strong>maltrato animal<\/strong><\/a>&nbsp;todo aquel acto de crueldad en contra de&nbsp;<strong>cualquier especie animal<\/strong>, causado maltrato evidente. Sin embargo, ocasionar la muerte se castiga con penas m\u00e1s duras, sobre todo a quienes provoquen sufrimiento, causando la agon\u00eda del animal.<\/p>\n\n\n\n<p>\u201cAl que injustificada e intencionalmente cometa actos de maltrato o crueldad en contra de cualquier especie animal provoc\u00e1ndole la muerte, se le impondr\u00e1n de uno a dos a\u00f1os de prisi\u00f3n y de cien a doscientos d\u00edas multa, as\u00ed como el aseguramiento de todos los animales que pudiera tener bajo su cuidado o resguardo, de conformidad a lo dispuesto en la Ley de Protecci\u00f3n y Bienestar Animal del Estado de Quintana Roo.&nbsp;<\/p>\n\n\n\n<p>En caso de que se haga uso de m\u00e9todos que provoquen un grave sufrimiento al animal previo a su muerte, las penas se aumentar\u00e1n en una mitad.\u201d<\/p>\n\n\n\n<p>Fuente: Heraldo de M\u00e9xico<\/p>\n\n\n\n<blockquote class=\"wp-block-quote is-layout-flow wp-block-quote-is-layout-flow\"><\/blockquote>\n","protected":false},"excerpt":{"rendered":"<p>El hombre planeaba huir de la escena del crimen pero las autoridades locales llegaron antes de que pudiera cumplir con su cometido, los menores ya reciben atenci\u00f3n especializada La\u00a0Secretar\u00eda de Seguridad P\u00fablica de\u00a0Quintana Roo\u00a0inform\u00f3 sobre la detenci\u00f3n de un hombre que fue grabado\u00a0agrediendo a\u00a0 un cachorro\u00a0canino en el municipio de\u00a0Canc\u00fan, los hechos ocurrieron frente a [&hellip;]<\/p>\n","protected":false},"author":2,"featured_media":147455,"comment_status":"open","ping_status":"open","sticky":false,"template":"","format":"standard","meta":{"footnotes":""},"categories":[6],"tags":[],"class_list":["post-147453","post","type-post","status-publish","format-standard","has-post-thumbnail","hentry","category-municipales"],"_links":{"self":[{"href":"http:\/\/elcuartopoder.com.mx\/nw\/wp-json\/wp\/v2\/posts\/147453","targetHints":{"allow":["GET"]}}],"collection":[{"href":"http:\/\/elcuartopoder.com.mx\/nw\/wp-json\/wp\/v2\/posts"}],"about":[{"href":"http:\/\/elcuartopoder.com.mx\/nw\/wp-json\/wp\/v2\/types\/post"}],"author":[{"embeddable":true,"href":"http:\/\/elcuartopoder.com.mx\/nw\/wp-json\/wp\/v2\/users\/2"}],"replies":[{"embeddable":true,"href":"http:\/\/elcuartopoder.com.mx\/nw\/wp-json\/wp\/v2\/comments?post=147453"}],"version-history":[{"count":1,"href":"http:\/\/elcuartopoder.com.mx\/nw\/wp-json\/wp\/v2\/posts\/147453\/revisions"}],"predecessor-version":[{"id":147456,"href":"http:\/\/elcuartopoder.com.mx\/nw\/wp-json\/wp\/v2\/posts\/147453\/revisions\/147456"}],"wp:featuredmedia":[{"embeddable":true,"href":"http:\/\/elcuartopoder.com.mx\/nw\/wp-json\/wp\/v2\/media\/147455"}],"wp:attachment":[{"href":"http:\/\/elcuartopoder.com.mx\/nw\/wp-json\/wp\/v2\/media?parent=147453"}],"wp:term":[{"taxonomy":"category","embeddable":true,"href":"http:\/\/elcuartopoder.com.mx\/nw\/wp-json\/wp\/v2\/categories?post=147453"},{"taxonomy":"post_tag","embeddable":true,"href":"http:\/\/elcuartopoder.com.mx\/nw\/wp-json\/wp\/v2\/tags?post=147453"}],"curies":[{"name":"wp","href":"https:\/\/api.w.org\/{rel}","templated":true}]}}