{"id":147491,"date":"2025-10-31T15:31:22","date_gmt":"2025-10-31T20:31:22","guid":{"rendered":"https:\/\/elcuartopoder.com.mx\/nw\/?p=147491"},"modified":"2025-10-31T15:31:24","modified_gmt":"2025-10-31T20:31:24","slug":"mueren-decenas-en-campamento-de-desplazados-en-sudan-por-hambre-y-enfermedades","status":"publish","type":"post","link":"http:\/\/elcuartopoder.com.mx\/nw\/internacionales\/mueren-decenas-en-campamento-de-desplazados-en-sudan-por-hambre-y-enfermedades\/","title":{"rendered":"Mueren decenas en campamento de desplazados en Sud\u00e1n por hambre y enfermedades"},"content":{"rendered":"\n<p><em>Madrid.&nbsp;<\/em>Alrededor de un centenar de personas murieron a causa del hambre y las enfermedades durante el \u00faltimo mes y medio en el campamento de desplazados de Ab\u00fa Shuk, en la capital de Darfur Norte, en Sud\u00e1n, cercada por las paramilitares Fuerzas de Apoyo R\u00e1pido (RSF) en el marco de la guerra desatada en abril de 2023 en el pa\u00eds africano.<\/p>\n\n\n\n<p>La C\u00e9lula de Emergencia del Campamento de Ab\u00fa Shuk indic\u00f3 en un comunicado publicado en su cuenta en la red social Facebook este lunes que durante los \u00faltimos 40 d\u00edas se confirm\u00f3 la muerte de 95 personas por inanici\u00f3n y malestares, y detall\u00f3 que se trata de 73 ni\u00f1os y 22 adultos, ante un continuo \u00abdeterioro\u00bb de la situaci\u00f3n humanitaria y de seguridad.<\/p>\n\n\n\n<p>As\u00ed, apunt\u00f3 a \u00abuna ausencia casi total de servicios b\u00e1sicos, principalmente agua y comida, especialmente para familias desplazadas que no tienen acceso a las cocinas comunitarias, que dejaron de funcionar por la falta de financiaci\u00f3n\u00bb. \u00abEstamos perdiendo m\u00e1s de ocho vidas cada d\u00eda bajo estas condiciones catastr\u00f3ficas\u00bb, denunci\u00f3 la organizaci\u00f3n.<\/p>\n\n\n\n<p>\u00abAlertamos tambi\u00e9n de un inminente desastre sanitario y ambiental por los cuerpos esparcidos en barrios y calles que no pueden ser enterrados por la situaci\u00f3n de seguridad, provocando malos olores que se extienden por toda la ciudad\u00bb, a\u00f1adi\u00f3.<\/p>\n\n\n\n<p>En esta l\u00ednea, subray\u00f3 que \u00ablos ni\u00f1os menores de cinco a\u00f1os sufren desnutrici\u00f3n severa y los ancianos se encuentran en estado cr\u00edtico, en medio de un colapso total de los servicios de salud\u00bb. \u00abNing\u00fan paciente puede recibir tratamiento y ning\u00fan herido puede encontrar asistencia m\u00e9dica\u00bb, reclam\u00f3 a la comunidad internacional y a las organizaciones humanitarias apoyo para evacuar civiles desarmados de las zonas en conflicto.<\/p>\n\n\n\n<p>Por su parte, las Fuerzas Armadas sudanesas aseguraron que el pasado domingo repelieron una ofensiva de las RSF contra El Fasher, causando \u00abgrandes p\u00e9rdidas\u00bb entre los paramilitares \u00abtanto en equipamiento como en vidas\u00bb.<\/p>\n\n\n\n<p>\u00abComo es habitual tras cada derrota, la milicia terrorista atac\u00f3 con artiller\u00eda a civiles en barrios residenciales, dejando decenas de heridos, incluidos mujeres y ni\u00f1os\u00bb, resaltaron en sus medios oficiales sin dar un balance concreto de v\u00edctimas ni confirmar si hab\u00edan muertos a causa de estos ataques de las RSF.<\/p>\n\n\n\n<p>El Ej\u00e9rcito procedi\u00f3 adem\u00e1s este lunes al lanzamiento por aire de suministros en su principal base en El Fasher por primera vez en cerca de cinco meses, ante el recrudecimiento de los combates, de acuerdo fuentes militares citadas por el portal sudan\u00e9s de noticias Sudan Tribune, sin que por ahora haya una confirmaci\u00f3n oficial por parte de las autoridades del pa\u00eds africano.<\/p>\n\n\n\n<p>La guerra civil en el pa\u00eds africano estall\u00f3 en abril de 2023 a causa de las fuertes discrepancias en torno al proceso de integraci\u00f3n del grupo paramilitar en el seno de las Fuerzas Armadas, situaci\u00f3n que provoc\u00f3 el descarrilamiento de la transici\u00f3n abierta tras el derrocamiento en 2019 del r\u00e9gimen de Omar Has\u00e1n al Bashir, ya da\u00f1ado tras la asonada que derrib\u00f3 al entonces primer ministro, Abdal\u00e1 Hamdok.<\/p>\n\n\n\n<p>Fuente: la jornada<\/p>\n","protected":false},"excerpt":{"rendered":"<p>Madrid.&nbsp;Alrededor de un centenar de personas murieron a causa del hambre y las enfermedades durante el \u00faltimo mes y medio en el campamento de desplazados de Ab\u00fa Shuk, en la capital de Darfur Norte, en Sud\u00e1n, cercada por las paramilitares Fuerzas de Apoyo R\u00e1pido (RSF) en el marco de la guerra desatada en abril de [&hellip;]<\/p>\n","protected":false},"author":2,"featured_media":147492,"comment_status":"open","ping_status":"open","sticky":false,"template":"","format":"standard","meta":{"footnotes":""},"categories":[8],"tags":[],"class_list":["post-147491","post","type-post","status-publish","format-standard","has-post-thumbnail","hentry","category-internacionales"],"_links":{"self":[{"href":"http:\/\/elcuartopoder.com.mx\/nw\/wp-json\/wp\/v2\/posts\/147491","targetHints":{"allow":["GET"]}}],"collection":[{"href":"http:\/\/elcuartopoder.com.mx\/nw\/wp-json\/wp\/v2\/posts"}],"about":[{"href":"http:\/\/elcuartopoder.com.mx\/nw\/wp-json\/wp\/v2\/types\/post"}],"author":[{"embeddable":true,"href":"http:\/\/elcuartopoder.com.mx\/nw\/wp-json\/wp\/v2\/users\/2"}],"replies":[{"embeddable":true,"href":"http:\/\/elcuartopoder.com.mx\/nw\/wp-json\/wp\/v2\/comments?post=147491"}],"version-history":[{"count":1,"href":"http:\/\/elcuartopoder.com.mx\/nw\/wp-json\/wp\/v2\/posts\/147491\/revisions"}],"predecessor-version":[{"id":147493,"href":"http:\/\/elcuartopoder.com.mx\/nw\/wp-json\/wp\/v2\/posts\/147491\/revisions\/147493"}],"wp:featuredmedia":[{"embeddable":true,"href":"http:\/\/elcuartopoder.com.mx\/nw\/wp-json\/wp\/v2\/media\/147492"}],"wp:attachment":[{"href":"http:\/\/elcuartopoder.com.mx\/nw\/wp-json\/wp\/v2\/media?parent=147491"}],"wp:term":[{"taxonomy":"category","embeddable":true,"href":"http:\/\/elcuartopoder.com.mx\/nw\/wp-json\/wp\/v2\/categories?post=147491"},{"taxonomy":"post_tag","embeddable":true,"href":"http:\/\/elcuartopoder.com.mx\/nw\/wp-json\/wp\/v2\/tags?post=147491"}],"curies":[{"name":"wp","href":"https:\/\/api.w.org\/{rel}","templated":true}]}}