{"id":147500,"date":"2025-10-31T15:52:45","date_gmt":"2025-10-31T20:52:45","guid":{"rendered":"https:\/\/elcuartopoder.com.mx\/nw\/?p=147500"},"modified":"2025-10-31T15:56:53","modified_gmt":"2025-10-31T20:56:53","slug":"sheinbaum-cuestiona-inventos-de-simon-levy-en-torno-a-su-aprehension","status":"publish","type":"post","link":"http:\/\/elcuartopoder.com.mx\/nw\/policiacas\/sheinbaum-cuestiona-inventos-de-simon-levy-en-torno-a-su-aprehension\/","title":{"rendered":"Sheinbaum cuestiona inventos de Sim\u00f3n Levy en torno a su aprehensi\u00f3n"},"content":{"rendered":"\n<p><em>Ciudad de M\u00e9xico.<\/em>&nbsp;La presidenta Claudia Sheinbaum Pardo cuestion\u00f3 los inventos de Sim\u00f3n Levy, tras su detenci\u00f3n en Portugal.<\/p>\n\n\n\n<p>\u201cNosotros siempre vamos a decir la verdad, y si alg\u00fan d\u00eda nos equivocamos, tambi\u00e9n se reconocer\u00e1, pero buscamos que todo lo que decimos &nbsp;tenga fuentes\u201d.<\/p>\n\n\n\n<p>Cuando le mencionaron que Levy incluso dijo que sufri\u00f3 un atentado por \u201csicarios enviados por grupos radicales cercanos a la 4T\u201d solt\u00f3 una carcajada.<\/p>\n\n\n\n<p>\u201cLa verdad es que nosotros ni quer\u00edamos mencionar a esta persona, no es central en la ma\u00f1anera esta informaci\u00f3n, lo que pasa es que nos preguntaron y dijimos que de acuerdo con el gabinete de seguridad est\u00e1 en Portugal y fue detenido. O sea, nosotros no sacamos el tema\u201d.<\/p>\n\n\n\n<p>Y como despu\u00e9s se dijo que no era cierto, \u201cayer presentamos el documento de la polic\u00eda de Portugal, de que en efecto hab\u00eda sido detenido y luego ya para colmo, pues en las redes sali\u00f3 que hab\u00eda grabado un mensaje diciendo que estaba en Washington y era el restaurante m\u00e1s conocido de Portugal\u201d.<\/p>\n\n\n\n<p>Nosotros \u201cno decimos mentiras, la informaci\u00f3n vino de \u00e9l; \u00e9l y algunos conductores le dieron vuelo a este invento, pero siempre vamos a decir la verdad\u201d.<\/p>\n\n\n\n<p>Fuente: la jornada<\/p>\n","protected":false},"excerpt":{"rendered":"<p>Ciudad de M\u00e9xico.&nbsp;La presidenta Claudia Sheinbaum Pardo cuestion\u00f3 los inventos de Sim\u00f3n Levy, tras su detenci\u00f3n en Portugal. \u201cNosotros siempre vamos a decir la verdad, y si alg\u00fan d\u00eda nos equivocamos, tambi\u00e9n se reconocer\u00e1, pero buscamos que todo lo que decimos &nbsp;tenga fuentes\u201d. Cuando le mencionaron que Levy incluso dijo que sufri\u00f3 un atentado por [&hellip;]<\/p>\n","protected":false},"author":2,"featured_media":147501,"comment_status":"open","ping_status":"open","sticky":false,"template":"","format":"standard","meta":{"footnotes":""},"categories":[23,61],"tags":[],"class_list":["post-147500","post","type-post","status-publish","format-standard","has-post-thumbnail","hentry","category-policiacas","category-politica"],"_links":{"self":[{"href":"http:\/\/elcuartopoder.com.mx\/nw\/wp-json\/wp\/v2\/posts\/147500","targetHints":{"allow":["GET"]}}],"collection":[{"href":"http:\/\/elcuartopoder.com.mx\/nw\/wp-json\/wp\/v2\/posts"}],"about":[{"href":"http:\/\/elcuartopoder.com.mx\/nw\/wp-json\/wp\/v2\/types\/post"}],"author":[{"embeddable":true,"href":"http:\/\/elcuartopoder.com.mx\/nw\/wp-json\/wp\/v2\/users\/2"}],"replies":[{"embeddable":true,"href":"http:\/\/elcuartopoder.com.mx\/nw\/wp-json\/wp\/v2\/comments?post=147500"}],"version-history":[{"count":1,"href":"http:\/\/elcuartopoder.com.mx\/nw\/wp-json\/wp\/v2\/posts\/147500\/revisions"}],"predecessor-version":[{"id":147502,"href":"http:\/\/elcuartopoder.com.mx\/nw\/wp-json\/wp\/v2\/posts\/147500\/revisions\/147502"}],"wp:featuredmedia":[{"embeddable":true,"href":"http:\/\/elcuartopoder.com.mx\/nw\/wp-json\/wp\/v2\/media\/147501"}],"wp:attachment":[{"href":"http:\/\/elcuartopoder.com.mx\/nw\/wp-json\/wp\/v2\/media?parent=147500"}],"wp:term":[{"taxonomy":"category","embeddable":true,"href":"http:\/\/elcuartopoder.com.mx\/nw\/wp-json\/wp\/v2\/categories?post=147500"},{"taxonomy":"post_tag","embeddable":true,"href":"http:\/\/elcuartopoder.com.mx\/nw\/wp-json\/wp\/v2\/tags?post=147500"}],"curies":[{"name":"wp","href":"https:\/\/api.w.org\/{rel}","templated":true}]}}