{"id":149683,"date":"2026-08-31T07:00:00","date_gmt":"2026-08-31T12:00:00","guid":{"rendered":"https:\/\/elcuartopoder.com.mx\/nw\/?p=149683"},"modified":"2026-08-30T20:48:00","modified_gmt":"2026-08-31T01:48:00","slug":"tiene-prioridad-la-gira-presidencial-con-motivo-del-segundo-informe-el-nombre-del-coordinador-de-la-defensa-de-la-4t-en-quintana-roo-sera-dado-a-conocer-en-dos-semanas","status":"publish","type":"post","link":"http:\/\/elcuartopoder.com.mx\/nw\/estatales\/tiene-prioridad-la-gira-presidencial-con-motivo-del-segundo-informe-el-nombre-del-coordinador-de-la-defensa-de-la-4t-en-quintana-roo-sera-dado-a-conocer-en-dos-semanas\/","title":{"rendered":"Tiene prioridad la gira presidencial con motivo del Segundo Informe; el nombre del \u2018coordinador de la Defensa de la 4T en Quintana Roo ser\u00e1 dado a conocer en dos semanas"},"content":{"rendered":"\n<p class=\"wp-block-paragraph\"><strong><strong>C<\/strong>HETUMAL, MX.-<\/strong>\u00a0Luego de que la dirigencia nacional de Morena determinara posponer el anuncio del responsable de coordinar los trabajos de la Defensa de la 4T y la Soberan\u00eda en Quintana Roo, el secretario de Organizaci\u00f3n del Comit\u00e9 Directivo Estatal, David Hern\u00e1ndez Sol\u00eds, confirm\u00f3 que el nombre se dar\u00e1 a conocer en un plazo de dos semanas, debido a que tiene prioridad la gira informativa que realizar\u00e1 la presidenta Claudia Sheinbaum con motivo de su Segundo Informe de Gobierno.<\/p>\n\n\n\n<p class=\"wp-block-paragraph\">Se\u00f1al\u00f3 que, mientras tanto, continuar\u00e1n con las encuestas para conocer el posicionamiento de los aspirantes en la percepci\u00f3n ciudadana y posteriormente ser\u00e1 la Comisi\u00f3n Nacional de Elecciones la encargada de revisar en forma detallada los resultados de cada uno de los aspirantes para emitir un pronunciamiento.<\/p>\n\n\n\n<p class=\"wp-block-paragraph\">\u201cVamos a esperar dos semanas m\u00e1s para que el Comit\u00e9 Ejecutivo Nacional nos indique las pautas y fechas para dar a conocer a los coordinadores de cada entidad que falta\u201d, insisti\u00f3.<\/p>\n\n\n\n<p class=\"wp-block-paragraph\">Hern\u00e1ndez Sol\u00eds dijo que, en estos momentos, es prioridad difundir las acciones de la presidenta Claudia Sheinbaum con motivo de su Segundo Informe, lo que, afirm\u00f3, servir\u00e1 para el fortalecimiento de la unidad y de la estructura interna del partido.<\/p>\n\n\n\n<p class=\"wp-block-paragraph\">Cabe recordar que el pr\u00f3ximo 1 de septiembre, la presidenta Claudia Sheinbaum Pardo rendir\u00e1 su Segundo Informe de Gobierno, por lo que la dirigencia nacional acord\u00f3 que la designaci\u00f3n de las coordinaciones estatales de la Defensa de la 4T y la Soberan\u00eda Nacional se realizar\u00e1 en d\u00edas posteriores, debido a que existe la intenci\u00f3n de llevar a cabo una gira nacional con actividades relacionadas con la rendici\u00f3n de cuentas.\u00a0<\/p>\n\n\n\n<p class=\"wp-block-paragraph\">Fuente: Noticaribe<\/p>\n","protected":false},"excerpt":{"rendered":"<p>CHETUMAL, MX.-\u00a0Luego de que la dirigencia nacional de Morena determinara posponer el anuncio del responsable de coordinar los trabajos de la Defensa de la 4T y la Soberan\u00eda en Quintana Roo, el secretario de Organizaci\u00f3n del Comit\u00e9 Directivo Estatal, David Hern\u00e1ndez Sol\u00eds, confirm\u00f3 que el nombre se dar\u00e1 a conocer en un plazo de dos [&hellip;]<\/p>\n","protected":false},"author":2,"featured_media":149684,"comment_status":"open","ping_status":"open","sticky":false,"template":"","format":"standard","meta":{"footnotes":""},"categories":[60],"tags":[],"class_list":["post-149683","post","type-post","status-publish","format-standard","has-post-thumbnail","hentry","category-estatales"],"_links":{"self":[{"href":"http:\/\/elcuartopoder.com.mx\/nw\/wp-json\/wp\/v2\/posts\/149683","targetHints":{"allow":["GET"]}}],"collection":[{"href":"http:\/\/elcuartopoder.com.mx\/nw\/wp-json\/wp\/v2\/posts"}],"about":[{"href":"http:\/\/elcuartopoder.com.mx\/nw\/wp-json\/wp\/v2\/types\/post"}],"author":[{"embeddable":true,"href":"http:\/\/elcuartopoder.com.mx\/nw\/wp-json\/wp\/v2\/users\/2"}],"replies":[{"embeddable":true,"href":"http:\/\/elcuartopoder.com.mx\/nw\/wp-json\/wp\/v2\/comments?post=149683"}],"version-history":[{"count":1,"href":"http:\/\/elcuartopoder.com.mx\/nw\/wp-json\/wp\/v2\/posts\/149683\/revisions"}],"predecessor-version":[{"id":149685,"href":"http:\/\/elcuartopoder.com.mx\/nw\/wp-json\/wp\/v2\/posts\/149683\/revisions\/149685"}],"wp:featuredmedia":[{"embeddable":true,"href":"http:\/\/elcuartopoder.com.mx\/nw\/wp-json\/wp\/v2\/media\/149684"}],"wp:attachment":[{"href":"http:\/\/elcuartopoder.com.mx\/nw\/wp-json\/wp\/v2\/media?parent=149683"}],"wp:term":[{"taxonomy":"category","embeddable":true,"href":"http:\/\/elcuartopoder.com.mx\/nw\/wp-json\/wp\/v2\/categories?post=149683"},{"taxonomy":"post_tag","embeddable":true,"href":"http:\/\/elcuartopoder.com.mx\/nw\/wp-json\/wp\/v2\/tags?post=149683"}],"curies":[{"name":"wp","href":"https:\/\/api.w.org\/{rel}","templated":true}]}}