{"id":149686,"date":"2026-08-30T20:52:28","date_gmt":"2026-08-31T01:52:28","guid":{"rendered":"https:\/\/elcuartopoder.com.mx\/nw\/?p=149686"},"modified":"2026-08-30T20:52:30","modified_gmt":"2026-08-31T01:52:30","slug":"perder-a-un-progenitor-duplica-las-tasas-de-problemas-de-salud-mental-entre-los-ninos","status":"publish","type":"post","link":"http:\/\/elcuartopoder.com.mx\/nw\/varios\/perder-a-un-progenitor-duplica-las-tasas-de-problemas-de-salud-mental-entre-los-ninos\/","title":{"rendered":"Perder a un progenitor duplica las tasas de problemas de salud mental entre los ni\u00f1os"},"content":{"rendered":"\n<p class=\"wp-block-paragraph\">Los\u00a0<strong>ni\u00f1os que pierden a un progenitor\u00a0<\/strong>desarrollan\u00a0<strong>problemas de salud mental\u00a0<\/strong>al doble de ritmo que los ni\u00f1os con una familia integra, seg\u00fan informa un nuevo estudio.<\/p>\n\n\n\n<p class=\"wp-block-paragraph\">Perder a un progenitor por muerte, encarcelamiento o separaci\u00f3n aumenta dr\u00e1sticamente el riesgo de problemas de salud mental entre ni\u00f1os y adolescentes, seg\u00fan informaron recientemente investigadores en el\u00a0<strong>Australian Journal of<\/strong> of Psychology.<\/p>\n\n\n\n<p class=\"wp-block-paragraph\">En general, alrededor del 22% de los ni\u00f1os que pierden a un progenitor por cualquier motivo desarrollan un trastorno diagnosticable, en comparaci\u00f3n con el 11% de los ni\u00f1os con ambos progenitores, seg\u00fan el estudio.<\/p>\n\n\n\n<p class=\"wp-block-paragraph\">Los trastornos mentales fueron m\u00e1s altos entre los ni\u00f1os cuyos progenitores biol\u00f3gicos fallecieron. M\u00e1s de 1 de cada 4 sufr\u00eda depresi\u00f3n, ansiedad, TDAH u otros problemas.<\/p>\n\n\n\n<p class=\"wp-block-paragraph\">Del mismo modo, 1 de cada 5 ni\u00f1os que perdi\u00f3 a un progenitor por separaci\u00f3n o divorcio ten\u00eda un trastorno mental, seg\u00fan los investigadores.<\/p>\n\n\n\n<p class=\"wp-block-paragraph\">\u00abLa p\u00e9rdida de padres es m\u00e1s com\u00fan de lo que mucha gente imagina y tiene un impacto claro y medible en la salud mental de los ni\u00f1os\u00bb, dijo la investigadora principal Lauren Breen en un comunicado de prensa. Es profesora de salud poblacional en la Universidad Curtin en Australia,<\/p>\n\n\n\n<p class=\"wp-block-paragraph\">Para el nuevo estudio, los investigadores analizaron datos de encuestas nacionales de m\u00e1s de 6.300 hogares australianos con ni\u00f1os de 4 a 17 a\u00f1os. De estos ni\u00f1os, casi el 38% no viv\u00edan con ambos padres biol\u00f3gicos.<\/p>\n\n\n\n<p class=\"wp-block-paragraph\">La separaci\u00f3n y el divorcio fueron las causas m\u00e1s comunes de p\u00e9rdida parental, seguidas por la muerte de un progenitor y el hecho de que uno de los padres tuviera la custodia.<\/p>\n\n\n\n<p class=\"wp-block-paragraph\">Alrededor del 29% de los ni\u00f1os que perdieron a un progenitor por muerte desarrollaron un problema de salud mental, seguidos por el 22% de los que ten\u00edan un progenitor bajo custodia y el 20% de aquellos cuyos padres se separaron.<\/p>\n\n\n\n<p class=\"wp-block-paragraph\">La tasa de trastornos de salud mental fue a\u00fan mayor en ni\u00f1os de 4 a 11 a\u00f1os que perdieron a un progenitor por muerte, superando el 38%.<\/p>\n\n\n\n<p class=\"wp-block-paragraph\">\u00abEspecialmente en los ni\u00f1os peque\u00f1os, los efectos pueden ser especialmente graves\u00bb, dijo Breen. \u00abEste estudio refuerza la evidencia de larga data de que el duelo parental es una de las experiencias m\u00e1s angustiantes en la infancia y est\u00e1 vinculado a un mayor riesgo de problemas de salud mental.\u00bb<\/p>\n\n\n\n<p class=\"wp-block-paragraph\">Perder a un progenitor amplifica los dolores y problemas que ya enfrentan los ni\u00f1os en crecimiento, dijo la investigadora Shelly Skinner, fundadora y directora ejecutiva de Lionheart Camp for Kids en Australia Occidental, que apoya a ni\u00f1os y familias en duelo.<\/p>\n\n\n\n<p class=\"wp-block-paragraph\">\u00abNunca antes hab\u00eda sido tan complejo navegar por el mundo exterior siendo ni\u00f1o o adolescente; Cuando las complejidades y tragedias del mundo exterior chocan con tu mundo interior, los ni\u00f1os son vulnerables a sentimientos de ansiedad, conductas de riesgo y enfermedades mentales y f\u00edsicas\u00bb, afirm\u00f3 en un comunicado de prensa.<\/p>\n\n\n\n<p class=\"wp-block-paragraph\">\u00abMuchos ni\u00f1os que experimentan la muerte de un familiar crecer\u00e1n felices y sanos, y tendr\u00e1n vidas normales y productivas\u00bb, dijo Skinner. \u00abAl mismo tiempo, cada miembro de la familia necesita ayuda personalizada mientras apoyan a un ni\u00f1o en su duelo.\u00bb<\/p>\n\n\n\n<p class=\"wp-block-paragraph\">Lo que es peor, muchas familias tienen dificultades para conseguir la ayuda que necesitan a los ni\u00f1os en duelo, seg\u00fan los investigadores.<\/p>\n\n\n\n<p class=\"wp-block-paragraph\">\u00abLos ni\u00f1os en duelo y sus familias a menudo se enfrentan a barreras como largas listas de espera, altos costes y no saber a d\u00f3nde acudir para pedir ayuda\u00bb, dijo Breen. \u00abNuestros hallazgos ponen de manifiesto la necesidad de una mejor identificaci\u00f3n y apoyo a los ni\u00f1os que sufren p\u00e9rdida parental, incluyendo la garant\u00eda de servicios de salud mental accesibles y fundamentados en la evidencia, y la mejora de la respuesta de los sistemas al duelo.<\/p>\n\n\n\n<p class=\"wp-block-paragraph\">\u00abEntender lo com\u00fan que es la p\u00e9rdida parental es el primer paso; Ahora debemos asegurarnos de que los ni\u00f1os que est\u00e1n pasando por estas experiencias sean reconocidos temprano y est\u00e9n conectados al apoyo que necesitan, como terapias psicol\u00f3gicas, programas de apoyo familiar y mejores v\u00edas de derivaci\u00f3n\u00bb, concluy\u00f3 Breen.<\/p>\n\n\n\n<p class=\"wp-block-paragraph\">M\u00e1s informaci\u00f3n<\/p>\n\n\n\n<p class=\"wp-block-paragraph\">La Academia Americana de Pediatr\u00eda tiene m\u00e1s informaci\u00f3n sobre el duelo y la p\u00e9rdida en la infancia.<\/p>\n\n\n\n<p class=\"wp-block-paragraph\">FUENTE: Nota de prensa de la Universidad Curtin, 19 de agosto de 2026<\/p>\n","protected":false},"excerpt":{"rendered":"<p>Los\u00a0ni\u00f1os que pierden a un progenitor\u00a0desarrollan\u00a0problemas de salud mental\u00a0al doble de ritmo que los ni\u00f1os con una familia integra, seg\u00fan informa un nuevo estudio. Perder a un progenitor por muerte, encarcelamiento o separaci\u00f3n aumenta dr\u00e1sticamente el riesgo de problemas de salud mental entre ni\u00f1os y adolescentes, seg\u00fan informaron recientemente investigadores en el\u00a0Australian Journal of of [&hellip;]<\/p>\n","protected":false},"author":2,"featured_media":149687,"comment_status":"open","ping_status":"open","sticky":false,"template":"","format":"standard","meta":{"footnotes":""},"categories":[64],"tags":[],"class_list":["post-149686","post","type-post","status-publish","format-standard","has-post-thumbnail","hentry","category-varios"],"_links":{"self":[{"href":"http:\/\/elcuartopoder.com.mx\/nw\/wp-json\/wp\/v2\/posts\/149686","targetHints":{"allow":["GET"]}}],"collection":[{"href":"http:\/\/elcuartopoder.com.mx\/nw\/wp-json\/wp\/v2\/posts"}],"about":[{"href":"http:\/\/elcuartopoder.com.mx\/nw\/wp-json\/wp\/v2\/types\/post"}],"author":[{"embeddable":true,"href":"http:\/\/elcuartopoder.com.mx\/nw\/wp-json\/wp\/v2\/users\/2"}],"replies":[{"embeddable":true,"href":"http:\/\/elcuartopoder.com.mx\/nw\/wp-json\/wp\/v2\/comments?post=149686"}],"version-history":[{"count":1,"href":"http:\/\/elcuartopoder.com.mx\/nw\/wp-json\/wp\/v2\/posts\/149686\/revisions"}],"predecessor-version":[{"id":149688,"href":"http:\/\/elcuartopoder.com.mx\/nw\/wp-json\/wp\/v2\/posts\/149686\/revisions\/149688"}],"wp:featuredmedia":[{"embeddable":true,"href":"http:\/\/elcuartopoder.com.mx\/nw\/wp-json\/wp\/v2\/media\/149687"}],"wp:attachment":[{"href":"http:\/\/elcuartopoder.com.mx\/nw\/wp-json\/wp\/v2\/media?parent=149686"}],"wp:term":[{"taxonomy":"category","embeddable":true,"href":"http:\/\/elcuartopoder.com.mx\/nw\/wp-json\/wp\/v2\/categories?post=149686"},{"taxonomy":"post_tag","embeddable":true,"href":"http:\/\/elcuartopoder.com.mx\/nw\/wp-json\/wp\/v2\/tags?post=149686"}],"curies":[{"name":"wp","href":"https:\/\/api.w.org\/{rel}","templated":true}]}}