{"id":149692,"date":"2026-08-31T07:30:00","date_gmt":"2026-08-31T12:30:00","guid":{"rendered":"https:\/\/elcuartopoder.com.mx\/nw\/?p=149692"},"modified":"2026-08-30T20:59:11","modified_gmt":"2026-08-31T01:59:11","slug":"atacan-a-balazos-a-fundadora-de-colectivo-de-madres-buscadoras","status":"publish","type":"post","link":"http:\/\/elcuartopoder.com.mx\/nw\/destacadas\/atacan-a-balazos-a-fundadora-de-colectivo-de-madres-buscadoras\/","title":{"rendered":"Atacan a balazos a fundadora de colectivo de madres buscadoras"},"content":{"rendered":"\n<p class=\"wp-block-paragraph\">Alma Rosa Rojo Medina y su nieta fueron atacadas a balazos en Culiac\u00e1n. Fiscal\u00eda investiga tentativa de feminicidio.<\/p>\n\n\n\n<p class=\"wp-block-paragraph\">Hombres armados atacaron a balazos a Alma Rosa Rojo Medina, fundadora del colectivo \u00abVoces Unidas por la Vida\u00bb, y a su nieta en Culiac\u00e1n, Sinaloa. Ambas resultaron heridas y permanecen hospitalizadas bajo resguardo policial.<\/p>\n\n\n\n<p class=\"wp-block-paragraph\">El atentado se registr\u00f3 en la colonia Estela Ortiz de la capital sinaloense. Alma Rosa Rojo Medina circulaba a bordo de un veh\u00edculo modelo Yaris sobre la avenida Jes\u00fas Silva Herzog cuando varios sujetos con armas de fuego le cerraron el paso.<\/p>\n\n\n\n<p class=\"wp-block-paragraph\">Los agresores dispararon en m\u00faltiples ocasiones contra el autom\u00f3vil, dejando lesionadas a la activista y a su nieta. Tras la r\u00e1faga de disparos, corporaciones de seguridad estatal y fuerzas federales implementaron un despliegue operativo en la zona para dar con los responsables; sin embargo, no se reportaron personas detenidas por estos hechos.<\/p>\n\n\n\n<p class=\"wp-block-paragraph\">Ambas v\u00edctimas fueron trasladadas de emergencia a un centro hospitalario de la ciudad, donde permanecen internadas bajo estricta vigilancia m\u00e9dica y resguardo de las autoridades.<\/p>\n\n\n\n<h2 class=\"wp-block-heading\">Fiscal\u00eda investiga tentativa de feminicidio<\/h2>\n\n\n\n<p class=\"wp-block-paragraph\">La Fiscal\u00eda General del Estado de Sinaloa inici\u00f3 una carpeta de investigaci\u00f3n por el delito de feminicidio en grado de tentativa.<\/p>\n\n\n\n<p class=\"wp-block-paragraph\">A trav\u00e9s de un comunicado oficial, la instituci\u00f3n inform\u00f3 que la principal l\u00ednea de investigaci\u00f3n busca determinar si la agresi\u00f3n armada est\u00e1 vinculada con la labor que desempe\u00f1a Rojo Medina en la localizaci\u00f3n de personas no localizadas en la entidad.<\/p>\n\n\n\n<p class=\"wp-block-paragraph\">Alma Rosa Rojo Medina fund\u00f3 el colectivo \u00abVoces Unidas por la Vida\u00bb hace m\u00e1s de una d\u00e9cada, impulsada por la b\u00fasqueda de su hermano desaparecido, trabajo que la convirti\u00f3 en una de las activistas m\u00e1s visibles de la regi\u00f3n.<\/p>\n\n\n\n<h2 class=\"wp-block-heading\">Atacan a fundadora de colectivo de madres buscadoras<\/h2>\n\n\n\n<ul class=\"wp-block-list\">\n<li><strong>V\u00edctimas<\/strong>:\u00a0Alma Rosa Rojo Medina, fundadora del colectivo \u00abVoces Unidas por la Vida\u00bb, y su nieta.<\/li>\n\n\n\n<li><strong>Lugar<\/strong>\u00a0del ataque:\u00a0Avenida Jes\u00fas Silva Herzog, colonia Estela Ortiz, en Culiac\u00e1n, Sinaloa.<\/li>\n\n\n\n<li><strong>Veh\u00edculo involucrado<\/strong>:\u00a0Un autom\u00f3vil Toyota Yaris en el que viajaban las v\u00edctimas.<\/li>\n\n\n\n<li><strong>M\u00f3vil en investigaci\u00f3n<\/strong>:\u00a0Atentado directamente relacionado con su labor de b\u00fasqueda de personas desaparecidas.<\/li>\n\n\n\n<li><strong>Estatus de los agresores<\/strong>:\u00a0Pr\u00f3fugos; autoridades desplegaron un operativo sin lograr detenciones iniciales.<\/li>\n<\/ul>\n\n\n\n<p class=\"wp-block-paragraph\">Fuente: SIPSE<\/p>\n","protected":false},"excerpt":{"rendered":"<p>Alma Rosa Rojo Medina y su nieta fueron atacadas a balazos en Culiac\u00e1n. Fiscal\u00eda investiga tentativa de feminicidio. Hombres armados atacaron a balazos a Alma Rosa Rojo Medina, fundadora del colectivo \u00abVoces Unidas por la Vida\u00bb, y a su nieta en Culiac\u00e1n, Sinaloa. Ambas resultaron heridas y permanecen hospitalizadas bajo resguardo policial. El atentado se [&hellip;]<\/p>\n","protected":false},"author":2,"featured_media":149693,"comment_status":"open","ping_status":"open","sticky":false,"template":"","format":"standard","meta":{"footnotes":""},"categories":[59],"tags":[],"class_list":["post-149692","post","type-post","status-publish","format-standard","has-post-thumbnail","hentry","category-destacadas"],"_links":{"self":[{"href":"http:\/\/elcuartopoder.com.mx\/nw\/wp-json\/wp\/v2\/posts\/149692","targetHints":{"allow":["GET"]}}],"collection":[{"href":"http:\/\/elcuartopoder.com.mx\/nw\/wp-json\/wp\/v2\/posts"}],"about":[{"href":"http:\/\/elcuartopoder.com.mx\/nw\/wp-json\/wp\/v2\/types\/post"}],"author":[{"embeddable":true,"href":"http:\/\/elcuartopoder.com.mx\/nw\/wp-json\/wp\/v2\/users\/2"}],"replies":[{"embeddable":true,"href":"http:\/\/elcuartopoder.com.mx\/nw\/wp-json\/wp\/v2\/comments?post=149692"}],"version-history":[{"count":1,"href":"http:\/\/elcuartopoder.com.mx\/nw\/wp-json\/wp\/v2\/posts\/149692\/revisions"}],"predecessor-version":[{"id":149694,"href":"http:\/\/elcuartopoder.com.mx\/nw\/wp-json\/wp\/v2\/posts\/149692\/revisions\/149694"}],"wp:featuredmedia":[{"embeddable":true,"href":"http:\/\/elcuartopoder.com.mx\/nw\/wp-json\/wp\/v2\/media\/149693"}],"wp:attachment":[{"href":"http:\/\/elcuartopoder.com.mx\/nw\/wp-json\/wp\/v2\/media?parent=149692"}],"wp:term":[{"taxonomy":"category","embeddable":true,"href":"http:\/\/elcuartopoder.com.mx\/nw\/wp-json\/wp\/v2\/categories?post=149692"},{"taxonomy":"post_tag","embeddable":true,"href":"http:\/\/elcuartopoder.com.mx\/nw\/wp-json\/wp\/v2\/tags?post=149692"}],"curies":[{"name":"wp","href":"https:\/\/api.w.org\/{rel}","templated":true}]}}