{"id":149695,"date":"2026-08-31T08:21:39","date_gmt":"2026-08-31T13:21:39","guid":{"rendered":"https:\/\/elcuartopoder.com.mx\/nw\/?p=149695"},"modified":"2026-08-31T08:21:41","modified_gmt":"2026-08-31T13:21:41","slug":"exigen-traslado-de-especimenes-del-delfinario-clausurado-en-cancun","status":"publish","type":"post","link":"http:\/\/elcuartopoder.com.mx\/nw\/estatales\/exigen-traslado-de-especimenes-del-delfinario-clausurado-en-cancun\/","title":{"rendered":"Exigen traslado de espec\u00edmenes del delfinario clausurado en Canc\u00fan"},"content":{"rendered":"\n<p class=\"wp-block-paragraph\">Activistas piden llevarlos a corrales marinos para mejorar su bienestar y mantener vigilancia veterinaria especializada.<\/p>\n\n\n\n<p class=\"wp-block-paragraph\">Activistas y organizaciones de\u00a0<strong>bienestar animal i<\/strong>mpulsan una petici\u00f3n e<strong>n Change.org<\/strong>\u00a0para exigir el traslado inmediato de nueve delfines que permanecen en las instalaciones del delfinario contiguo a Ventura Park, en la zona hotelera de Canc\u00fan, clausurado por la<strong>\u00a0Procuradur\u00eda Federal de Protecci\u00f3n al Ambiente (Profepa)<\/strong>\u00a0en octubre de 2025.<\/p>\n\n\n\n<h2 class=\"wp-block-heading\">\u00bfQu\u00e9 ocurre con los delfines de Canc\u00fan?<\/h2>\n\n\n\n<p class=\"wp-block-paragraph\">Los ejemplares \u2014<strong>dos hembras y siete machos<\/strong>\u2014 se encuentran bajo resguardo de la Profepa y padecen enfermedades cr\u00f3nicas graves, entre ellas inflamaciones oculares, lesiones dentales severas y problemas gastrointestinales y respiratorios. En al menos un caso, se reporta un carcinoma que afecta la lengua.<\/p>\n\n\n\n<p class=\"wp-block-paragraph\">Tres de ellos&nbsp;<strong>(Mincho, Solei y Ocean\u00eda)<\/strong>&nbsp;est\u00e1n en estado cr\u00edtico y, seg\u00fan evaluaciones m\u00e9dicas, no son candidatos a un traslado inmediato.<\/p>\n\n\n\n<p class=\"wp-block-paragraph\">Los otros seis podr\u00edan iniciar un proceso de<strong>&nbsp;estabilizaci\u00f3n y preparaci\u00f3n para su eventual reubicaci\u00f3n&nbsp;<\/strong>a corrales marinos, aunque el procedimiento tomar\u00eda meses debido a los protocolos sanitarios y al riesgo que implica el movimiento.<\/p>\n\n\n\n<h2 class=\"wp-block-heading\">\u00bfC\u00f3mo se plantea el traslado?<\/h2>\n\n\n\n<p class=\"wp-block-paragraph\">La petici\u00f3n en Change.org, impulsada po<strong>r Empty The Tanks M\u00e9xico,<\/strong>&nbsp;solicita a la Secretar\u00eda de Medio Ambiente y Recursos Naturales (Semarnat), a la Profepa, al Gobierno de Quintana Roo y a la empresa que implementen un plan urgente para llevar a los delfines a los corrales marinos de Isla Mujeres o Chankanaab, en Cozumel, donde podr\u00edan vivir en agua de mar natural y recibir atenci\u00f3n veterinaria especializada.<\/p>\n\n\n\n<p class=\"wp-block-paragraph\">Organizaciones como Veeleaf y el Grupo Ecologista del Mayab han documentado que los animales permanecen en albercas de concreto con movilidad limitada, exposici\u00f3n prolongada al sol y condiciones que agravan su estado de salud.<\/p>\n\n\n\n<p class=\"wp-block-paragraph\"><strong>La Profepa<\/strong>&nbsp;ha informado que mantiene evaluaciones cl\u00ednicas diarias, estudios de laboratorio y monitoreo permanente, y que el traslado no puede realizarse de manera inmediata debido a la condici\u00f3n delicada de los ejemplares.<\/p>\n\n\n\n<p class=\"wp-block-paragraph\">El caso mantiene en el centro del debate el futuro de los mam\u00edferos marinos en cautiverio en Quintana Roo, estado que concentra m\u00e1s de la mitad de los delfinarios autorizados en el pa\u00eds.<\/p>\n\n\n\n<p class=\"wp-block-paragraph\">Fuente: SIPSE<\/p>\n","protected":false},"excerpt":{"rendered":"<p>Activistas piden llevarlos a corrales marinos para mejorar su bienestar y mantener vigilancia veterinaria especializada. Activistas y organizaciones de\u00a0bienestar animal impulsan una petici\u00f3n en Change.org\u00a0para exigir el traslado inmediato de nueve delfines que permanecen en las instalaciones del delfinario contiguo a Ventura Park, en la zona hotelera de Canc\u00fan, clausurado por la\u00a0Procuradur\u00eda Federal de Protecci\u00f3n [&hellip;]<\/p>\n","protected":false},"author":2,"featured_media":149696,"comment_status":"open","ping_status":"open","sticky":false,"template":"","format":"standard","meta":{"footnotes":""},"categories":[60],"tags":[],"class_list":["post-149695","post","type-post","status-publish","format-standard","has-post-thumbnail","hentry","category-estatales"],"_links":{"self":[{"href":"http:\/\/elcuartopoder.com.mx\/nw\/wp-json\/wp\/v2\/posts\/149695","targetHints":{"allow":["GET"]}}],"collection":[{"href":"http:\/\/elcuartopoder.com.mx\/nw\/wp-json\/wp\/v2\/posts"}],"about":[{"href":"http:\/\/elcuartopoder.com.mx\/nw\/wp-json\/wp\/v2\/types\/post"}],"author":[{"embeddable":true,"href":"http:\/\/elcuartopoder.com.mx\/nw\/wp-json\/wp\/v2\/users\/2"}],"replies":[{"embeddable":true,"href":"http:\/\/elcuartopoder.com.mx\/nw\/wp-json\/wp\/v2\/comments?post=149695"}],"version-history":[{"count":1,"href":"http:\/\/elcuartopoder.com.mx\/nw\/wp-json\/wp\/v2\/posts\/149695\/revisions"}],"predecessor-version":[{"id":149697,"href":"http:\/\/elcuartopoder.com.mx\/nw\/wp-json\/wp\/v2\/posts\/149695\/revisions\/149697"}],"wp:featuredmedia":[{"embeddable":true,"href":"http:\/\/elcuartopoder.com.mx\/nw\/wp-json\/wp\/v2\/media\/149696"}],"wp:attachment":[{"href":"http:\/\/elcuartopoder.com.mx\/nw\/wp-json\/wp\/v2\/media?parent=149695"}],"wp:term":[{"taxonomy":"category","embeddable":true,"href":"http:\/\/elcuartopoder.com.mx\/nw\/wp-json\/wp\/v2\/categories?post=149695"},{"taxonomy":"post_tag","embeddable":true,"href":"http:\/\/elcuartopoder.com.mx\/nw\/wp-json\/wp\/v2\/tags?post=149695"}],"curies":[{"name":"wp","href":"https:\/\/api.w.org\/{rel}","templated":true}]}}