{"id":149698,"date":"2026-08-31T09:07:12","date_gmt":"2026-08-31T14:07:12","guid":{"rendered":"https:\/\/elcuartopoder.com.mx\/nw\/?p=149698"},"modified":"2026-08-31T09:07:14","modified_gmt":"2026-08-31T14:07:14","slug":"la-ruta-de-la-sandia-necesita-una-carretera-a-la-altura-de-su-produccion","status":"publish","type":"post","link":"http:\/\/elcuartopoder.com.mx\/nw\/municipales\/la-ruta-de-la-sandia-necesita-una-carretera-a-la-altura-de-su-produccion\/","title":{"rendered":"La ruta de la sand\u00eda necesita una carretera a la altura de su producci\u00f3n"},"content":{"rendered":"\n<p class=\"wp-block-paragraph\"><strong>JOS\u00c9 MAR\u00cdA MORELOS, MX.-<\/strong>&nbsp;El crecimiento de la actividad agr\u00edcola en la zona de Candelaria y Puerto Arturo hace cada vez m\u00e1s necesaria la ampliaci\u00f3n o rehabilitaci\u00f3n de la carretera que comunica con el entronque de Santa Gertrudis, debido al constante paso de tr\u00e1ileres, motocicletas y veh\u00edculos particulares.<\/p>\n\n\n\n<p class=\"wp-block-paragraph\">Edilberto Medina Orteg\u00f3n, productor activo y exautoridad de la zona, se\u00f1al\u00f3 que las condiciones actuales del camino representan un riesgo para quienes lo utilizan diariamente, especialmente por el incremento del tr\u00e1nsito durante la temporada de cosecha de sand\u00eda.<\/p>\n\n\n\n<p class=\"wp-block-paragraph\">\u201cYa estamos creo que a unos cuantos meses para la siembra de sand\u00eda otra vez de nuevo y el camino sigue igual. Yo pienso que s\u00ed ser\u00eda un detonante en la zona que pues ya se ampl\u00ede la carretera o se remodele\u201d, expres\u00f3.<\/p>\n\n\n\n<p class=\"wp-block-paragraph\">Explic\u00f3 que el movimiento vehicular no se limita a la temporada agr\u00edcola, pues diariamente productores y compradores ingresan a la zona en busca de mercanc\u00eda, adem\u00e1s del traslado de habitantes de comunidades como Reforma, San Felipe y Kancabchen.<\/p>\n\n\n\n<p class=\"wp-block-paragraph\">\u201cHay un acceso, si no me equivoco, diario no baja de 100 carros entrar a buscar el producto en la zona. Entonces imag\u00ednate el riesgo que corre la gente que transita\u201d, advirti\u00f3.<\/p>\n\n\n\n<p class=\"wp-block-paragraph\">Medina Orteg\u00f3n consider\u00f3 que existe un proyecto para mejorar esta v\u00eda que estar\u00eda en proceso administrativo, por lo que confi\u00f3 en que pueda concretarse este a\u00f1o o el pr\u00f3ximo, antes de que el aumento de la actividad agr\u00edcola vuelva a elevar el riesgo para quienes utilizan diariamente este camino.<\/p>\n\n\n\n<p class=\"wp-block-paragraph\">Fuente: <strong>Noticaribe<\/strong><\/p>\n","protected":false},"excerpt":{"rendered":"<p>JOS\u00c9 MAR\u00cdA MORELOS, MX.-&nbsp;El crecimiento de la actividad agr\u00edcola en la zona de Candelaria y Puerto Arturo hace cada vez m\u00e1s necesaria la ampliaci\u00f3n o rehabilitaci\u00f3n de la carretera que comunica con el entronque de Santa Gertrudis, debido al constante paso de tr\u00e1ileres, motocicletas y veh\u00edculos particulares. Edilberto Medina Orteg\u00f3n, productor activo y exautoridad de [&hellip;]<\/p>\n","protected":false},"author":2,"featured_media":149699,"comment_status":"open","ping_status":"open","sticky":false,"template":"","format":"standard","meta":{"footnotes":""},"categories":[20,6],"tags":[],"class_list":["post-149698","post","type-post","status-publish","format-standard","has-post-thumbnail","hentry","category-jose-maria-morelos","category-municipales"],"_links":{"self":[{"href":"http:\/\/elcuartopoder.com.mx\/nw\/wp-json\/wp\/v2\/posts\/149698","targetHints":{"allow":["GET"]}}],"collection":[{"href":"http:\/\/elcuartopoder.com.mx\/nw\/wp-json\/wp\/v2\/posts"}],"about":[{"href":"http:\/\/elcuartopoder.com.mx\/nw\/wp-json\/wp\/v2\/types\/post"}],"author":[{"embeddable":true,"href":"http:\/\/elcuartopoder.com.mx\/nw\/wp-json\/wp\/v2\/users\/2"}],"replies":[{"embeddable":true,"href":"http:\/\/elcuartopoder.com.mx\/nw\/wp-json\/wp\/v2\/comments?post=149698"}],"version-history":[{"count":1,"href":"http:\/\/elcuartopoder.com.mx\/nw\/wp-json\/wp\/v2\/posts\/149698\/revisions"}],"predecessor-version":[{"id":149700,"href":"http:\/\/elcuartopoder.com.mx\/nw\/wp-json\/wp\/v2\/posts\/149698\/revisions\/149700"}],"wp:featuredmedia":[{"embeddable":true,"href":"http:\/\/elcuartopoder.com.mx\/nw\/wp-json\/wp\/v2\/media\/149699"}],"wp:attachment":[{"href":"http:\/\/elcuartopoder.com.mx\/nw\/wp-json\/wp\/v2\/media?parent=149698"}],"wp:term":[{"taxonomy":"category","embeddable":true,"href":"http:\/\/elcuartopoder.com.mx\/nw\/wp-json\/wp\/v2\/categories?post=149698"},{"taxonomy":"post_tag","embeddable":true,"href":"http:\/\/elcuartopoder.com.mx\/nw\/wp-json\/wp\/v2\/tags?post=149698"}],"curies":[{"name":"wp","href":"https:\/\/api.w.org\/{rel}","templated":true}]}}