{"id":149712,"date":"2026-08-31T09:30:17","date_gmt":"2026-08-31T14:30:17","guid":{"rendered":"https:\/\/elcuartopoder.com.mx\/nw\/?p=149712"},"modified":"2026-08-31T09:30:19","modified_gmt":"2026-08-31T14:30:19","slug":"por-que-tienes-que-releer-cien-anos-de-soledad-el-libro-de-garcia-marquez-en-el-que-se-inspiran-los-proximos-conciertos-de-shakira-en-madrid","status":"publish","type":"post","link":"http:\/\/elcuartopoder.com.mx\/nw\/entretenimiento\/espectaculos\/por-que-tienes-que-releer-cien-anos-de-soledad-el-libro-de-garcia-marquez-en-el-que-se-inspiran-los-proximos-conciertos-de-shakira-en-madrid\/","title":{"rendered":"Por qu\u00e9 tienes que (re)leer Cien a\u00f1os de soledad, el libro de Garc\u00eda M\u00e1rquez en el que se inspiran los pr\u00f3ximos conciertos de Shakira en Madrid"},"content":{"rendered":"\n<p class=\"wp-block-paragraph\">En Macondo habita el realismo m\u00e1gico de Garc\u00eda M\u00e1rquez. El de los Buend\u00eda y sus Cien a\u00f1os de soledad. Ahora, la tambi\u00e9n colombiana Shakira lo recrea para su pr\u00f3xima residencia musical en Madrid. El oto\u00f1o de la diva.<\/p>\n\n\n\n<p class=\"wp-block-paragraph\">Ambos son colombianos y muy populares, cada uno a su manera. Los une\u00a0<strong>Barranquilla<\/strong>. En esta gran metr\u00f3poli portuaria donde siempre es verano\u00a0vino al mundo Shakira\u00a0y se curti\u00f3 literaria y period\u00edsticamente, en medio de la bohemia,\u00a0Gabriel Garc\u00eda M\u00e1rquez. El Premio Nobel hab\u00eda nacido no lejos de all\u00ed, en Aracataca. La ciudad m\u00e1gica rodeada de bananos que inspir\u00f3 el\u00a0<strong>Macondo<\/strong>\u00a0de su novela\u00a0<em><strong>Cien a\u00f1os de soledad<\/strong><\/em>\u00a0(1967), aunque ya hab\u00eda aparecido en\u00a0<em>La hojarasca<\/em>\u00a0(1955), por primera vez, y en\u00a0<em>Los funerales de la Mam\u00e1 Grande<\/em>\u00a0(1962). Y no ser\u00eda la \u00faltima. Todo muy caribe\u00f1o.<\/p>\n\n\n\n<p class=\"wp-block-paragraph\">Ahora, en este otro lado del charco y tierra adentro, la poblaci\u00f3n que fund\u00f3 el so\u00f1ador Jos\u00e9 Arcadio Buend\u00eda ha servido, a su vez, de inspiraci\u00f3n a Shakira Isabel Mebarak Ripoll para montar todo un mundo alrededor del escenario que acoger\u00e1 su\u00a0<strong>residencia musical en Madrid<\/strong>. El universo de sus\u00a0<strong>12 conciertos<\/strong>\u00a0dentro de la gira\u00a0<em>Las mujeres ya no lloran<\/em>, desde el 18 de septiembre hasta el 11 de octubre, se expande por las 15 hect\u00e1reas del recinto Iberdrola Music, distrito de Villaverde, con el nombre de\u00a0<strong>Mundo Macondo\u00a0<\/strong>(o Macondo Park). Cu\u00e1nto tiene de realismo m\u00e1gico ya se ver\u00e1.<br>El&nbsp;<strong>Estadio Shakira<\/strong>, dentro de este particular Macondo, ha sido dise\u00f1ado por el estudio del arquitecto dan\u00e9s Bjarke Ingels,&nbsp;<strong>BIG<\/strong>. Todo a lo grande. Un estadio con capacidad para 50.000 personas, distribuidas en 30.000 asientos escalonados y 20.000 en la arena. Los arquitectos han creado senderos curvos, cubiertos parcialmente por toldos de tela reciclada, para conectar espacios de ocio, zonas gastron\u00f3micas y \u00e1reas infantiles (un Macondito). No falta ni la librer\u00eda. Se trata de celebrar la cultura latina de noche, pero tambi\u00e9n de d\u00eda. Ser\u00e1 una&nbsp;<strong>ciudad ef\u00edmera<\/strong>, condenada a desaparecer, como el verdadero Macondo.<\/p>\n\n\n\n<h3 class=\"wp-block-heading\">Regreso a Macondo<\/h3>\n\n\n\n<p class=\"wp-block-paragraph\">Si\u00a0La Odisea de Christopher Nolan\u00a0ha significado el regreso a la\u00a0<em>Odisea<\/em>\u00a0de Homero -o eso queremos pensar-, Shakira nos brinda la ocasi\u00f3n perfecta para volver a Macondo. Netflix ya hizo lo propio con la\u00a0<strong>serie\u00a0<em>Cien a\u00f1os de soledad<\/em><\/strong>, dirigida por Laura Mora y Carlos Moreno, y rodada \u00edntegramente en Colombia y en espa\u00f1ol. Como en el poema hom\u00e9rico, estamos ante uno de los\u00a0<strong>comienzos m\u00e1s memorables<\/strong>\u00a0de la literatura universal: \u00abMuchos a\u00f1os despu\u00e9s, frente al pelot\u00f3n de fusilamiento, el coronel Aureliano Buend\u00eda hab\u00eda de recordar aquella tarde remota en que su padre lo llev\u00f3 a conocer el hielo\u00bb.<\/p>\n\n\n\n<figure class=\"wp-block-image size-full\"><img loading=\"lazy\" decoding=\"async\" width=\"650\" height=\"650\" src=\"https:\/\/elcuartopoder.com.mx\/nw\/wp-content\/uploads\/2026\/08\/image-5.png\" alt=\"\" class=\"wp-image-149715\" srcset=\"http:\/\/elcuartopoder.com.mx\/nw\/wp-content\/uploads\/2026\/08\/image-5.png 650w, http:\/\/elcuartopoder.com.mx\/nw\/wp-content\/uploads\/2026\/08\/image-5-300x300.png 300w, http:\/\/elcuartopoder.com.mx\/nw\/wp-content\/uploads\/2026\/08\/image-5-150x150.png 150w\" sizes=\"auto, (max-width: 650px) 100vw, 650px\" \/><\/figure>\n\n\n\n<p class=\"wp-block-paragraph\">Lo que viene a continuaci\u00f3n, precisamente, es la presentaci\u00f3n del Macondo de los principios: \u00abMacondo era entonces una aldea de veinte casas de barro y ca\u00f1abrava construidas a la orilla de un r\u00edo de aguas di\u00e1fanas que se precipitaban por un lecho de piedras pulidas, blancas y enormes como huevos prehist\u00f3ricos\u00bb. Las razones para seguir leyendo son innumerables. Empezando por la construcci\u00f3n de este\u00a0<strong>territorio m\u00edtico<\/strong>. Como hab\u00eda hecho Faulkner con el condado de Yoknapatawpha, Onetti con Santa Mar\u00eda, Juan Rulfo con Comala o m\u00e1s recientemente, bebiendo de todas estas fuentes,\u00a0David Ucl\u00e9s con el J\u00e1ndula\u00a0de su<em>\u00a0Pen\u00ednsula de las casas vac\u00edas<\/em>.<\/p>\n\n\n\n<h3 class=\"wp-block-heading\">Por qu\u00e9 leer Cien a\u00f1os de soledad<\/h3>\n\n\n\n<p class=\"wp-block-paragraph\">Estos\u00a0<em>Cien a\u00f1os de soledad<\/em>, que su autor compuso en dieciocho meses a partir de 1965, son una lecci\u00f3n magistral de lo que es el realismo m\u00e1gico, lo real maravilloso. Los sucesos sobrenaturales presentados como el pan nuestro de cada d\u00eda.\u00a0<strong>Remedios la Bella asciende al cielo<\/strong>\u00a0mientras dobla s\u00e1banas de bramante con Fernanda del Carpio, y se pierde para siempre \u00aben los altos aires donde no pod\u00edan alcanzarla ni los m\u00e1s bellos p\u00e1jaros de la memoria\u00bb. Llueven peque\u00f1as flores amarillas durante toda una noche al morir Jos\u00e9 Arcadio Buend\u00eda. Una epidemia de insomnio causa p\u00e9rdida de memoria en los habitantes de Macondo. Y los muertos est\u00e1n m\u00e1s que vivos.<\/p>\n\n\n\n<p class=\"wp-block-paragraph\">\u00bfM\u00e1gico? S\u00ed, pero tambi\u00e9n real. Cuando le dieron el\u00a0Premio Nobel de Literatura, Garc\u00eda M\u00e1rquez aprovech\u00f3 para aclarar que las historias no hab\u00edan salido de su alabada imaginaci\u00f3n, sino que se las hab\u00eda contado su abuela, con quien vivi\u00f3 hasta los ocho a\u00f1os. Una\u00a0<strong>abuela<\/strong>\u00a0que se llamaba\u00a0<strong>Tranquilina Iguar\u00e1n Cotes<\/strong>, hija de emigrantes gallegos y casada con el coronel Nicol\u00e1s Ricardo M\u00e1rquez Mej\u00eda. Madre y padre de Luisa Santiaga M\u00e1rquez, esposa de Gabriel Eligio Garc\u00eda. El \u00e1rbol geneal\u00f3gico est\u00e1 hecho. Este coronel Nicol\u00e1s fue, en realidad, el que llev\u00f3 al peque\u00f1o Gabriel a\u00a0<strong>ver el hielo<\/strong>\u00a0al comisariato de la compa\u00f1\u00eda bananera. La magia que poblaba Aracataca y que poblar\u00e1 siempre Macondo termina truncada por el progreso.<\/p>\n\n\n\n<h3 class=\"wp-block-heading\">La saga de los Buend\u00eda<\/h3>\n\n\n\n<p class=\"wp-block-paragraph\">Dicho lo cual, no puede extra\u00f1ar que el escritor sintiera en carne propia la muerte del<strong>&nbsp;coronel Aureliano<\/strong>, al que \u00e9l mismo hab\u00eda sentenciado, confirmando adem\u00e1s hasta qu\u00e9 punto los personajes adquieren vida propia. Por su parte, el lector va viendo c\u00f3mo desfilan por esta monumental obra hasta&nbsp;<strong>siete generaciones de los Buend\u00eda<\/strong>, que terminan pareci\u00e9ndole como de la familia, con nombres que se repiten incesantemente y condenados a heredar las locuras y repetir la historia de sus antepasados.<\/p>\n\n\n\n<figure class=\"wp-block-image size-full\"><img loading=\"lazy\" decoding=\"async\" width=\"748\" height=\"524\" src=\"https:\/\/elcuartopoder.com.mx\/nw\/wp-content\/uploads\/2026\/08\/image-4.png\" alt=\"\" class=\"wp-image-149714\" srcset=\"http:\/\/elcuartopoder.com.mx\/nw\/wp-content\/uploads\/2026\/08\/image-4.png 748w, http:\/\/elcuartopoder.com.mx\/nw\/wp-content\/uploads\/2026\/08\/image-4-300x210.png 300w, http:\/\/elcuartopoder.com.mx\/nw\/wp-content\/uploads\/2026\/08\/image-4-100x70.png 100w, http:\/\/elcuartopoder.com.mx\/nw\/wp-content\/uploads\/2026\/08\/image-4-696x488.png 696w\" sizes=\"auto, (max-width: 748px) 100vw, 748px\" \/><\/figure>\n\n\n\n<p class=\"wp-block-paragraph\">Mientras, Macondo contin\u00faa abon\u00e1ndose para crecer m\u00e1s y m\u00e1s como terreno encantado, con sus cuitas,&nbsp;<strong>sus milagros y sus exageraciones<\/strong>. Como cuando Aureliano Segundo decide empapelar su casa con billetes, \u00abinclusive los ba\u00f1os y dormitorios\u00bb, en plena \u00abglorificaci\u00f3n del despilfarro\u00bb. Cuando Jos\u00e9 Arcadio Buend\u00eda aumenta de peso y se necesitan siete hombres para llevarlo a rastras a la cama desde el casta\u00f1o en el que se hab\u00eda instalado. O cuando la lluvia tropical dura cuatro a\u00f1os, once meses y dos d\u00edas. Por no hablar de los&nbsp;<strong>17 hijos varones del coronel<\/strong>&nbsp;de 17 mujeres distintas, o los 32 levantamientos armados que hab\u00eda promovido, sin \u00e9xito.<\/p>\n\n\n\n<h3 class=\"wp-block-heading\">Un Nobel para el realismo m\u00e1gico<\/h3>\n\n\n\n<p class=\"wp-block-paragraph\">En&nbsp;<em>Cien a\u00f1os de soledad<\/em>&nbsp;est\u00e1 lo culto y lo popular, lo b\u00edblico y lo po\u00e9tico. Hay un g\u00e9nesis, un \u00e9xodo, un para\u00edso terrenal, pues no se conoc\u00eda la muerte, y un patriarca. Y hay tambi\u00e9n bell\u00edsimas&nbsp;<strong>reflexiones sobre el amor<\/strong>. Por ejemplo, el que siente Aureliano hacia Remedios: \u00abLa casa se llen\u00f3 de amor. Aureliano lo expres\u00f3 en versos que no ten\u00edan principio ni fin. Los escrib\u00eda en los \u00e1speros pergaminos que le regalaba Melqu\u00edades, en las paredes del ba\u00f1o, en la piel de sus brazos, y en todos aparec\u00eda Remedios transfigurada: Remedios en el aire sopor\u00edfero de las dos de la tarde, Remedios en la callada respiraci\u00f3n de las rosas, Remedios en la clepsidra secreta de las polillas, Remedios en el vapor del pan al amanecer. Remedios en todas partes y Remedios para siempre\u00bb.<\/p>\n\n\n\n<figure class=\"wp-block-image size-full\"><img loading=\"lazy\" decoding=\"async\" width=\"650\" height=\"650\" src=\"https:\/\/elcuartopoder.com.mx\/nw\/wp-content\/uploads\/2026\/08\/image-3.png\" alt=\"\" class=\"wp-image-149713\" srcset=\"http:\/\/elcuartopoder.com.mx\/nw\/wp-content\/uploads\/2026\/08\/image-3.png 650w, http:\/\/elcuartopoder.com.mx\/nw\/wp-content\/uploads\/2026\/08\/image-3-300x300.png 300w, http:\/\/elcuartopoder.com.mx\/nw\/wp-content\/uploads\/2026\/08\/image-3-150x150.png 150w\" sizes=\"auto, (max-width: 650px) 100vw, 650px\" \/><\/figure>\n\n\n\n<p class=\"wp-block-paragraph\">Al final, todo es un juego de espejos, endiablada y divinamente literario en ese Macondo fundado por Jos\u00e9 Arcadio Buend\u00eda; su esposa, \u00darsula Iguar\u00e1n, y dem\u00e1s miembros de la expedici\u00f3n. La&nbsp;<strong>Academia Sueca<\/strong>&nbsp;premi\u00f3 a Garc\u00eda M\u00e1rquez \u00abpor sus novelas y cuentos, en los que lo fant\u00e1stico y lo realista se combinan en un mundo de imaginaci\u00f3n ricamente compuesto, que refleja la vida y los conflictos de un continente\u00bb.<\/p>\n\n\n\n<p class=\"wp-block-paragraph\">En su discurso de aceptaci\u00f3n del Nobel, que llam\u00f3&nbsp;<em>La soledad de Am\u00e9rica Latina<\/em>, ahond\u00f3 en esta otra dimensi\u00f3n que tambi\u00e9n tiene la novela. Como inventor de f\u00e1bulas, dijo creer en \u00abuna nueva y arrasadora utop\u00eda de la vida, donde nadie pueda decidir por otros hasta la forma de morir, donde de veras sea cierto el amor y sea posible la felicidad, y donde las estirpes condenadas a cien a\u00f1os de soledad tengan por fin y para siempre&nbsp;<strong>una segunda oportunidad sobre la tierra<\/strong>\u00bb. No iba vestido de frac, como requiere el protocolo, sino con el liquiliqui, traje tradicional de gala de Colombia y Venezuela.<\/p>\n\n\n\n<p class=\"wp-block-paragraph\">Fuente: mujerhoy<\/p>\n","protected":false},"excerpt":{"rendered":"<p>En Macondo habita el realismo m\u00e1gico de Garc\u00eda M\u00e1rquez. El de los Buend\u00eda y sus Cien a\u00f1os de soledad. Ahora, la tambi\u00e9n colombiana Shakira lo recrea para su pr\u00f3xima residencia musical en Madrid. El oto\u00f1o de la diva. Ambos son colombianos y muy populares, cada uno a su manera. Los une\u00a0Barranquilla. En esta gran metr\u00f3poli [&hellip;]<\/p>\n","protected":false},"author":2,"featured_media":149716,"comment_status":"open","ping_status":"open","sticky":false,"template":"","format":"standard","meta":{"footnotes":""},"categories":[11],"tags":[],"class_list":["post-149712","post","type-post","status-publish","format-standard","has-post-thumbnail","hentry","category-espectaculos"],"_links":{"self":[{"href":"http:\/\/elcuartopoder.com.mx\/nw\/wp-json\/wp\/v2\/posts\/149712","targetHints":{"allow":["GET"]}}],"collection":[{"href":"http:\/\/elcuartopoder.com.mx\/nw\/wp-json\/wp\/v2\/posts"}],"about":[{"href":"http:\/\/elcuartopoder.com.mx\/nw\/wp-json\/wp\/v2\/types\/post"}],"author":[{"embeddable":true,"href":"http:\/\/elcuartopoder.com.mx\/nw\/wp-json\/wp\/v2\/users\/2"}],"replies":[{"embeddable":true,"href":"http:\/\/elcuartopoder.com.mx\/nw\/wp-json\/wp\/v2\/comments?post=149712"}],"version-history":[{"count":1,"href":"http:\/\/elcuartopoder.com.mx\/nw\/wp-json\/wp\/v2\/posts\/149712\/revisions"}],"predecessor-version":[{"id":149717,"href":"http:\/\/elcuartopoder.com.mx\/nw\/wp-json\/wp\/v2\/posts\/149712\/revisions\/149717"}],"wp:featuredmedia":[{"embeddable":true,"href":"http:\/\/elcuartopoder.com.mx\/nw\/wp-json\/wp\/v2\/media\/149716"}],"wp:attachment":[{"href":"http:\/\/elcuartopoder.com.mx\/nw\/wp-json\/wp\/v2\/media?parent=149712"}],"wp:term":[{"taxonomy":"category","embeddable":true,"href":"http:\/\/elcuartopoder.com.mx\/nw\/wp-json\/wp\/v2\/categories?post=149712"},{"taxonomy":"post_tag","embeddable":true,"href":"http:\/\/elcuartopoder.com.mx\/nw\/wp-json\/wp\/v2\/tags?post=149712"}],"curies":[{"name":"wp","href":"https:\/\/api.w.org\/{rel}","templated":true}]}}