{"id":149724,"date":"2026-08-31T09:52:42","date_gmt":"2026-08-31T14:52:42","guid":{"rendered":"https:\/\/elcuartopoder.com.mx\/nw\/?p=149724"},"modified":"2026-08-31T09:52:44","modified_gmt":"2026-08-31T14:52:44","slug":"buscan-a-tres-jovenes-reportados-como-desaparecidos-en-chetumal-dos-son-estudiantes-de-la-uqroo","status":"publish","type":"post","link":"http:\/\/elcuartopoder.com.mx\/nw\/municipales\/buscan-a-tres-jovenes-reportados-como-desaparecidos-en-chetumal-dos-son-estudiantes-de-la-uqroo\/","title":{"rendered":"Buscan a tres j\u00f3venes reportados como desaparecidos en Chetumal; dos son estudiantes de la UQROO\u00a0"},"content":{"rendered":"\n<p class=\"wp-block-paragraph\"><strong><strong>C<\/strong>HETUMAL, MX.-<\/strong>\u00a0Tres j\u00f3venes, que fueron reportados como desaparecidos el pasado 28 de agosto, son buscados actualmente por las autoridades, luego de que familiares reportaran la p\u00e9rdida de contacto con ellos y la Fiscal\u00eda General del Estado activara las fichas de b\u00fasqueda para tratar de localizarlos.<\/p>\n\n\n\n<p class=\"wp-block-paragraph\">Los j\u00f3venes reportados como desaparecidos son Jonathan Farid Manzanilla Aguilar, de 20 a\u00f1os; Everardo Enrique Hern\u00e1ndez Manzanilla, de 23; y Luis Manuel Cervantes C\u00e1mara, de 21.<\/p>\n\n\n\n<p class=\"wp-block-paragraph\">Su desaparici\u00f3n fue reportada el 28 de agosto y las fichas de b\u00fasqueda fueron emitidas ayer por la Fiscal\u00eda,&nbsp; a trav\u00e9s de sus p\u00e1ginas oficiales.<\/p>\n\n\n\n<p class=\"wp-block-paragraph\">De acuerdo con la informaci\u00f3n emitida a trav\u00e9s de las fichas de b\u00fasqueda, los familiares hab\u00edan dejado de tener comunicaci\u00f3n con los tres j\u00f3venes desde el pasado viernes 28.<\/p>\n\n\n\n<p class=\"wp-block-paragraph\">Seg\u00fan las fichas, Jonathan es de cmplexi\u00f3n delgada, tez morena clara, 1.67 metros de estatura y 65 kg. Sus se\u00f1as particulares son un tatuaje de un sol en el lado izquierdo del pecho y una marca de nacimiento blanca en la nuca. Vest\u00eda camisa gris a cuadros con pantal\u00f3n de mezclilla rasgado, la \u00faltima vez que fue visto.<\/p>\n\n\n\n<p class=\"wp-block-paragraph\">Everardo Enrique Hern\u00e1ndez Manzanilla tambi\u00e9n es de complexi\u00f3n delgada, tez blanca, 1.67 metros de estatura y cabello casta\u00f1o claro. Sus se\u00f1as particulares son un tatuaje de un drag\u00f3n rojo y el nombre \u201cALE\u201d en el brazo izquierdo. Vest\u00eda playera negra, pantal\u00f3n de mezclilla y tenis blancos.<\/p>\n\n\n\n<p class=\"wp-block-paragraph\">Finalmente, Luis Manuel Cervantes C\u00e1mara es de complexi\u00f3n robusta, 1.76 metros de estatura y cabello ondulado negro. Sus se\u00f1as particulares son un lunar en el lado derecho de la barbilla y cicatriz debajo del labio inferior. Vest\u00eda playera negra Calvin Klein y tenis blancos Nike.<\/p>\n\n\n\n<p class=\"wp-block-paragraph\">Debido al reporte de los familiares, elementos policiacos y ministeriales implementaron ayer un fuerte operativo en diversos puntos de la capital del estado, para dar con el paradero de los j\u00f3venes.<\/p>\n\n\n\n<p class=\"wp-block-paragraph\">Hasta el momento, la Fiscal\u00eda General del Estado no ha confirmado el saldo de la movilizaci\u00f3n generada para localizar a los j\u00f3venes, ni tampoco una l\u00ednea de investigaci\u00f3n en torno a este caso.<\/p>\n\n\n\n<h2 class=\"wp-block-heading\">COMUNICADO DE LA UQROO<\/h2>\n\n\n\n<figure class=\"wp-block-image size-large\"><img loading=\"lazy\" decoding=\"async\" width=\"1024\" height=\"1024\" src=\"https:\/\/elcuartopoder.com.mx\/nw\/wp-content\/uploads\/2026\/08\/imgi_59_1000407783-1068x1068-1-1024x1024.jpg\" alt=\"\" class=\"wp-image-149726\" srcset=\"http:\/\/elcuartopoder.com.mx\/nw\/wp-content\/uploads\/2026\/08\/imgi_59_1000407783-1068x1068-1-1024x1024.jpg 1024w, http:\/\/elcuartopoder.com.mx\/nw\/wp-content\/uploads\/2026\/08\/imgi_59_1000407783-1068x1068-1-300x300.jpg 300w, http:\/\/elcuartopoder.com.mx\/nw\/wp-content\/uploads\/2026\/08\/imgi_59_1000407783-1068x1068-1-150x150.jpg 150w, http:\/\/elcuartopoder.com.mx\/nw\/wp-content\/uploads\/2026\/08\/imgi_59_1000407783-1068x1068-1-768x768.jpg 768w, http:\/\/elcuartopoder.com.mx\/nw\/wp-content\/uploads\/2026\/08\/imgi_59_1000407783-1068x1068-1-696x696.jpg 696w, http:\/\/elcuartopoder.com.mx\/nw\/wp-content\/uploads\/2026\/08\/imgi_59_1000407783-1068x1068-1.jpg 1068w\" sizes=\"auto, (max-width: 1024px) 100vw, 1024px\" \/><\/figure>\n\n\n\n<p class=\"wp-block-paragraph\">Por su parte, la Universidad Aut\u00f3noma del Estado de Quintana Roo (UQROO) inform\u00f3 esta ma\u00f1ana que, de acuerdo con sus registros institucionales, uno de los j\u00f3venes desaparecidos es estudiante activo de esta instituci\u00f3n y otro se encuentra actualmente en situaci\u00f3n de baja temporal.<\/p>\n\n\n\n<p class=\"wp-block-paragraph\">Lo anterior lo manifest\u00f3 la UQROO, mediante un breve comunicado en el que lanza un llamado a las autoridades y a la poblaci\u00f3n para contribuir en la localizaci\u00f3n de los tres j\u00f3venes reportados como desaparecidos.<\/p>\n\n\n\n<p class=\"wp-block-paragraph\">La m\u00e1xima casa de estudios del estado adem\u00e1s expres\u00f3 su preocupaci\u00f3n y extern\u00f3 su solidaridad con las familias de los j\u00f3venes.<\/p>\n\n\n\n<p class=\"wp-block-paragraph\">\u201cConfiamos en las acciones que realizan las autoridades competentes y hacemos un llamado a nuestra comunidad y a la sociedad a contribuir responsablemente con su b\u00fasqueda, compartiendo \u00fanicamente informaci\u00f3n proveniente de fuentes oficiales. Cualquier dato que pueda contribuir a su localizaci\u00f3n debe hacerse llegar directamente a las autoridades correspondiente\u201d, comunic\u00f3 finalmente la universidad.&nbsp;<\/p>\n\n\n\n<p class=\"wp-block-paragraph\">Fuente: NC<\/p>\n","protected":false},"excerpt":{"rendered":"<p>CHETUMAL, MX.-\u00a0Tres j\u00f3venes, que fueron reportados como desaparecidos el pasado 28 de agosto, son buscados actualmente por las autoridades, luego de que familiares reportaran la p\u00e9rdida de contacto con ellos y la Fiscal\u00eda General del Estado activara las fichas de b\u00fasqueda para tratar de localizarlos. Los j\u00f3venes reportados como desaparecidos son Jonathan Farid Manzanilla Aguilar, [&hellip;]<\/p>\n","protected":false},"author":2,"featured_media":149725,"comment_status":"open","ping_status":"open","sticky":false,"template":"","format":"standard","meta":{"footnotes":""},"categories":[6,12],"tags":[],"class_list":["post-149724","post","type-post","status-publish","format-standard","has-post-thumbnail","hentry","category-municipales","category-othon-p-blanco"],"_links":{"self":[{"href":"http:\/\/elcuartopoder.com.mx\/nw\/wp-json\/wp\/v2\/posts\/149724","targetHints":{"allow":["GET"]}}],"collection":[{"href":"http:\/\/elcuartopoder.com.mx\/nw\/wp-json\/wp\/v2\/posts"}],"about":[{"href":"http:\/\/elcuartopoder.com.mx\/nw\/wp-json\/wp\/v2\/types\/post"}],"author":[{"embeddable":true,"href":"http:\/\/elcuartopoder.com.mx\/nw\/wp-json\/wp\/v2\/users\/2"}],"replies":[{"embeddable":true,"href":"http:\/\/elcuartopoder.com.mx\/nw\/wp-json\/wp\/v2\/comments?post=149724"}],"version-history":[{"count":1,"href":"http:\/\/elcuartopoder.com.mx\/nw\/wp-json\/wp\/v2\/posts\/149724\/revisions"}],"predecessor-version":[{"id":149727,"href":"http:\/\/elcuartopoder.com.mx\/nw\/wp-json\/wp\/v2\/posts\/149724\/revisions\/149727"}],"wp:featuredmedia":[{"embeddable":true,"href":"http:\/\/elcuartopoder.com.mx\/nw\/wp-json\/wp\/v2\/media\/149725"}],"wp:attachment":[{"href":"http:\/\/elcuartopoder.com.mx\/nw\/wp-json\/wp\/v2\/media?parent=149724"}],"wp:term":[{"taxonomy":"category","embeddable":true,"href":"http:\/\/elcuartopoder.com.mx\/nw\/wp-json\/wp\/v2\/categories?post=149724"},{"taxonomy":"post_tag","embeddable":true,"href":"http:\/\/elcuartopoder.com.mx\/nw\/wp-json\/wp\/v2\/tags?post=149724"}],"curies":[{"name":"wp","href":"https:\/\/api.w.org\/{rel}","templated":true}]}}