{"id":149731,"date":"2026-08-31T10:25:19","date_gmt":"2026-08-31T15:25:19","guid":{"rendered":"https:\/\/elcuartopoder.com.mx\/nw\/?p=149731"},"modified":"2026-08-31T10:25:21","modified_gmt":"2026-08-31T15:25:21","slug":"al-despertar-el-pacto-narco-seguia-ahi","status":"publish","type":"post","link":"http:\/\/elcuartopoder.com.mx\/nw\/editorial\/al-despertar-el-pacto-narco-seguia-ahi\/","title":{"rendered":"Al despertar, el pacto-narco segu\u00eda ah\u00ed"},"content":{"rendered":"\n<p class=\"wp-block-paragraph\">La segunda parte de la narrativa las deslinda de toda relaci\u00f3n pasado y presente con Rub\u00e9n Rocha Moya e, incluso, hace que hablen mal de \u00e9l y del senador Inzunza<\/p>\n\n\n\n<p class=\"wp-block-paragraph\">Morena ha puesto en operaci\u00f3n un intento desesperado por deslindarse de la alianza del ex gobernador&nbsp;<strong>Rocha Moya con el C\u00e1rtel de Sinaloa.&nbsp;<\/strong>El nombramiento de&nbsp;<strong>Graciela Dom\u00ednguez Nava<\/strong>&nbsp;como gobernadora interina pretende llevar a su conclusi\u00f3n la administraci\u00f3n sinaloense hasta las elecciones de junio de 2027. El partido&nbsp;<strong>Morena&nbsp;<\/strong>tambi\u00e9n nombr\u00f3 a la senadora&nbsp;<strong>Imelda Castro<\/strong>&nbsp;<strong>Castro&nbsp;<\/strong>como precandidata a la gubernatura de Sinaloa para las elecciones de 2027.<\/p>\n\n\n\n<p class=\"wp-block-paragraph\">Los dos nombramientos fueron anunciados como bolas r\u00e1pidas para no dejar vac\u00edos en la pol\u00edtica. Ambos nombramientos fueron acompa\u00f1ados con una narrativa precisa, compuesta de dos partes.<\/p>\n\n\n\n<p class=\"wp-block-paragraph\">Primero se asegura que ambas son personas honestas y que no han tenido ninguna actividad relacionada con el C\u00e1rtel de Sinaloa, a pesar de haber sido funcionarias de confianza de primer nivel en el gobierno de Rocha y, en el caso de Imelda, de ser senadora de Morena por Sinaloa, junto con el&nbsp;<strong>senador Inzunza.<\/strong><\/p>\n\n\n\n<p class=\"wp-block-paragraph\">La segunda parte de la narrativa las deslinda de toda relaci\u00f3n pasado y presente con Rub\u00e9n Rocha Moya e, incluso, hace que hablen mal de \u00e9l y del senador Inzunza, p\u00fablicamente. Su ex jefe pol\u00edtico ahora resulta un personaje reprobable que cometi\u00f3 delitos que pueden ameritar una acci\u00f3n judicial.<\/p>\n\n\n\n<p class=\"wp-block-paragraph\">Los dos nombramientos y las dos narrativas exigen, para ser cre\u00edbles, la benevolencia e ignorancia del p\u00fablico. Porque la ciudadan\u00eda sinaloense y nacional deben aceptar la ins\u00f3lita noci\u00f3n de que ambas funcionarias nacieron la semana pasada. Seg\u00fan la versi\u00f3n oficialista, ambas carecen de pasado y su mega ceguera hizo que no se percataron de las andanzas criminales del gobierno al que serv\u00edan con ah\u00ednco y gran entusiasmo.<\/p>\n\n\n\n<p class=\"wp-block-paragraph\">El indictment de Estados Unidos en contra de Rocha y nueve funcionarios describe con detalle novelesco el funcionamiento del acuerdo. Es importante recordarlo porque no es un pacto te\u00f3rico o declarativo. Es todo lo contrario. Es un acuerdo donde el narco aporta a Morena dinero, armas y votos a cambio de colocar \u201csus\u201d funcionarios encabezando la Fiscal\u00eda del Estado, el Ministerio P\u00fablico, la polic\u00eda estatal, la Secretar\u00eda de Administraci\u00f3n y Finanzas y la Secretaria de Obras.<\/p>\n\n\n\n<p class=\"wp-block-paragraph\">Un negocio redondo para el C\u00e1rtel de Sinaloa. Nunca hubiera imaginado que tendr\u00edan ese nivel de acceso y control sobre la administraci\u00f3n p\u00fablica del Estado.<\/p>\n\n\n\n<p class=\"wp-block-paragraph\">Lo que subyace detr\u00e1s del fracaso de los miles de efectivos federales en su esfuerzo por controlar la violencia en el estado es el hecho que el crimen organizado administra franjas importantes de la propia estructura gubernamental. Su arraigo dentro de las estructuras de gobierno y de la gesti\u00f3n p\u00fablicas y privadas es de tal magnitud que solamente un \u201cmaxi proceso\u201d al estilo italiano ser\u00eda capaz de limpiar el estado de los dominios criminales que lo infestan.<\/p>\n\n\n\n<p class=\"wp-block-paragraph\">Circulan en redes sociales datos que desmienten el deslinde que pretende la presidenta y Morena del pacto narco. Hay fotograf\u00edas y videos que muestran, por ejemplo, a Ren\u00e9 Bejarano y Dolores Padierna con la famosa t\u00eda de los Chapitos, hermana del Chapo Guzm\u00e1n, departiendo en una asamblea con sus partidarios.<\/p>\n\n\n\n<p class=\"wp-block-paragraph\">En otro video se les observa escuchando atentamente a la t\u00eda quien arenga a militantes del PT, donde agradece al jefe de la plaza del C\u00e1rtel de Sinaloa por proteger a los ciudadanos del municipio donde realizan el evento. As\u00ed, las redes sociales confirman que contin\u00faa la relaci\u00f3n de destacados militantes de Morena con los activos del C\u00e1rtel de Sinaloa.<\/p>\n\n\n\n<p class=\"wp-block-paragraph\">Ni Graciela Dom\u00ednguez ni Imelda Castro tienen la fuerza pol\u00edtica ni la impronta o necesidad de cambiar el sistema pol\u00edtico impuesto por Rocha, con el apoyo del ex presidente L\u00f3pez Obrador. El pacto sigue, desmejorado seguramente, pero sus signos vitales ah\u00ed est\u00e1n, como lo prueba la presencia militante de Bejarano y Padierna arropados por el C\u00e1rtel.<\/p>\n\n\n\n<p class=\"wp-block-paragraph\">La supuesta honestidad de la gobernadora impuesta y de la \u201ccandidata del pueblo\u201d es un dato que se sumerge, in\u00fatil y cuestionado, en el fango del pacto Morena-narco que no cesa. Y no cesa porque tambi\u00e9n tiene vida en otros estados donde, al igual que Sinaloa en 2021, eligieron a sus gobiernos con el mismo m\u00e9todo del pacto Morena-narco, con la consabida bendici\u00f3n presidencial.<\/p>\n\n\n\n<p class=\"wp-block-paragraph\">Guerrero, Quintana Roo, Michoac\u00e1n, Nayarit, Colima, Sonora, Zacatecas, Baja California, Baja California Sur, Tlaxcala, Campeche y San Luis Potos\u00ed fueron tocados, en mayor o menor grado, con ese \u201cmanto protector\u201d del narcotr\u00e1fico. El virus criminal tom\u00f3 fuerza y quiere continuar con el acuerdo tan fruct\u00edfero para sus intereses pues fortalece su arraigo y consolidaci\u00f3n. Adem\u00e1s, no est\u00e1 de acuerdo en cancelar el pacto ante las elecciones del 2027. \u00a1Qu\u00e9 siga el acuerdo! clama el crimen.<\/p>\n\n\n\n<p class=\"wp-block-paragraph\">La baja de los homicidios dolosos en el pa\u00eds es producto de un acuerdo temporal y negociado, entre gobierno y crimen organizado, con vigencia hasta en tanto culmine la negociaci\u00f3n entre Morena y c\u00e1rteles sobre el nombramiento de las candidaturas a las gubernaturas que falten. Despu\u00e9s de esas fechas, las hostilidades comenzar\u00e1n de nuevo.<\/p>\n\n\n\n<p class=\"wp-block-paragraph\">La realidad nos remite a un problema m\u00e1s profundo y preocupante. Lo que quiere el gobierno federal y Morena que creamos es que la gobernadora y la candidata est\u00e9n libres de toda asociaci\u00f3n con Rocha y sus pactos. Los sinaloenses saben perfectamente que esa narrativa es una mentira del gobierno federal y de Morena para encubrir sus yerros, porque ven que sigue operando el pacto Morena-narco que impuls\u00f3 AMLO en el 2021.<\/p>\n\n\n\n<p class=\"wp-block-paragraph\">La abierta penetraci\u00f3n del narcotr\u00e1fico en las esferas de gesti\u00f3n p\u00fablica ha cambiado la historia contempor\u00e1nea de M\u00e9xico. Para tratar de encubrir su pacto faustiano con el diablo, Morena se aboc\u00f3 a eliminar todos los cimientos institucionales del Estado democr\u00e1tico. Corrompi\u00f3 el sistema judicial, especialmente a la Suprema Corte de Justicia de la Naci\u00f3n, para que no cuestione la influencia del narcotr\u00e1fico en los asuntos del Estado mexicano.<\/p>\n\n\n\n<p class=\"wp-block-paragraph\">Pretende eliminar la alternancia electoral del poder, al colonizar y corromper al INE y al Tribunal Electoral del Poder Judicial de la Federaci\u00f3n. La eliminaci\u00f3n de los \u00f3rganos aut\u00f3nomos que&nbsp; proteg\u00edan el derecho ciudadano a la informaci\u00f3n y la rendici\u00f3n de cuentas, le permite imponer instrumentos de censura a la prensa y a la disidencia en general en el pa\u00eds.<\/p>\n\n\n\n<p class=\"wp-block-paragraph\">Cada ley y cada norma que imponga Morena de ahora y hasta las elecciones del 2027 le servir\u00e1n para limitar y mermar la capacidad de la oposici\u00f3n y de los ciudadanos por avanzar sus alternativas al modelo de gobernanza morenista.<\/p>\n\n\n\n<p class=\"wp-block-paragraph\">Todo ello cimentado en el pacto faustiano de Morena con el narcotr\u00e1fico. Al despertar, el pacto segu\u00eda ah\u00ed.<\/p>\n\n\n\n<p class=\"wp-block-paragraph\">POR RICARDO PASCOE PIERCE\/ HERALDO DE MEXICO<\/p>\n","protected":false},"excerpt":{"rendered":"<p>La segunda parte de la narrativa las deslinda de toda relaci\u00f3n pasado y presente con Rub\u00e9n Rocha Moya e, incluso, hace que hablen mal de \u00e9l y del senador Inzunza Morena ha puesto en operaci\u00f3n un intento desesperado por deslindarse de la alianza del ex gobernador&nbsp;Rocha Moya con el C\u00e1rtel de Sinaloa.&nbsp;El nombramiento de&nbsp;Graciela Dom\u00ednguez [&hellip;]<\/p>\n","protected":false},"author":2,"featured_media":149732,"comment_status":"open","ping_status":"open","sticky":false,"template":"","format":"standard","meta":{"footnotes":""},"categories":[63],"tags":[],"class_list":["post-149731","post","type-post","status-publish","format-standard","has-post-thumbnail","hentry","category-editorial"],"_links":{"self":[{"href":"http:\/\/elcuartopoder.com.mx\/nw\/wp-json\/wp\/v2\/posts\/149731","targetHints":{"allow":["GET"]}}],"collection":[{"href":"http:\/\/elcuartopoder.com.mx\/nw\/wp-json\/wp\/v2\/posts"}],"about":[{"href":"http:\/\/elcuartopoder.com.mx\/nw\/wp-json\/wp\/v2\/types\/post"}],"author":[{"embeddable":true,"href":"http:\/\/elcuartopoder.com.mx\/nw\/wp-json\/wp\/v2\/users\/2"}],"replies":[{"embeddable":true,"href":"http:\/\/elcuartopoder.com.mx\/nw\/wp-json\/wp\/v2\/comments?post=149731"}],"version-history":[{"count":1,"href":"http:\/\/elcuartopoder.com.mx\/nw\/wp-json\/wp\/v2\/posts\/149731\/revisions"}],"predecessor-version":[{"id":149733,"href":"http:\/\/elcuartopoder.com.mx\/nw\/wp-json\/wp\/v2\/posts\/149731\/revisions\/149733"}],"wp:featuredmedia":[{"embeddable":true,"href":"http:\/\/elcuartopoder.com.mx\/nw\/wp-json\/wp\/v2\/media\/149732"}],"wp:attachment":[{"href":"http:\/\/elcuartopoder.com.mx\/nw\/wp-json\/wp\/v2\/media?parent=149731"}],"wp:term":[{"taxonomy":"category","embeddable":true,"href":"http:\/\/elcuartopoder.com.mx\/nw\/wp-json\/wp\/v2\/categories?post=149731"},{"taxonomy":"post_tag","embeddable":true,"href":"http:\/\/elcuartopoder.com.mx\/nw\/wp-json\/wp\/v2\/tags?post=149731"}],"curies":[{"name":"wp","href":"https:\/\/api.w.org\/{rel}","templated":true}]}}